{"id":107181,"date":"2025-12-08T07:38:35","date_gmt":"2025-12-08T07:38:35","guid":{"rendered":"https:\/\/www.europesays.com\/no\/107181\/"},"modified":"2025-12-08T07:38:35","modified_gmt":"2025-12-08T07:38:35","slug":"stjordal-krim-over-100-pakker-stjalet-har-kontroll-pa-to-personer","status":"publish","type":"post","link":"https:\/\/www.europesays.com\/no\/107181\/","title":{"rendered":"Stj\u00f8rdal, Krim | Over 100 pakker stj\u00e5let \u2013 har kontroll p\u00e5 to personer"},"content":{"rendered":"\n<p><b>STJ\u00d8RDAL: <\/b>Et pakkedistribusjonsfirma ble utsatt for et relativt omfattende tyveri i Stj\u00f8rdal natt til mandag. <\/p>\n<p>\u2013 Patruljer har v\u00e6rt p\u00e5 stedet, og blant annet s\u00f8kt etter tyven med hund, uten funn. \u00c5stedsunders\u00f8kelse er foretatt, og sak opprettes, meldte politiets operasjonsleder Trond Hangaas mandag morgen.<\/p>\n<p>If\u00f8lge <a href=\"https:\/\/www.adressa.no\/nyheter\/trondelag\/i\/7plPbv\/mange-pakker-paa-avveie-kan-ramme-mange-i-verste-fall\" rel=\"Follow nofollow noopener\" target=\"_blank\">Adressa<\/a> skal det v\u00e6re snakk om over 100 pakker, som er sendt via Helt Hjem-systemet. <\/p>\n<p>I 8-tida opplyser politiet at de har v\u00e6rt inne p\u00e5 en adresse i Stj\u00f8rdal og funnet en hel del gods, som mistenktes \u00e5 v\u00e6re pakkene som ble stj\u00e5let natt til mandag.<\/p>\n<p>Patruljene tok kontroll p\u00e5 to personer, som ble innbragt. <\/p>\n<p>\u2013 Det er funnet store mengder formentlig tyvegods som det vil ta tid \u00e5 g\u00e5 igjennom. Forh\u00e5pentligvis er ogs\u00e5 de stj\u00e5lne pakkene i leiligheten slik at de kan tilbakeleveres riktig eier raskt, sier operasjonsleder Trond Volden i en oppdatering.<\/p>\n","protected":false},"excerpt":{"rendered":"STJ\u00d8RDAL: Et pakkedistribusjonsfirma ble utsatt for et relativt omfattende tyveri i Stj\u00f8rdal natt til mandag. \u2013 Patruljer har&hellip;\n","protected":false},"author":2,"featured_media":3842,"comment_status":"","ping_status":"","sticky":false,"template":"","format":"standard","meta":{"footnotes":""},"categories":[5],"tags":[36,20,21,24,25,15,19,983,22,23,17,18,13,30,28,29,14,16,756,1510,26,27,941],"class_list":{"0":"post-107181","1":"post","2":"type-post","3":"status-publish","4":"format-standard","5":"has-post-thumbnail","7":"category-overskrifter","8":"tag-art","9":"tag-breaking-news","10":"tag-breakingnews","11":"tag-featured-news","12":"tag-featurednews","13":"tag-headlines","14":"tag-hovedoppslag","15":"tag-krim","16":"tag-latest-news","17":"tag-latestnews","18":"tag-main-news","19":"tag-mainnews","20":"tag-news","21":"tag-no","22":"tag-norge","23":"tag-norway","24":"tag-nyheter","25":"tag-overskrifter","26":"tag-stjordal","27":"tag-story","28":"tag-top-stories","29":"tag-topstories","30":"tag-ulykker-og-hendelser"},"share_on_mastodon":{"url":"https:\/\/pubeurope.com\/@no\/115682810566862963","error":""},"_links":{"self":[{"href":"https:\/\/www.europesays.com\/no\/wp-json\/wp\/v2\/posts\/107181","targetHints":{"allow":["GET"]}}],"collection":[{"href":"https:\/\/www.europesays.com\/no\/wp-json\/wp\/v2\/posts"}],"about":[{"href":"https:\/\/www.europesays.com\/no\/wp-json\/wp\/v2\/types\/post"}],"author":[{"embeddable":true,"href":"https:\/\/www.europesays.com\/no\/wp-json\/wp\/v2\/users\/2"}],"replies":[{"embeddable":true,"href":"https:\/\/www.europesays.com\/no\/wp-json\/wp\/v2\/comments?post=107181"}],"version-history":[{"count":0,"href":"https:\/\/www.europesays.com\/no\/wp-json\/wp\/v2\/posts\/107181\/revisions"}],"wp:featuredmedia":[{"embeddable":true,"href":"https:\/\/www.europesays.com\/no\/wp-json\/wp\/v2\/media\/3842"}],"wp:attachment":[{"href":"https:\/\/www.europesays.com\/no\/wp-json\/wp\/v2\/media?parent=107181"}],"wp:term":[{"taxonomy":"category","embeddable":true,"href":"https:\/\/www.europesays.com\/no\/wp-json\/wp\/v2\/categories?post=107181"},{"taxonomy":"post_tag","embeddable":true,"href":"https:\/\/www.europesays.com\/no\/wp-json\/wp\/v2\/tags?post=107181"}],"curies":[{"name":"wp","href":"https:\/\/api.w.org\/{rel}","templated":true}]}}