{"id":107184,"date":"2025-12-08T07:44:55","date_gmt":"2025-12-08T07:44:55","guid":{"rendered":"https:\/\/www.europesays.com\/no\/107184\/"},"modified":"2025-12-08T07:44:55","modified_gmt":"2025-12-08T07:44:55","slug":"royken-ulykker-og-hendelser-brann-i-enebolig-sto-flammer-opp-av-taket","status":"publish","type":"post","link":"https:\/\/www.europesays.com\/no\/107184\/","title":{"rendered":"R\u00f8yken, Ulykker og hendelser | Brann i enebolig: \u2013 Sto flammer opp av taket"},"content":{"rendered":"\n<p>N\u00f8detatene rykket ut til Midtbygda i R\u00f8yken s\u00f8ndag formiddag etter melding om en brann i en enebolig.<\/p>\n<p>\u2013 Det var r\u00f8ykfylt da vi kom, og det sto flammer opp av taket, opplyser innsatsleder i brannvesenet, Erlend Systad.<\/p>\n<p>   <img decoding=\"async\" width=\"5712\" height=\"4284\" fetchpriority=\"low\"  loading=\"lazy\"  src=\"https:\/\/www.europesays.com\/no\/wp-content\/uploads\/2025\/12\/Image_20251207_135347_113.jpeg\" alt=\"\" class=\"brick-c-cFOWSL\" style=\"--brick-image-ratio: 5712 \/ 4284;\"\/><\/p>\n<p>      Innsatsleder Erlend Systad i brannvesenet.<br \/>\n      Foto: ADRIAN SOLLUND\n    <\/p>\n<p>Brannvesenet fikk melding om brannen kl. 12.47 av vitner.<\/p>\n<p>\u2013 Det var forbipasserende som meldte om dette til oss. Det var observert b\u00e5de flammer og r\u00f8yk, opplyser vaktkommand\u00f8r Glenn Gulbrandsen hos 110-sentralen.<\/p>\n<p>Det er forel\u00f8pig usikkert hva som har for\u00e5rsaket brannen, men en teori er at det har startet i en bod eller et vaskerom.<\/p>\n<p>Store styrker<\/p>\n<p>Brannvesenet rykket ut med store styrker, og det er syv biler p\u00e5 stedet. De har kommet fra Bekkestua, Asker, R\u00f8yken og Drammen.<\/p>\n<p>\u2013 Slukkingsarbeidet er godt i gang, og det er i hovedsak etterslukking vi driver med n\u00e5, sier Gulbrandsen.<\/p>\n<p>   <img decoding=\"async\" width=\"4032\" height=\"3024\" fetchpriority=\"low\"  loading=\"lazy\"  src=\"https:\/\/www.europesays.com\/no\/wp-content\/uploads\/2025\/12\/Image_20251207_134944_607.jpeg\" alt=\"\" class=\"brick-c-cFOWSL\" style=\"--brick-image-ratio: 4032 \/ 3024;\"\/><\/p>\n<p>      Brannvesenet jobbet med etterslukking.<br \/>\n      Foto: ADRIAN SOLLUND\n    <\/p>\n<p>\u2013 Det er r\u00f8ykskader i hele huset, sier innsatsleder Systad.<\/p>\n<p>Det var ikke fare for spredning til andre boliger, og ingen personer skal ha befunnet seg i boligen da brannen startet.<\/p>\n<p>Kort tid etter at politiet meldte om hendelsen, kom de med en advarsel.<\/p>\n<p>\u2013 N\u00e6rliggende boliger b\u00f8r holde vinduene lukket, melder politiet.<\/p>\n<p>\u2013 B\u00f8r beboere i omr\u00e5det fortsatt holde vinduer lukket?<\/p>\n<p>\u2013 Ja. Ingen b\u00f8r f\u00e5 i seg r\u00f8yk, s\u00e5 dersom du lukter r\u00f8yk, s\u00e5 b\u00f8r du lukke vinduene, sier Gulbrandsen.<\/p>\n<p>Politiet opplyser kl. 14.26 at de vil etterforske saken for \u00e5 finne \u00e5rsaken til brannen.<\/p>\n<p>  <a href=\"https:\/\/www.budstikka.no\/5-55-2157712\" class=\"related-teaser default-story-teaser article--c-eRUmMG article--c-eRUmMG-jKCPdD-design-default article--c-eRUmMG-kpKLOW-cv\" rel=\"nofollow noopener\" target=\"_blank\"><\/p>\n<p>\n            Les ogs\u00e5<\/p>\n<p>              Rykket ut til brann i s\u00f8ppelcontainer\n        <\/p>\n<p>  <\/a><\/p>\n<p>  <a href=\"https:\/\/www.budstikka.no\/5-55-2157661\" class=\"related-teaser default-story-teaser article--c-eRUmMG article--c-eRUmMG-jKCPdD-design-default article--c-eRUmMG-kpKLOW-cv\" rel=\"nofollow noopener\" target=\"_blank\"><\/p>\n<p>\n            Les ogs\u00e5<\/p>\n<p>              Rykket ut til pipebrann\n        <\/p>\n<p>  <\/a><\/p>\n","protected":false},"excerpt":{"rendered":"N\u00f8detatene rykket ut til Midtbygda i R\u00f8yken s\u00f8ndag formiddag etter melding om en brann i en enebolig. \u2013&hellip;\n","protected":false},"author":2,"featured_media":107185,"comment_status":"","ping_status":"","sticky":false,"template":"","format":"standard","meta":{"footnotes":""},"categories":[10],"tags":[36,367,20,21,24,25,15,22,23,13,30,28,29,14,16,13340,1510,26,27,941],"class_list":{"0":"post-107184","1":"post","2":"type-post","3":"status-publish","4":"format-standard","5":"has-post-thumbnail","7":"category-norge","8":"tag-art","9":"tag-brann","10":"tag-breaking-news","11":"tag-breakingnews","12":"tag-featured-news","13":"tag-featurednews","14":"tag-headlines","15":"tag-latest-news","16":"tag-latestnews","17":"tag-news","18":"tag-no","19":"tag-norge","20":"tag-norway","21":"tag-nyheter","22":"tag-overskrifter","23":"tag-royken","24":"tag-story","25":"tag-top-stories","26":"tag-topstories","27":"tag-ulykker-og-hendelser"},"share_on_mastodon":{"url":"https:\/\/pubeurope.com\/@no\/115682838198450119","error":""},"_links":{"self":[{"href":"https:\/\/www.europesays.com\/no\/wp-json\/wp\/v2\/posts\/107184","targetHints":{"allow":["GET"]}}],"collection":[{"href":"https:\/\/www.europesays.com\/no\/wp-json\/wp\/v2\/posts"}],"about":[{"href":"https:\/\/www.europesays.com\/no\/wp-json\/wp\/v2\/types\/post"}],"author":[{"embeddable":true,"href":"https:\/\/www.europesays.com\/no\/wp-json\/wp\/v2\/users\/2"}],"replies":[{"embeddable":true,"href":"https:\/\/www.europesays.com\/no\/wp-json\/wp\/v2\/comments?post=107184"}],"version-history":[{"count":0,"href":"https:\/\/www.europesays.com\/no\/wp-json\/wp\/v2\/posts\/107184\/revisions"}],"wp:featuredmedia":[{"embeddable":true,"href":"https:\/\/www.europesays.com\/no\/wp-json\/wp\/v2\/media\/107185"}],"wp:attachment":[{"href":"https:\/\/www.europesays.com\/no\/wp-json\/wp\/v2\/media?parent=107184"}],"wp:term":[{"taxonomy":"category","embeddable":true,"href":"https:\/\/www.europesays.com\/no\/wp-json\/wp\/v2\/categories?post=107184"},{"taxonomy":"post_tag","embeddable":true,"href":"https:\/\/www.europesays.com\/no\/wp-json\/wp\/v2\/tags?post=107184"}],"curies":[{"name":"wp","href":"https:\/\/api.w.org\/{rel}","templated":true}]}}