{"id":107196,"date":"2025-12-08T08:12:10","date_gmt":"2025-12-08T08:12:10","guid":{"rendered":"https:\/\/www.europesays.com\/no\/107196\/"},"modified":"2025-12-08T08:12:10","modified_gmt":"2025-12-08T08:12:10","slug":"brasil-vil-mote-norge-vart-forstevalg","status":"publish","type":"post","link":"https:\/\/www.europesays.com\/no\/107196\/","title":{"rendered":"Brasil vil m\u00f8te Norge: \u2013 V\u00e5rt f\u00f8rstevalg"},"content":{"rendered":"\n<p class=\"_lead_o9xde_2 _lead_xtcu6_50 layout-component text-serif-m layout-normal text-serif-l layout-component layout-wide layout-padded _wide_17hqh_1 layout-padded\">Sportsdirekt\u00f8ren til det brasilianske fotballandslaget avsl\u00f8rer at Brasil forhandler om en treningskamp mot Norge som generalpr\u00f8ve til VM neste sommer.<\/p>\n<ul class=\"_gallery_1qa3s_23\" tabindex=\"0\">\n<li class=\"_item_1qa3s_37\" data-index=\"0\"><img fetchpriority=\"high\" decoding=\"async\" class=\"_image_foru8_23 _introGallery_foru8_43\" data-fullscreen- width=\"3081\" height=\"2034\" itemprop=\"image\" loading=\"eager\"  src=\"https:\/\/www.europesays.com\/no\/wp-content\/uploads\/2025\/12\/096cc8b6-6c62-4da0-8e0f-6830ed259749\"  style=\"object-position:50% 50%;aspect-ratio:var(--gallery-aspect-ratio, 16 \/ 9)\"\/>Norges kan m\u00f8te Brasil i en oppkj\u00f8ringskamp til sommerens VM. Her fra da Kjetil Rekdal senket Brasil i VM i 1998.  Foto: Erik Johansen \/ NTB<\/li>\n<li class=\"_item_1qa3s_37\" data-index=\"1\"><img decoding=\"async\" class=\"_image_foru8_23 _introGallery_foru8_43\" data-fullscreen- width=\"6191\" height=\"4127\" itemprop=\"image\" loading=\"lazy\"  src=\"https:\/\/www.europesays.com\/no\/wp-content\/uploads\/2025\/12\/c817e372-6040-4e08-b8f2-d9557afe8562\"  style=\"object-position:50% 50%;aspect-ratio:var(--gallery-aspect-ratio, 16 \/ 9)\"\/>Vinicius Junior, Bruno Guimaraes og de andre brasilianske stjernene kan m\u00f8te Norge i VM-oppkj\u00f8ringen.  Foto: Andre Penner \/ AP \/ NTB<\/li>\n<li class=\"_item_1qa3s_37\" data-index=\"2\"><img decoding=\"async\" class=\"_image_foru8_23 _introGallery_foru8_43\" data-fullscreen- width=\"3547\" height=\"2365\" itemprop=\"image\" loading=\"lazy\"  src=\"https:\/\/www.europesays.com\/no\/wp-content\/uploads\/2025\/12\/de5026ad-a7c8-415e-9b83-ef1c211622fc\"  style=\"object-position:50% 50%;aspect-ratio:var(--gallery-aspect-ratio, 16 \/ 9)\"\/>Erling Braut Haaland blir en av VMs st\u00f8rste profiler. Brasil \u00f8nsker \u00e5 m\u00e5le krefter mot ham og Norge foran mesterskapet.  Foto: Fredrik Varfjell \/ NTB<\/li>\n<\/ul>\n<p>Norges kan m\u00f8te Brasil i en oppkj\u00f8ringskamp til sommerens VM. Her fra da Kjetil Rekdal senket Brasil i VM i 1998.  Foto: Erik Johansen \/ NTB<\/p>\n<ul aria-hidden=\"true\" class=\"_images_ntbth_112\">\n<li><a class=\"_link_ntbth_117\" href=\"https:\/\/www.vg.no\/forfatter\/ntb\" style=\"z-index:1\" title=\"NTB\" rel=\"nofollow noopener\" target=\"_blank\"><img alt=\"Bilde av NTB\" class=\"_image_ntbth_93\" fetchpriority=\"low\" loading=\"lazy\" decoding=\"async\" itemprop=\"image\"  src=\"https:\/\/www.europesays.com\/no\/wp-content\/uploads\/2025\/12\/1765181530_216_c33980b0-5d07-4027-84a1-813f90a7c8d6\"  width=\"480\"\/><\/a><\/li>\n<\/ul>\n<p> Oppdatert mandag 8. desember kl. 09:09     <\/p>\n<p class=\"_paragraph_o9xde_4 _paragraph_xtcu6_10 layout-component text-serif-m layout-normal text-serif-m layout-padded\">Brasil \u00f8nsker \u00e5 m\u00e5le krefter mot Erling Braut Haaland og co. like f\u00f8r VM.<\/p>\n<p class=\"_paragraph_o9xde_4 _paragraph_xtcu6_10 layout-component text-serif-m layout-normal text-serif-m layout-padded\">I et <a href=\"https:\/\/www.youtube.com\/shorts\/QTSU2rguZTU\" class=\"_link_o9xde_39\" rel=\"nofollow noopener\" target=\"_blank\">videointervju<\/a> med ESPN Brasil forteller sportsdirekt\u00f8r Rodrigo Caetano at det p\u00e5g\u00e5r forhandlinger om \u00e5 f\u00e5 p\u00e5 plass en treningskamp mot Norge, som en siste test f\u00f8r mesterskapet i USA, Canada og Mexico settes i gang.<\/p>\n<p class=\"_paragraph_o9xde_4 _paragraph_xtcu6_10 layout-component text-serif-m layout-normal text-serif-m layout-padded\">\u2013 Vi forhandler fortsatt om den siste oppkj\u00f8ringskampen. Vi har selvf\u00f8lgelig en preferanse. Det krever fortsatt forhandlinger, men v\u00e5rt f\u00f8rstevalg er Norges landslag, som er et sterkt lag akkurat n\u00e5, sier Caetano.<\/p>\n<p class=\"_paragraph_o9xde_4 _paragraph_xtcu6_10 layout-component text-serif-m layout-normal text-serif-m layout-padded\">Sportsdirekt\u00f8ren tar seg ogs\u00e5 tid til \u00e5 rose det norske laget.<\/p>\n<p class=\"_paragraph_o9xde_4 _paragraph_xtcu6_10 layout-component text-serif-m layout-normal text-serif-m layout-padded\">\u2013 Jeg tror ogs\u00e5 at de kommer til \u00e5 gj\u00f8re et veldig godt VM, s\u00e5 denne siste treningskampen ville v\u00e6rt en god og krevende test for oss.<\/p>\n<p>   Ubeseiret<\/p>\n<p class=\"_paragraph_o9xde_4 _paragraph_xtcu6_10 layout-component text-serif-m layout-normal text-serif-m layout-padded\">Norge er den eneste nasjonen Brasil har m\u00f8tt, som de ikke har sl\u00e5tt.<\/p>\n<p class=\"_paragraph_o9xde_4 _paragraph_xtcu6_10 layout-component text-serif-m layout-normal text-serif-m layout-padded\">Totalt har Norge spilt mot Brasil fire ganger. Det f\u00f8rste oppgj\u00f8ret mellom landslagene kom i en treningskamp i 1988 som endte 1-1. I 1997 vant Norge 4-2 p\u00e5 Ullevaal stadion, ett \u00e5r f\u00f8r lagene m\u00f8ttes igjen i VM i 1998.<\/p>\n<p class=\"_paragraph_o9xde_4 _paragraph_xtcu6_10 layout-component text-serif-m layout-normal text-serif-m layout-padded\">Da vant som kjent Norge 2-1 og tok seg videre til utslagsrundene i sluttspillet, der Norges hittil siste VM-kamp endte med 0-1-tap for Italia i \u00e5ttedelsfinalen.<\/p>\n<p class=\"_paragraph_o9xde_4 _paragraph_xtcu6_10 layout-component text-serif-m layout-normal text-serif-m layout-padded\">I 2006 spilte Norge mot Brasil i nok en treningskamp. Det endte som det f\u00f8rste oppgj\u00f8ret mellom nasjonene, med 1-1.<\/p>\n<p class=\"_paragraph_o9xde_4 _paragraph_xtcu6_10 layout-component text-serif-m layout-normal text-serif-m layout-padded\"><strong class=\"_strong_o9xde_25\">Har du VM-feber?<a href=\"https:\/\/vglive.vg.no\/profeten\/season\/102\/kamper\" class=\"_link_o9xde_39\" rel=\"nofollow noopener\" target=\"_blank\"> Sett opp dine tips til alle kamper med VM-profeten allerede i dag!<\/a><\/strong><a href=\"https:\/\/vglive.vg.no\/profeten\/season\/102\/kamper\" class=\"_link_o9xde_39\" rel=\"nofollow noopener\" target=\"_blank\"> <\/a><\/p>\n<p>T\u00f8ff gruppe<\/p>\n<p class=\"_paragraph_o9xde_4 _paragraph_xtcu6_10 layout-component text-serif-m layout-normal text-serif-m layout-padded\">Inntil nylig hadde ogs\u00e5 Senegal \u00e6ren av \u00e5 aldri ha blitt sl\u00e5tt av Brasil, men i november vant brasilianerne 2-0 i en treningskamp i England.<\/p>\n<p class=\"_paragraph_o9xde_4 _paragraph_xtcu6_10 layout-component text-serif-m layout-normal text-serif-m layout-padded\">Senegal er ett av tre lag Norge skal m\u00f8te i gruppespillet i VM. Stormakten Frankrike venter i siste gruppespillskamp for Norge, mens motstanderen i \u00e5pningskampen blir enten Bolivia, Surinam eller Irak.<\/p>\n<p class=\"_paragraph_o9xde_4 _paragraph_xtcu6_10 layout-component text-serif-m layout-normal text-serif-m layout-padded\">Hvem det blir avgj\u00f8res i omspillet i VM-kvalifiseringen i mars.<\/p>\n<p class=\"_paragraph_o9xde_4 _paragraph_xtcu6_10 layout-component text-serif-m layout-normal text-serif-m layout-padded\">Brasil har havnet i gruppe med Marokko, Skottland og Haiti. Erstatter man Haiti med Norge f\u00e5r man eksakt samme gruppe som sist Norge var i VM i 1998.<\/p>\n","protected":false},"excerpt":{"rendered":"Sportsdirekt\u00f8ren til det brasilianske fotballandslaget avsl\u00f8rer at Brasil forhandler om en treningskamp mot Norge som generalpr\u00f8ve til VM&hellip;\n","protected":false},"author":2,"featured_media":107197,"comment_status":"","ping_status":"","sticky":false,"template":"","format":"standard","meta":{"footnotes":""},"categories":[59],"tags":[3780,810,92,3163,30,28,29,83,82],"class_list":{"0":"post-107196","1":"post","2":"type-post","3":"status-publish","4":"format-standard","5":"has-post-thumbnail","7":"category-sport","8":"tag-brasil","9":"tag-erling-braut-haaland","10":"tag-fotball","11":"tag-herrelandslaget-fotball","12":"tag-no","13":"tag-norge","14":"tag-norway","15":"tag-sport","16":"tag-sports"},"share_on_mastodon":{"url":"https:\/\/pubeurope.com\/@no\/115682944344396658","error":""},"_links":{"self":[{"href":"https:\/\/www.europesays.com\/no\/wp-json\/wp\/v2\/posts\/107196","targetHints":{"allow":["GET"]}}],"collection":[{"href":"https:\/\/www.europesays.com\/no\/wp-json\/wp\/v2\/posts"}],"about":[{"href":"https:\/\/www.europesays.com\/no\/wp-json\/wp\/v2\/types\/post"}],"author":[{"embeddable":true,"href":"https:\/\/www.europesays.com\/no\/wp-json\/wp\/v2\/users\/2"}],"replies":[{"embeddable":true,"href":"https:\/\/www.europesays.com\/no\/wp-json\/wp\/v2\/comments?post=107196"}],"version-history":[{"count":0,"href":"https:\/\/www.europesays.com\/no\/wp-json\/wp\/v2\/posts\/107196\/revisions"}],"wp:featuredmedia":[{"embeddable":true,"href":"https:\/\/www.europesays.com\/no\/wp-json\/wp\/v2\/media\/107197"}],"wp:attachment":[{"href":"https:\/\/www.europesays.com\/no\/wp-json\/wp\/v2\/media?parent=107196"}],"wp:term":[{"taxonomy":"category","embeddable":true,"href":"https:\/\/www.europesays.com\/no\/wp-json\/wp\/v2\/categories?post=107196"},{"taxonomy":"post_tag","embeddable":true,"href":"https:\/\/www.europesays.com\/no\/wp-json\/wp\/v2\/tags?post=107196"}],"curies":[{"name":"wp","href":"https:\/\/api.w.org\/{rel}","templated":true}]}}