{"id":107200,"date":"2025-12-08T08:20:08","date_gmt":"2025-12-08T08:20:08","guid":{"rendered":"https:\/\/www.europesays.com\/no\/107200\/"},"modified":"2025-12-08T08:20:08","modified_gmt":"2025-12-08T08:20:08","slug":"langrenn-russland-russer-i-storform-flys-inn-ekstremt-bra","status":"publish","type":"post","link":"https:\/\/www.europesays.com\/no\/107200\/","title":{"rendered":"Langrenn, Russland | Russer i storform flys inn: \u2013 Ekstremt bra"},"content":{"rendered":"\n<p>Ingen russiske langrennsl\u00f8pere har forel\u00f8pig f\u00e5tt godkjent FIS-s\u00f8knad om status som \u00abn\u00f8ytral ut\u00f8ver\u00bb, for \u00e5 kunne konkurrere i verdenscupen.<\/p>\n<p>Det er imidlertid sannsynlig at Savelij Korostelev innfrir kravene og blir det f\u00f8rste som slippes inn igjen i det gode selskap.<\/p>\n<p>I helgen spurtslo han Aleksandr Bolsjunov og vant russernes 20 kilometer fellesstart i Tjumen.<\/p>\n<p>\u2013 Flyr rett til Davos<\/p>\n<p>Etterp\u00e5 uttalte den russiske skipresidenten Jelena V\u00e4lbe til Match TV at Korestelev flyr rett til Davos, med h\u00e5p om \u00e5 delta i verdenscupen kommende helg.<\/p>\n<p>\u2013 Vi forst\u00e5r at inviterte skil\u00f8pere trenger visum og ikke alle har det, men det er noen ut\u00f8vere som har det. Jeg kan si at Savelij Korostelev vil fly rett til Davos fra Tjumen, sier V\u00e4lbe.<\/p>\n<p>Et uavhengig panel vurderer s\u00f8knadene til FIS om \u00e5 f\u00e5 delta i verdenscupen som n\u00f8ytrale ut\u00f8vere. <\/p>\n<p>Det er ventet at de f\u00f8rste svarene kommer i l\u00f8pet av denne uken, og det er knyttet stor spenning til hvilket niv\u00e5 de beste russiske ut\u00f8verne n\u00e5 holder.<\/p>\n<p>\u2013 Lurte p\u00e5 hva de hadde spist til frokost<\/p>\n<p>Den svenske langrennennsl\u00f8peren Edvin Anger husker Korostelev godt fra junior-VM p\u00e5 Lugna i 2022, der russeren tok to gull og ett s\u00f8lv.<\/p>\n<p>\u2013 Han var bra. Veldig bra. Jeg fikk grisejuling av ham. Jeg gikk riktignok veldig d\u00e5rlig, men det var faktisk ekstremt hvor bra han var, sier Anger til <a href=\"https:\/\/www.expressen.se\/sport\/langdskidor\/nya-beskedet-stjarnan-flygs-in-till-varldscupen\/\" rel=\"Follow nofollow noopener\" target=\"_blank\">Expressen<\/a>.<\/p>\n<p>\u2013 Alle p\u00e5 juniorlandslaget lurte p\u00e5 hva de der hadde spist til frokost. De var jo flere minutter raskere enn oss. Og det var ikke bare Korostelev. Det var tre stykker som var helt vilt bra, sier Anger.<\/p>\n<p>Russerne som \u00f8nsker \u00e5 delta i verdenscupen m\u00e5 oppfylle tre kravfor \u00e5 v\u00e6re aktuelle.<\/p>\n<p>1. Ingen frivillig forbindelse med det russiske eller belarusiske milit\u00e6ret eller med noen annen nasjonal sikkerhetsorganisasjon.<\/p>\n<p>2. Ingen kommunikasjon knyttet til Russland eller Belarus.<\/p>\n<p>3. Ingen st\u00f8tte til krigen i Ukraina.<\/p>\n","protected":false},"excerpt":{"rendered":"Ingen russiske langrennsl\u00f8pere har forel\u00f8pig f\u00e5tt godkjent FIS-s\u00f8knad om status som \u00abn\u00f8ytral ut\u00f8ver\u00bb, for \u00e5 kunne konkurrere i&hellip;\n","protected":false},"author":2,"featured_media":107201,"comment_status":"","ping_status":"","sticky":false,"template":"","format":"standard","meta":{"footnotes":""},"categories":[59],"tags":[30,28,29,83,82],"class_list":{"0":"post-107200","1":"post","2":"type-post","3":"status-publish","4":"format-standard","5":"has-post-thumbnail","7":"category-sport","8":"tag-no","9":"tag-norge","10":"tag-norway","11":"tag-sport","12":"tag-sports"},"share_on_mastodon":{"url":"https:\/\/pubeurope.com\/@no\/115682975612400472","error":""},"_links":{"self":[{"href":"https:\/\/www.europesays.com\/no\/wp-json\/wp\/v2\/posts\/107200","targetHints":{"allow":["GET"]}}],"collection":[{"href":"https:\/\/www.europesays.com\/no\/wp-json\/wp\/v2\/posts"}],"about":[{"href":"https:\/\/www.europesays.com\/no\/wp-json\/wp\/v2\/types\/post"}],"author":[{"embeddable":true,"href":"https:\/\/www.europesays.com\/no\/wp-json\/wp\/v2\/users\/2"}],"replies":[{"embeddable":true,"href":"https:\/\/www.europesays.com\/no\/wp-json\/wp\/v2\/comments?post=107200"}],"version-history":[{"count":0,"href":"https:\/\/www.europesays.com\/no\/wp-json\/wp\/v2\/posts\/107200\/revisions"}],"wp:featuredmedia":[{"embeddable":true,"href":"https:\/\/www.europesays.com\/no\/wp-json\/wp\/v2\/media\/107201"}],"wp:attachment":[{"href":"https:\/\/www.europesays.com\/no\/wp-json\/wp\/v2\/media?parent=107200"}],"wp:term":[{"taxonomy":"category","embeddable":true,"href":"https:\/\/www.europesays.com\/no\/wp-json\/wp\/v2\/categories?post=107200"},{"taxonomy":"post_tag","embeddable":true,"href":"https:\/\/www.europesays.com\/no\/wp-json\/wp\/v2\/tags?post=107200"}],"curies":[{"name":"wp","href":"https:\/\/api.w.org\/{rel}","templated":true}]}}