{"id":107204,"date":"2025-12-08T08:25:12","date_gmt":"2025-12-08T08:25:12","guid":{"rendered":"https:\/\/www.europesays.com\/no\/107204\/"},"modified":"2025-12-08T08:25:12","modified_gmt":"2025-12-08T08:25:12","slug":"bussbrannen-i-enebakk-15-aringen-loslatt-fra-varetekt","status":"publish","type":"post","link":"https:\/\/www.europesays.com\/no\/107204\/","title":{"rendered":"Bussbrannen i Enebakk: 15-\u00e5ringen l\u00f8slatt fra varetekt"},"content":{"rendered":"\n<p class=\"_lead_o9xde_2 _lead_xtcu6_50 layout-component text-serif-m layout-normal text-serif-l layout-component layout-wide layout-padded _wide_17hqh_1 layout-padded\">L\u00f8rdag 5. juli ble en person drept og to personer hardt skadet i en bussbrann i Enebakk. Den siktede er n\u00e5 l\u00f8slatt fra politiets varetekt og blir fortsatt oppfulgt av barnevernet. <\/p>\n<p><img alt=\"BRANT: Det var denne bussen som brant i Follo.  Foto: Tore Kristiansen \/ VG\" class=\"_image_qp4xg_65 layout-component layout-wide\" data-fullscreen- data-track-element-type=\"Article image fullscreen\" data-track-name=\"ImageFullscreen\" fetchpriority=\"high\" decoding=\"sync\" loading=\"eager\" height=\"4000\" itemprop=\"image\"  src=\"https:\/\/www.europesays.com\/no\/wp-content\/uploads\/2025\/12\/c5f0c071-03b8-4f1f-b098-669ca26ddd8b\"  style=\"object-position:0% 0%\" width=\"6000\"\/>BRANT: Det var denne bussen som brant i Follo.  Foto: Tore Kristiansen \/ VG<\/p>\n<ul aria-hidden=\"true\" class=\"_images_ntbth_112\">\n<li><a class=\"_link_ntbth_117\" href=\"https:\/\/www.vg.no\/forfatter\/elise-kvien\" style=\"z-index:2\" title=\"Elise Kvien\" rel=\"nofollow noopener\" target=\"_blank\"><img alt=\"Bilde av Elise Kvien\" class=\"_image_ntbth_93\" fetchpriority=\"low\" loading=\"lazy\" decoding=\"async\" itemprop=\"image\"  src=\"https:\/\/www.europesays.com\/no\/wp-content\/uploads\/2025\/12\/e9d71b6f-2a15-4dd1-85be-ea8fb873046c\"  width=\"480\"\/><\/a><\/li>\n<li><a class=\"_link_ntbth_117\" href=\"https:\/\/www.vg.no\/forfatter\/hedda-kurseth\" style=\"z-index:1\" title=\"Hedda Kurseth\" rel=\"nofollow noopener\" target=\"_blank\"><img alt=\"Bilde av Hedda Kurseth\" class=\"_image_ntbth_93\" fetchpriority=\"low\" loading=\"lazy\" decoding=\"async\" itemprop=\"image\"  src=\"https:\/\/www.europesays.com\/no\/wp-content\/uploads\/2025\/12\/1765182309_703_b6ad06ce-2f4e-4492-9dd9-7cfbdae81f6d\"  width=\"480\"\/><\/a><\/li>\n<\/ul>\n<p> Oppdatert mandag 8. desember kl. 09:24     <\/p>\n<p class=\"_paragraph_o9xde_4 _paragraph_xtcu6_10 layout-component text-serif-m layout-normal text-serif-m layout-padded\">En 15 \u00e5r gammel gutt ble varetektsfengslet 6. juli, siktet for grov fremkalling av fare for allmennheten. <\/p>\n<p class=\"_paragraph_o9xde_4 _paragraph_xtcu6_10 layout-component text-serif-m layout-normal text-serif-m layout-padded\">Han ble overf\u00f8rt til varetekt med elektronisk kontroll i kombinasjon med tiltak fra barnevernet fra 1. september 2025. Underveis i etterforskningen har siktelsen blitt utvidet til \u00e5 omfatte enkelte andre straffbare forhold, slik som grovt skadeverk, skadeverk, brukstyveri av motorvogn, kj\u00f8ring uten gyldig f\u00f8rerkort, vold og trusler mot offentlig tjenestemann og oppbevaring av narkotika.<\/p>\n<p class=\"_paragraph_o9xde_4 _paragraph_xtcu6_10 layout-component text-serif-m layout-normal text-serif-m layout-padded\"><strong class=\"_strong_o9xde_25\">\u2013 Riksadvokaten har n\u00e5 konkludert i p\u00e5talesp\u00f8rsm\u00e5let knyttet til bussbrannen og besluttet at siktede skal tiltales for uaktsom grov fremkalling av fare for allmennheten. <\/strong><\/p>\n<p><img alt=\"Politiet gjorde unders\u00f8kelser i etterkant av bussbrannen.   Foto: Tore Kristiansen \/ VG\" class=\"_image_qp4xg_65 layout-component layout-normal\" data-fullscreen- data-track-element-type=\"Article image fullscreen\" data-track-name=\"ImageFullscreen\" decoding=\"async\" loading=\"lazy\" height=\"3438\" itemprop=\"image\"  src=\"https:\/\/www.europesays.com\/no\/wp-content\/uploads\/2025\/12\/9c00cb42-b2fe-4703-a99e-6a4fc981e957\"  style=\"object-position:0% 0%\" width=\"4436\"\/>Politiet gjorde unders\u00f8kelser i etterkant av bussbrannen.   Foto: Tore Kristiansen \/ VG<\/p>\n<ul class=\"_list_o9xde_3 _list_xtcu6_9 _unordered_o9xde_106 layout-component text-serif-m layout-normal text-serif-m layout-padded\">\n<li class=\"_item_o9xde_30\"><strong class=\"_strong_o9xde_25\">Les ogs\u00e5: <a href=\"https:\/\/www.vg.no\/nyheter\/i\/VzA15r\/minnes-faiza-75-etter-bussbrannen-vaar-stoerste-stoette\" data-track-element-type=\"Link\" data-track-id=\"link:VzA15r\" class=\"_link_o9xde_39\" rel=\"nofollow noopener\" target=\"_blank\">Minnes Fazia (75) etter bussbrannen: \u2013\u2060 V\u00e5r st\u00f8rste st\u00f8tte<\/a><\/strong><\/li>\n<\/ul>\n<p class=\"_paragraph_o9xde_4 _paragraph_xtcu6_10 layout-component text-serif-m layout-normal text-serif-m layout-padded\">If\u00f8lge p\u00e5taleansvarlig Anders Svarholt er det bare p\u00e5talevedtaket som er klart og ikke hele tiltalen. <\/p>\n<p class=\"_paragraph_o9xde_4 _paragraph_xtcu6_10 layout-component text-serif-m layout-normal text-serif-m layout-padded\">Statsadvokaten har inntil videre ikke tatt stilling til \u00f8vrige deler av siktelsen, men det forventes en samlet tiltale i saken i l\u00f8pet av kort tid, skriver politiet i en pressemelding mandag.<\/p>\n<p class=\"_paragraph_o9xde_4 _paragraph_xtcu6_10 layout-component text-serif-m layout-normal text-serif-m layout-padded\">Hovedforhandling i saken er berammet til 21. januar 2026 ved Follo og Nordre \u00d8stfold tingrett. Saken er forventet \u00e5 vare frem til 30. januar. <\/p>\n<p class=\"_paragraph_o9xde_4 _paragraph_xtcu6_10 layout-component text-serif-m layout-normal text-serif-m layout-padded\">VG har v\u00e6rt i kontakt med bistandsadvokaten Hilde Lenz som ikke vil kommentere saken. <\/p>\n<p>    <img decoding=\"async\" alt=\"Tips oss illustrasjon\" src=\"https:\/\/www.europesays.com\/no\/wp-content\/uploads\/2025\/10\/pssst-small.webp.webp\"\/>    <\/p>\n<p class=\"title-serif-s\">Har du tips?<\/p>\n<p class=\"text-sans-m\">Send oss informasjon, bilder eller video.<\/p>\n<p>  <a href=\"https:\/\/www.vg.no\/tips-oss\" rel=\"nofollow noopener\" target=\"_blank\"> Tips oss <\/a>      <\/p>\n","protected":false},"excerpt":{"rendered":"L\u00f8rdag 5. juli ble en person drept og to personer hardt skadet i en bussbrann i Enebakk. Den&hellip;\n","protected":false},"author":2,"featured_media":107205,"comment_status":"","ping_status":"","sticky":false,"template":"","format":"standard","meta":{"footnotes":""},"categories":[10],"tags":[31,20,21,13342,24,25,15,22,23,13,30,28,29,14,16,26,27],"class_list":{"0":"post-107204","1":"post","2":"type-post","3":"status-publish","4":"format-standard","5":"has-post-thumbnail","7":"category-norge","8":"tag-breaking","9":"tag-breaking-news","10":"tag-breakingnews","11":"tag-enebakk","12":"tag-featured-news","13":"tag-featurednews","14":"tag-headlines","15":"tag-latest-news","16":"tag-latestnews","17":"tag-news","18":"tag-no","19":"tag-norge","20":"tag-norway","21":"tag-nyheter","22":"tag-overskrifter","23":"tag-top-stories","24":"tag-topstories"},"share_on_mastodon":{"url":"https:\/\/pubeurope.com\/@no\/115682995640609336","error":""},"_links":{"self":[{"href":"https:\/\/www.europesays.com\/no\/wp-json\/wp\/v2\/posts\/107204","targetHints":{"allow":["GET"]}}],"collection":[{"href":"https:\/\/www.europesays.com\/no\/wp-json\/wp\/v2\/posts"}],"about":[{"href":"https:\/\/www.europesays.com\/no\/wp-json\/wp\/v2\/types\/post"}],"author":[{"embeddable":true,"href":"https:\/\/www.europesays.com\/no\/wp-json\/wp\/v2\/users\/2"}],"replies":[{"embeddable":true,"href":"https:\/\/www.europesays.com\/no\/wp-json\/wp\/v2\/comments?post=107204"}],"version-history":[{"count":0,"href":"https:\/\/www.europesays.com\/no\/wp-json\/wp\/v2\/posts\/107204\/revisions"}],"wp:featuredmedia":[{"embeddable":true,"href":"https:\/\/www.europesays.com\/no\/wp-json\/wp\/v2\/media\/107205"}],"wp:attachment":[{"href":"https:\/\/www.europesays.com\/no\/wp-json\/wp\/v2\/media?parent=107204"}],"wp:term":[{"taxonomy":"category","embeddable":true,"href":"https:\/\/www.europesays.com\/no\/wp-json\/wp\/v2\/categories?post=107204"},{"taxonomy":"post_tag","embeddable":true,"href":"https:\/\/www.europesays.com\/no\/wp-json\/wp\/v2\/tags?post=107204"}],"curies":[{"name":"wp","href":"https:\/\/api.w.org\/{rel}","templated":true}]}}