{"id":107212,"date":"2025-12-08T08:35:19","date_gmt":"2025-12-08T08:35:19","guid":{"rendered":"https:\/\/www.europesays.com\/no\/107212\/"},"modified":"2025-12-08T08:35:19","modified_gmt":"2025-12-08T08:35:19","slug":"peker-ut-norge","status":"publish","type":"post","link":"https:\/\/www.europesays.com\/no\/107212\/","title":{"rendered":"Peker ut Norge"},"content":{"rendered":"<p class=\"kicker \" style=\"\">Fotballandslaget<\/p>\n<p>  Det p\u00e5g\u00e5r forhandlinger mellom Brasil og Norge for en potensiell VM-generalpr\u00f8ve neste \u00e5r.\u00a0<\/p>\n<p>\n    VIL TESTE SEG MOT NORGE: Brasils hovedtrener Carlo Ancelotti \u00f8nsker \u00e5 m\u00f8te Norge f\u00f8r VM i USA, Canada og Mexico neste sommer. Foto: REUTERS \/ NTB\n  <\/p>\n<p>            <img decoding=\"async\" src=\"https:\/\/www.europesays.com\/no\/wp-content\/uploads\/2025\/12\/1765182914_721_DB_VM_Banner_12fps.gif\" alt=\"\" loading=\"lazy\"\/><\/p>\n<p>Sportsdirekt\u00f8ren til det brasilianske fotballandslaget avsl\u00f8rer at Brasil forhandler om en treningskamp mot Norge som generalpr\u00f8ve til VM neste sommer.<\/p>\n<p>Brasil \u00f8nsker \u00e5 m\u00e5le krefter mot Erling Braut Haaland og co. like f\u00f8r VM. Landslaget ledes av Carlo Ancelotti (66), som har v\u00e6rt trener for blant annet Real Madrid, Bayern M\u00fcnchen, Paris Saint-Germain og AC Milan. <\/p>\n<p>I et\u00a0<a href=\"https:\/\/www.youtube.com\/shorts\/QTSU2rguZTU\" target=\"_blank\" rel=\"nofollow noopener\">videointervju<\/a>\u00a0med ESPN Brasil forteller sportsdirekt\u00f8r Rodrigo Caetano at det p\u00e5g\u00e5r forhandlinger om \u00e5 f\u00e5 p\u00e5 plass en treningskamp mot Norge, som en siste test f\u00f8r mesterskapet i USA, Canada og Mexico settes i gang.<\/p>\n<p>    <a itemprop=\"url\" href=\"https:\/\/www.dagbladet.no\/sport\/sjokkert\/83951456\" rel=\"nofollow noopener\" target=\"_blank\"><\/p>\n<p>        <img loading=\"lazy\" decoding=\"async\" src=\"https:\/\/www.europesays.com\/no\/wp-content\/uploads\/2025\/12\/83951476.webp\" width=\"980\" height=\"441\" title=\"- Sjokkert\" alt=\"\" class=\"lazyload\" style=\"--aspect-ratio-image: 2.22; \"\/><\/p>\n<p>        &#8211; Sjokkert<\/p>\n<p>    <\/a><\/p>\n<p class=\"font-weight-bold m-font-weight-bold\" data-lab-font_weight=\"font-weight-bold\">&#8211; Vi forhandler fortsatt om den siste oppkj\u00f8ringskampen. Vi har selvf\u00f8lgelig en preferanse. Det krever fortsatt forhandlinger, men v\u00e5rt f\u00f8rstevalg er Norges landslag, som er et sterkt lag akkurat n\u00e5, sier Caetano.<\/p>\n<p>Sportsdirekt\u00f8ren tar seg ogs\u00e5 tid til \u00e5 rose det norske laget.<\/p>\n<p>&#8211; Jeg tror ogs\u00e5 at de kommer til \u00e5 gj\u00f8re et veldig godt VM, s\u00e5 denne siste treningskampen ville v\u00e6rt en god og krevende test for oss.<\/p>\n<p>        <img loading=\"lazy\" decoding=\"async\" src=\"https:\/\/www.europesays.com\/no\/wp-content\/uploads\/2025\/12\/83952702.webp\" width=\"980\" height=\"559\" title=\"STJERNER: Vinicius Junior, Bruno Guimaraes og de andre brasilianske stjernene kan m\u00f8te Norge i VM-oppkj\u00f8ringen. Foto: Andre Penner \/ AP \/ NTB\" alt=\"\" class=\"\" style=\"--aspect-ratio-image: 1.75; \"\/><\/p>\n<p>\n        STJERNER: Vinicius Junior, Bruno Guimaraes og de andre brasilianske stjernene kan m\u00f8te Norge i VM-oppkj\u00f8ringen. Foto: Andre Penner \/ AP \/ NTB\n    <\/p>\n<p>Ubeseiret\t<\/p>\n<p>Norge er den eneste nasjonen Brasil har m\u00f8tt, som de ikke har sl\u00e5tt.<\/p>\n<p>Totalt har Norge spilt mot Brasil fire ganger. Det f\u00f8rste oppgj\u00f8ret mellom landslagene kom i en treningskamp i 1988 som endte 1-1. I 1997 vant Norge 4-2 p\u00e5 Ullevaal stadion, ett \u00e5r f\u00f8r lagene m\u00f8ttes igjen i VM i 1998.<\/p>\n<p>Da vant som kjent Norge 2-1 og tok seg videre til utslagsrundene i sluttspillet, der Norges hittil siste VM-kamp endte med 0-1-tap for Italia i \u00e5ttedelsfinalen.<\/p>\n<p>        WASHINGTON D.C: Under fredagens VM-trekning skjer det flere flauser mellom FIFA-president Gianni Infantino og programleder Kevin Hart. Video: NRK\/Youtube\/The Sun. Reporter: Trond Markus Gravdal<\/p>\n<p>I 2006 spilte Norge mot Brasil i nok en treningskamp. Det endte som det f\u00f8rste oppgj\u00f8ret mellom nasjonene, med 1-1.<\/p>\n<p>I slutten av november skrev den brasilianske storavisa <a href=\"https:\/\/ge.globo.com\/futebol\/selecao-brasileira\/noticia\/2025\/11\/13\/haaland-no-caminho-do-brasil-selecao-negocia-amistoso-com-a-noruega-antes-da-copa.ghtml\" rel=\"nofollow noopener\" target=\"_blank\">Globo\u00a0<\/a>at\u00a0Brasil \u00f8nsket \u00e5 m\u00f8te Norge. Det avkreftet det brasilianske forbundet seinere overfor Dagbladet.\u00a0<\/p>\n<p>&#8211; Denne informasjonen er feil. Brasil planlegger to kamper i oppkj\u00f8ringen, men valget av motstandere tas etter trekningen 5. desember, skrev forbundet i en e-post til Dagbladet.<\/p>\n<p>Men n\u00e5 kan det vise seg at det kanskje l\u00e5 noe i de brasilianske ryktene.\u00a0<\/p>\n<p>    <a itemprop=\"url\" href=\"https:\/\/www.dagbladet.no\/sport\/brasil-avkrefter\/83871806\" rel=\"nofollow noopener\" target=\"_blank\"><\/p>\n<p>        <img loading=\"lazy\" decoding=\"async\" src=\"https:\/\/www.europesays.com\/no\/wp-content\/uploads\/2025\/12\/83876310.webp\" width=\"980\" height=\"441\" title=\"Brasil avkrefter\" alt=\"\" class=\"lazyload\" style=\"--aspect-ratio-image: 2.22; \"\/><\/p>\n<p>        Brasil avkrefter<\/p>\n<p>    <\/a><\/p>\n<p>T\u00f8ff gruppe\t<\/p>\n<p>Inntil nylig hadde ogs\u00e5 Senegal \u00e6ren av \u00e5 aldri ha blitt sl\u00e5tt av Brasil, men i november vant brasilianerne 2-0 i en treningskamp i England.<\/p>\n<p>Senegal er ett av tre lag Norge skal m\u00f8te i gruppespillet i VM. Stormakten Frankrike venter i siste gruppespillskamp for Norge, mens motstanderen i \u00e5pningskampen blir enten Bolivia, Surinam eller Irak.<\/p>\n<p>    <a itemprop=\"url\" href=\"https:\/\/www.dagbladet.no\/sport\/far-tilbud\/83948162\" rel=\"nofollow noopener\" target=\"_blank\"><\/p>\n<p>        <img loading=\"lazy\" decoding=\"async\" src=\"https:\/\/www.europesays.com\/no\/wp-content\/uploads\/2025\/12\/83948758.webp\" width=\"980\" height=\"441\" title=\"F\u00e5r tilbud\" alt=\"\" class=\"lazyload\" style=\"--aspect-ratio-image: 2.22; \"\/><\/p>\n<p>        F\u00e5r tilbud<\/p>\n<p>    <\/a><\/p>\n<p>Hvem det blir avgj\u00f8res i omspillet i VM-kvalifiseringen i mars.<\/p>\n<p>Brasil har havnet i gruppe med Marokko, Skottland og Haiti. Erstatter man Haiti med Norge f\u00e5r man eksakt samme gruppe som sist Norge var i VM i 1998.<\/p>\n<p>    Norges VM-kamper:<\/p>\n<p> Her er oppsettet for gruppen (klokkeslettene er i amerikansk tid, og det er seks timer forskjell til Norge):<\/p>\n<p>* Tirsdag 16. juni: Frankrike &#8211; Senegal 15.00 (New York), Irak\/Bolivia\/Surinam &#8211; Norge 18.00 (Boston).<\/p>\n<p>* Mandag 22. juni: Frankrike &#8211; Irak\/Bolivia\/Surinam 17.00 (Philadelphia), Norge &#8211; Senegal 20.00 (New York).<\/p>\n<p>* Fredag 26. juni: Norge &#8211; Frankrike 15.00 (Boston), Senegal &#8211; Irak\/Bolivia\/Surinam 15.00 (Toronto).(NTB) <\/p>\n<p>      Vis mer<br \/>\n      Vis mindre<\/p>\n","protected":false},"excerpt":{"rendered":"Fotballandslaget Det p\u00e5g\u00e5r forhandlinger mellom Brasil og Norge for en potensiell VM-generalpr\u00f8ve neste \u00e5r.\u00a0 VIL TESTE SEG MOT&hellip;\n","protected":false},"author":2,"featured_media":107213,"comment_status":"","ping_status":"","sticky":false,"template":"","format":"standard","meta":{"footnotes":""},"categories":[59],"tags":[3780,92,4145,30,28,29,83,82,11859],"class_list":{"0":"post-107212","1":"post","2":"type-post","3":"status-publish","4":"format-standard","5":"has-post-thumbnail","7":"category-sport","8":"tag-brasil","9":"tag-fotball","10":"tag-herrelandslaget","11":"tag-no","12":"tag-norge","13":"tag-norway","14":"tag-sport","15":"tag-sports","16":"tag-vm2026"},"share_on_mastodon":{"url":"https:\/\/pubeurope.com\/@no\/115683035071838159","error":""},"_links":{"self":[{"href":"https:\/\/www.europesays.com\/no\/wp-json\/wp\/v2\/posts\/107212","targetHints":{"allow":["GET"]}}],"collection":[{"href":"https:\/\/www.europesays.com\/no\/wp-json\/wp\/v2\/posts"}],"about":[{"href":"https:\/\/www.europesays.com\/no\/wp-json\/wp\/v2\/types\/post"}],"author":[{"embeddable":true,"href":"https:\/\/www.europesays.com\/no\/wp-json\/wp\/v2\/users\/2"}],"replies":[{"embeddable":true,"href":"https:\/\/www.europesays.com\/no\/wp-json\/wp\/v2\/comments?post=107212"}],"version-history":[{"count":0,"href":"https:\/\/www.europesays.com\/no\/wp-json\/wp\/v2\/posts\/107212\/revisions"}],"wp:featuredmedia":[{"embeddable":true,"href":"https:\/\/www.europesays.com\/no\/wp-json\/wp\/v2\/media\/107213"}],"wp:attachment":[{"href":"https:\/\/www.europesays.com\/no\/wp-json\/wp\/v2\/media?parent=107212"}],"wp:term":[{"taxonomy":"category","embeddable":true,"href":"https:\/\/www.europesays.com\/no\/wp-json\/wp\/v2\/categories?post=107212"},{"taxonomy":"post_tag","embeddable":true,"href":"https:\/\/www.europesays.com\/no\/wp-json\/wp\/v2\/tags?post=107212"}],"curies":[{"name":"wp","href":"https:\/\/api.w.org\/{rel}","templated":true}]}}