{"id":107214,"date":"2025-12-08T08:36:19","date_gmt":"2025-12-08T08:36:19","guid":{"rendered":"https:\/\/www.europesays.com\/no\/107214\/"},"modified":"2025-12-08T08:36:19","modified_gmt":"2025-12-08T08:36:19","slug":"bethenny-frankel-om-skilsmissen-sa-traumatisk","status":"publish","type":"post","link":"https:\/\/www.europesays.com\/no\/107214\/","title":{"rendered":"Bethenny Frankel om skilsmissen: &#8211; S\u00e5 traumatisk"},"content":{"rendered":"<p class=\"kicker \" style=\"\">Bethenny Frankel:\u00a0<\/p>\n<p>  Realitystjernen br\u00f8t sammen i t\u00e5rer da hun beskrev den ti \u00e5r lange skilsmissen som \u00abtortur\u00bb.<\/p>\n<p>\n    SKILT: Bethenny Frankel og Jason Hoppy giftet seg i 2010, men ble ikke skilt f\u00f8r nesten et ti\u00e5r senere. Foto: BDG \/ REX \/ NTB\n  <\/p>\n<p>Realitystjerne og forretningskvinne <a href=\"https:\/\/www.seher.no\/kjendis\/personlige-arsaker\/82980613\" rel=\"nofollow noopener\" target=\"_blank\">Bethenny Frankel (55)<\/a> giftet seg med Jason Hoppy (55) i 2010, og i l\u00f8pet av ekteskapet fikk de en datter sammen, Bryn (15).\u00a0<\/p>\n<p>    <a itemprop=\"url\" href=\"https:\/\/www.seher.no\/kjendis\/ensom-og-ulykkelig\/83086975\" rel=\"nofollow noopener\" target=\"_blank\"><\/p>\n<p>      <img loading=\"lazy\" decoding=\"async\" src=\"https:\/\/www.europesays.com\/no\/wp-content\/uploads\/2025\/12\/83087323.webp\" width=\"147\" height=\"100\" title=\"- Ensom og ulykkelig\" alt=\"\" class=\"lazyload\" style=\"--aspect-ratio-image: 1.47; \"\/><\/p>\n<p>        &#8211; Ensom og ulykkelig<\/p>\n<p>    <\/a><\/p>\n<p>Tidligere har Frankel v\u00e6rt \u00e5pen om at ekteskapet var turbulent, og at hun og Hoppy ikke var en god match. Selv om de bare var gift i tre \u00e5r, ble ikke skilsmissen ferdigstilt f\u00f8r i 2021, n\u00e6rmere et ti\u00e5r senere.<\/p>\n<p>        DATER: Martine Lunde har begynt \u00e5 ta dating livet seri\u00f8st, noe som satt langt inne for henne. Video: Nora Skavhaug \/ R\u00f8d L\u00f8per <\/p>\n<p>&#8211; Mistet h\u00e5r\t<\/p>\n<p>N\u00e5 \u00e5pner hun seg ytterligere om skilsmissen i Alexandra Coopers (31) podkast <a href=\"https:\/\/www.youtube.com\/watch?v=vSAIbL1946E\" rel=\"nofollow noopener\" target=\"_blank\">\u00abCall Her Daddy\u00bb<\/a>. Der forteller hun at ingenting &#8211; ikke engang sin t\u00f8ffe barndom &#8211; kan sammenlignes med \u00abtorturen\u00bb hun opplevde da hun forlot Hoppy.<\/p>\n<p>    <a itemprop=\"url\" href=\"https:\/\/www.seher.no\/kjendis\/raser-det-er-villedende\/77042881\" rel=\"nofollow noopener\" target=\"_blank\"><\/p>\n<p>      <img loading=\"lazy\" decoding=\"async\" src=\"https:\/\/www.europesays.com\/no\/wp-content\/uploads\/2025\/12\/77042916.webp\" width=\"147\" height=\"98\" title=\"Raser: - Det er villedende\" alt=\"\" class=\"lazyload\" style=\"--aspect-ratio-image: 1.50; \"\/><\/p>\n<p>        Raser: &#8211; Det er villedende<\/p>\n<p>    <\/a><\/p>\n<p> Frankel beskriver skilsmissen som et \u00abmaraton\u00bb hun m\u00e5tte tvinge seg gjennom steg for steg &#8211; for datterens skyld. <\/p>\n<p class=\"font-weight-bold m-font-weight-bold\" data-lab-font_weight=\"font-weight-bold\">&#8211; Det var s\u00e5 traumatisk. Det var ti \u00e5r av livet mitt. Jeg mistet h\u00e5r, og jeg trodde aldri jeg ville overleve det. Jeg tenkte bokstavelig talt at jeg aldri kom til \u00e5 bli lykkelig igjen, sier hun gr\u00e5tkvalt.\u00a0<\/p>\n<p>          <img loading=\"lazy\" decoding=\"async\" src=\"https:\/\/www.europesays.com\/no\/wp-content\/uploads\/2025\/12\/83945408.webp\" width=\"686\" height=\"1036\" title=\"DATTER: Bethenny Frankel og datteren Bryn her i 2014. Foto: Broadimage \/ REX \/ NTB\" alt=\"\" class=\"\" style=\"--aspect-ratio-image: 0.66; \"\/><\/p>\n<p>\n          DATTER: Bethenny Frankel og datteren Bryn her i 2014. Foto: Broadimage \/ REX \/ NTB\n      <\/p>\n<p>I 2017 ble Hoppy arrestert og siktet for blant annet trakassering og stalking etter at han angivelig sendte en rekke truende e-poster og dukket opp p\u00e5 datterens skole for \u00e5 true Frankel.\u00a0<\/p>\n<p>Hoppy har hele tiden nektet straffskyld.<\/p>\n<p><a href=\"https:\/\/pagesix.com\/2025\/12\/03\/celebrity-news\/bethenny-frankel-cries-over-traumatic-jason-hoppy-divorce-thought-i-would-never-survive-it\/\" rel=\"nofollow noopener\" target=\"_blank\">Page Six<\/a> har fors\u00f8kt \u00e5 f\u00e5 f\u00e5 en kommentar fra Hoppy, uten \u00e5 lykkes.<\/p>\n<p>    <a itemprop=\"url\" href=\"https:\/\/www.seher.no\/kjendis\/i-sorg-hadde-indre-demoner\/81303937\" rel=\"nofollow noopener\" target=\"_blank\"><\/p>\n<p>      <img loading=\"lazy\" decoding=\"async\" src=\"https:\/\/www.europesays.com\/no\/wp-content\/uploads\/2025\/12\/81302495.webp\" width=\"147\" height=\"98\" title=\"I sorg: - Hadde indre demoner\" alt=\"\" class=\"lazyload\" style=\"--aspect-ratio-image: 1.50; \"\/><\/p>\n<p>        I sorg: &#8211; Hadde indre demoner<\/p>\n<p>    <\/a><\/p>\n<p>Videre forklarer realitystjernen at morens livslange kamp mot bulimi og alkoholisme bare var barnemat i forhold til det hun gikk gjennom i prosessen mot skilsmissen.\u00a0<\/p>\n<p>          <img loading=\"lazy\" decoding=\"async\" src=\"https:\/\/www.europesays.com\/no\/wp-content\/uploads\/2025\/12\/83945654.webp\" width=\"686\" height=\"940\" title=\"BLE ARRESERT: Jason Poppy ble arrestert i 2017 og siktet for blant annet trakassering og stalking. Han nektet straffskyld. Foto: Broadimage \/ REX \/ NTB\" alt=\"\" class=\"\" style=\"--aspect-ratio-image: 0.73; \"\/><\/p>\n<p>\n          BLE ARRESERT: Jason Poppy ble arrestert i 2017 og siktet for blant annet trakassering og stalking. Han nektet straffskyld. Foto: Broadimage \/ REX \/ NTB\n      <\/p>\n<p>&#8211; Aldri si noe vondt\t<\/p>\n<p>Ettersom 55-\u00e5ringen var den mest suksessrike av de to, da hun har grunnlagt livsstilsmerket Skinnygirl, f\u00f8lte hun at det fikk henne til \u00e5 se ut som \u00abden mektige tyrannnen\u00bb, mens Hoppy ble stemplet som \u00abofferet\u00bb.<\/p>\n<p>    <a itemprop=\"url\" href=\"https:\/\/www.seher.no\/kjendis\/la-oss-vaere-i-fred\/83929651\" rel=\"nofollow noopener\" target=\"_blank\"><\/p>\n<p>      <img loading=\"lazy\" decoding=\"async\" src=\"https:\/\/www.europesays.com\/no\/wp-content\/uploads\/2025\/12\/1765182979_243_83938049.webp\" width=\"980\" height=\"441\" title=\"- La oss v\u00e6re i fred\" alt=\"\" class=\"lazyload\" style=\"--aspect-ratio-image: 2.22; \"\/><\/p>\n<p>        &#8211; La oss v\u00e6re i fred<\/p>\n<p>    <\/a><\/p>\n<p>Hun fortalte at hun brukte \u00abmillioner av dollar\u00bb p\u00e5 skilsmissen og hevdet at hver eneste advokat sa at de aldri hadde sett noe lignende, noensinne.<\/p>\n<p>Til tross for alt, insisterer Frankel p\u00e5 \u00e9n ting: Aldri \u00e5 snakke negativt om Bryns far foran henne.<\/p>\n<p>        \u00abDRA-TIL\u00bb-TRYNET: Emil Gukild blir flau da han f\u00e5r vite hvilket inntrykk skuespillerkollega Jakob Oftebro hadde av TV-profilen f\u00f8r de m\u00f8ttes. Reporter: Sanne Holt\/ Celine N\u00e6ss Andreassen. Video: \u00abFlukten fra Bolivia\u00bb\/ TV 2\/ R\u00f8d L\u00f8per<\/p>\n<p class=\"font-weight-bold m-font-weight-bold\" data-lab-font_weight=\"font-weight-bold\">&#8211; Bare fordi du ikke sier det foran barnet, betyr det ikke at de ikke f\u00f8ler det. Det er en lang vei \u00e5 g\u00e5. Barna dine vil bli bevisste, og de vil forst\u00e5. Du trenger ikke \u00e5 si det til dem, sier hun, og avslutter:\u00a0<\/p>\n<p>&#8211; Du skal aldri, aldri si noe vondt om den andre forelderen. Det er det verste du kan gj\u00f8re mot et barn.<\/p>\n","protected":false},"excerpt":{"rendered":"Bethenny Frankel:\u00a0 Realitystjernen br\u00f8t sammen i t\u00e5rer da hun beskrev den ti \u00e5r lange skilsmissen som \u00abtortur\u00bb. SKILT:&hellip;\n","protected":false},"author":2,"featured_media":107215,"comment_status":"","ping_status":"","sticky":false,"template":"","format":"standard","meta":{"footnotes":""},"categories":[58],"tags":[4982,13343,71,13344,479,2543,30,28,29,4031,72],"class_list":{"0":"post-107214","1":"post","2":"type-post","3":"status-publish","4":"format-standard","5":"has-post-thumbnail","7":"category-underholdning","8":"tag-apner-opp","9":"tag-bethenny-frankel","10":"tag-entertainment","11":"tag-jason-hoppy","12":"tag-kjendis","13":"tag-kjendisdesken","14":"tag-no","15":"tag-norge","16":"tag-norway","17":"tag-skilsmisse","18":"tag-underholdning"},"share_on_mastodon":{"url":"https:\/\/pubeurope.com\/@no\/115683038781191176","error":""},"_links":{"self":[{"href":"https:\/\/www.europesays.com\/no\/wp-json\/wp\/v2\/posts\/107214","targetHints":{"allow":["GET"]}}],"collection":[{"href":"https:\/\/www.europesays.com\/no\/wp-json\/wp\/v2\/posts"}],"about":[{"href":"https:\/\/www.europesays.com\/no\/wp-json\/wp\/v2\/types\/post"}],"author":[{"embeddable":true,"href":"https:\/\/www.europesays.com\/no\/wp-json\/wp\/v2\/users\/2"}],"replies":[{"embeddable":true,"href":"https:\/\/www.europesays.com\/no\/wp-json\/wp\/v2\/comments?post=107214"}],"version-history":[{"count":0,"href":"https:\/\/www.europesays.com\/no\/wp-json\/wp\/v2\/posts\/107214\/revisions"}],"wp:featuredmedia":[{"embeddable":true,"href":"https:\/\/www.europesays.com\/no\/wp-json\/wp\/v2\/media\/107215"}],"wp:attachment":[{"href":"https:\/\/www.europesays.com\/no\/wp-json\/wp\/v2\/media?parent=107214"}],"wp:term":[{"taxonomy":"category","embeddable":true,"href":"https:\/\/www.europesays.com\/no\/wp-json\/wp\/v2\/categories?post=107214"},{"taxonomy":"post_tag","embeddable":true,"href":"https:\/\/www.europesays.com\/no\/wp-json\/wp\/v2\/tags?post=107214"}],"curies":[{"name":"wp","href":"https:\/\/api.w.org\/{rel}","templated":true}]}}