{"id":107224,"date":"2025-12-08T08:49:10","date_gmt":"2025-12-08T08:49:10","guid":{"rendered":"https:\/\/www.europesays.com\/no\/107224\/"},"modified":"2025-12-08T08:49:10","modified_gmt":"2025-12-08T08:49:10","slug":"skjermbruk-forskning-norske-barn-verst-i-norden-ganske-nedslaende","status":"publish","type":"post","link":"https:\/\/www.europesays.com\/no\/107224\/","title":{"rendered":"Skjermbruk, Forskning | Norske barn \u00abverst\u00bb i Norden: \u2013 Ganske nedsl\u00e5ende"},"content":{"rendered":"\n<p>Skal barn i det hele tatt ha smarttelefoner, og i s\u00e5 fall n\u00e5r skal de f\u00e5 det? Det er et sp\u00f8rsm\u00e5l flere foreldre sliter med.<\/p>\n<p><b>Dette temaet er dagens snakkis. Delta i diskusjonen i kommentarfeltet under.<\/b><\/p>\n<p>For mens ten\u00e5ringsbarna roper etter smarttelefon og sosiale medier, tyder mye p\u00e5 at norske foreldre ikke er s\u00e6rlig flinke til \u00e5 sette ned foten.<\/p>\n<p>N\u00e5 viser en ny stor studie at foreldre kanskje gj\u00f8r lurt i \u00e5 nekte poden mobiltelefon i ung alder.<\/p>\n<p><b>Les ogs\u00e5: <a class=\"simple-relation related-teaser article--c-eRUmMG article--c-eRUmMG-jKCPdD-design-default article--c-eRUmMG-iBPVJb-cv\" href=\"https:\/\/www.ha-halden.no\/ber-foreldre-kjope-dum-telefon-ser-selv-hva-det-gjor-med-ungene\/s\/5-95-2548106\" rel=\"nofollow noopener\" target=\"_blank\">Ber foreldre kj\u00f8pe \u00abdum\u00bb telefon: \u2013 Ser selv hva det gj\u00f8r med ungene<\/a><\/b><\/p>\n<p>Stor risiko for overvekt og depresjon<\/p>\n<p>Ved \u00e5 analysere data fra mer enn 10.500 amerikanske barn, fant forskerne at barn som hadde smarttelefon fra 12-\u00e5rsalderen hadde st\u00f8rre risiko for depresjon, overvekt og s\u00f8vnmangel.<\/p>\n<p><a href=\"https:\/\/publications.aap.org\/pediatrics\/article-abstract\/doi\/10.1542\/peds.2025-072941\/205716\/Smartphone-Ownership-Age-of-Smartphone-Acquisition?redirectedFrom=fulltext\" rel=\"Follow nofollow noopener\" target=\"_blank\">Studien <\/a>er den st\u00f8rste langtidsstudien p\u00e5 utviklingen av barnas hjerner i USA.<\/p>\n<p>Faktisk fant forskerne at jo yngre barna var, desto st\u00f8rre var risikoen for overvekt og s\u00f8vnmangel.<\/p>\n<p>\u2013 N\u00e5r du gir barnet ditt en telefon m\u00e5 du tenke p\u00e5 det som noe sentralt for barnets helse, og behandle det deretter, forteller Dr. Ran Barzilay, hovedforfatter av studien og barne- og ungdomspsykolog ved Children&#8217;s Hospital of Philadelphia.<\/p>\n<p>\u2013 La ten\u00e5ringen din vite at det \u00e5 ha en smarttelefon kan p\u00e5virke helsen deres, og at du vil hjelpe dem med \u00e5 utvikle sunne telefonvaner, sier Barzilay til <a href=\"https:\/\/edition.cnn.com\/2025\/12\/01\/health\/smartphones-for-kids-parents-tips-wellness\" rel=\"Follow nofollow noopener\" target=\"_blank\">CNN<\/a>.<\/p>\n<p>\u2013 Snakk sammen med noen f\u00e5 ukers mellomrom om hvordan det g\u00e5r med telefonbruken.\u00bb<\/p>\n<p>Studien er publisert i <a href=\"https:\/\/www.jpeds.com\/\" rel=\"Follow nofollow noopener\" target=\"_blank\">The journal of Pediatrics.<\/a><\/p>\n<p><b>Les ogs\u00e5 kommentaren: <a class=\"simple-relation related-teaser article--c-eRUmMG article--c-eRUmMG-jKCPdD-design-default article--c-eRUmMG-iBPVJb-cv\" href=\"https:\/\/www.ha-halden.no\/barn-med-mobil-har-det-ofte-bedre-psykisk\/o\/5-95-2664371\" rel=\"nofollow noopener\" target=\"_blank\">Barn med mobil har det ofte bedre psykisk<\/a><\/b><\/p>\n<p>Norge mest i Norden<\/p>\n<p>Og som om mulige helseskader ved skjermbruk ikke er urovekkende nok: N\u00e5r det gjelder tiden brukt p\u00e5 skjerm, er nordmenn i en klasse for seg sammenliknet med v\u00e5re naboland.<\/p>\n<p>I en fersk rapport fra<a href=\"https:\/\/pub.norden.org\/nord2025-026\/\" rel=\"noopener nofollow\" target=\"_blank\"> Nordisk Monitorering (NORMO 2025)<\/a>, topper nordmenn statistikken for Norden.<\/p>\n<p>Norske voksne mellom 18 og 24 \u00e5r bruker i snitt 4,9 timer per dag p\u00e5 skjerm i fritiden. Eldre voksne bruker skjerm i 3,7 timer av fritiden sin.<\/p>\n<p>Trenden gjelder ogs\u00e5 for barn og unge. Norske barn har i snitt 3,4 timer skjermtid hver dag. Til sammenlikning har barn i Danmark, det nordiske landet med lavest snitt, et snitt p\u00e5 2,7 timer.<\/p>\n<p>Bruken i Norge er i strid med <a href=\"https:\/\/www.helsenorge.no\/psykisk-helse\/skjermrad\/\" rel=\"Follow nofollow noopener\" target=\"_blank\">Helsedirektoratets r\u00e5d for skjermbruk<\/a>. Der anbefales det maks halvannen time i d\u00f8gnet for barn i alderen seks til tolv \u00e5r. Mens det for alderen 13 til 18, anbefales ikke mer enn mellom halvannen og tre timer.<\/p>\n<p>Rapporten viser at kun halvparten, 49,5 prosent, av norske barn m\u00f8ter de anbefalte kravene til fysisk aktivitet.<\/p>\n<p><b>Les ogs\u00e5: <a class=\"simple-relation related-teaser article--c-eRUmMG article--c-eRUmMG-jKCPdD-design-default article--c-eRUmMG-iBPVJb-cv\" href=\"https:\/\/www.ha-halden.no\/ny-studie-knuser-skjermtid-myte\/s\/5-95-2491669\" rel=\"nofollow noopener\" target=\"_blank\">Ny studie knuser skjermtid-myte<\/a><\/b><\/p>\n<p>Norsk ekspert: \u2013 Ganske nedsl\u00e5ende<\/p>\n<p>Charlotte Lunde er barnepsykiater og overlege i Barne- og ungdomspsykiatrisk poliklinikk ved Oslo Universitetssykehus.<\/p>\n<p>Hun mener studien er omfattende, grundig og understreker behovet for tydeligere tiltak fra myndighetene.<\/p>\n<p>\u2013 Resultatene er jo ganske nedsl\u00e5ende, og viser at vi trenger en enda tydeligere folkehelsepolitikk p\u00e5 dette omr\u00e5det &#8211; akkurat som vi har det for r\u00f8yking, skriver hun til Nettavisen.<\/p>\n<p>   <img decoding=\"async\" width=\"480\" height=\"560\" fetchpriority=\"low\"  loading=\"lazy\"  src=\"https:\/\/www.europesays.com\/no\/wp-content\/uploads\/2025\/12\/Charlotte+Lunde%2C+barnepsykiater+og+overlege++Barne-+og+ungdomspsykiatrisk+poliklinikk+ved+Oslo+Uni.jpeg\" alt=\"Charlotte Lunde, barnepsykiater og overlege  Barne- og ungdomspsykiatrisk poliklinikk ved Oslo Universitetssykehus.\" class=\"brick-c-cFOWSL\" style=\"--brick-image-ratio: 480 \/ 560;\"\/><\/p>\n<p>      Charlotte Lunde, barnepsykiater og overlege  Barne- og ungdomspsykiatrisk poliklinikk ved Oslo Universitetssykehus<br \/>\n      Foto: Privat\n    <\/p>\n<p>Som f\u00f8lge av det Lunde mener er manglende anbefalinger, har Barneklinikken ved OUS og Ahus laget egne skjermanbefalinger, som henger i deres klinikker.<\/p>\n<p><b>Les ogs\u00e5: <a class=\"simple-relation related-teaser article--c-eRUmMG article--c-eRUmMG-jKCPdD-design-default article--c-eRUmMG-iBPVJb-cv\" href=\"https:\/\/www.ha-halden.no\/nye-skjermrad-anbefaler-null-skjerm-for-de-minste-barna\/s\/5-95-2467860\" rel=\"nofollow noopener\" target=\"_blank\">Nye skjermr\u00e5d anbefaler null skjerm for de minste barna<\/a><\/b><\/p>\n<p>Rapporten viser ogs\u00e5 at kun halvparten av unge oppfyller kravene til fysisk aktivitet. Er det grunn til \u00e5 v\u00e6re bekymret for de yngste generasjonene i landet?<\/p>\n<p>\u2013 Det er ganske innlysende at passiviseringen det digitale livet f\u00f8rer med seg tar tid vekk fra andre &#8211; ofte fysiske &#8211; aktiviteter som barn drev med f\u00f8r. Fri utelek med hverandre for eksempel. Fysisk aktivitet og lek er utrolig viktig for barn og unges utvikling. Det er helt sentralt for b\u00e5de psykisk og fysisk helse. Den digitale leken kan ikke erstatte dette, understreker barnepsykiateren.<\/p>\n","protected":false},"excerpt":{"rendered":"Skal barn i det hele tatt ha smarttelefoner, og i s\u00e5 fall n\u00e5r skal de f\u00e5 det? Det&hellip;\n","protected":false},"author":2,"featured_media":107225,"comment_status":"","ping_status":"","sticky":false,"template":"","format":"standard","meta":{"footnotes":""},"categories":[10],"tags":[36,20,21,24,25,5153,2885,15,22,23,13,30,28,29,14,16,13345,1510,26,27],"class_list":{"0":"post-107224","1":"post","2":"type-post","3":"status-publish","4":"format-standard","5":"has-post-thumbnail","7":"category-norge","8":"tag-art","9":"tag-breaking-news","10":"tag-breakingnews","11":"tag-featured-news","12":"tag-featurednews","13":"tag-folkehelse","14":"tag-forskning","15":"tag-headlines","16":"tag-latest-news","17":"tag-latestnews","18":"tag-news","19":"tag-no","20":"tag-norge","21":"tag-norway","22":"tag-nyheter","23":"tag-overskrifter","24":"tag-skjermbruk","25":"tag-story","26":"tag-top-stories","27":"tag-topstories"},"share_on_mastodon":{"url":"https:\/\/pubeurope.com\/@no\/115683089881722625","error":""},"_links":{"self":[{"href":"https:\/\/www.europesays.com\/no\/wp-json\/wp\/v2\/posts\/107224","targetHints":{"allow":["GET"]}}],"collection":[{"href":"https:\/\/www.europesays.com\/no\/wp-json\/wp\/v2\/posts"}],"about":[{"href":"https:\/\/www.europesays.com\/no\/wp-json\/wp\/v2\/types\/post"}],"author":[{"embeddable":true,"href":"https:\/\/www.europesays.com\/no\/wp-json\/wp\/v2\/users\/2"}],"replies":[{"embeddable":true,"href":"https:\/\/www.europesays.com\/no\/wp-json\/wp\/v2\/comments?post=107224"}],"version-history":[{"count":0,"href":"https:\/\/www.europesays.com\/no\/wp-json\/wp\/v2\/posts\/107224\/revisions"}],"wp:featuredmedia":[{"embeddable":true,"href":"https:\/\/www.europesays.com\/no\/wp-json\/wp\/v2\/media\/107225"}],"wp:attachment":[{"href":"https:\/\/www.europesays.com\/no\/wp-json\/wp\/v2\/media?parent=107224"}],"wp:term":[{"taxonomy":"category","embeddable":true,"href":"https:\/\/www.europesays.com\/no\/wp-json\/wp\/v2\/categories?post=107224"},{"taxonomy":"post_tag","embeddable":true,"href":"https:\/\/www.europesays.com\/no\/wp-json\/wp\/v2\/tags?post=107224"}],"curies":[{"name":"wp","href":"https:\/\/api.w.org\/{rel}","templated":true}]}}