{"id":107228,"date":"2025-12-08T08:51:07","date_gmt":"2025-12-08T08:51:07","guid":{"rendered":"https:\/\/www.europesays.com\/no\/107228\/"},"modified":"2025-12-08T08:51:07","modified_gmt":"2025-12-08T08:51:07","slug":"brasiliansk-fotballtopp-sier-det-forhandles-om-vm-generalprove-mot-norge-vart-forstevalg","status":"publish","type":"post","link":"https:\/\/www.europesays.com\/no\/107228\/","title":{"rendered":"Brasiliansk fotballtopp sier det forhandles om VM-generalpr\u00f8ve mot Norge: \u2013 V\u00e5rt f\u00f8rstevalg"},"content":{"rendered":"<p class=\"extendedContent hyperion-css-eyn926\" data-test-tag=\"lead-text\">Sportsdirekt\u00f8ren til det brasilianske fotballandslaget avsl\u00f8rer at Brasil forhandler om en treningskamp mot Norge som generalpr\u00f8ve til VM neste sommer.<\/p>\n<p>Norges kan m\u00f8te Brasil i en oppkj\u00f8ringskamp til sommerens VM. Her fra da Kjetil Rekdal senket Brasil i VM i 1998.<\/p>\n<p>1 av 3Foto: Erik Johansen \/ NTB<\/p>\n<p>Publisert: 08.12.2025 08:54<\/p>\n<p class=\"paywall hyperion-css-1j42uic\">Brasil \u00f8nsker \u00e5 m\u00e5le krefter mot Erling Braut Haaland og co. like f\u00f8r VM.<\/p>\n<p class=\"paywall hyperion-css-1j42uic\"> I et <a aria-label=\"videointervju\" class=\"default hyperion-css-1raymq9\" href=\"https:\/\/www.youtube.com\/shorts\/QTSU2rguZTU\" target=\"_blank\" rel=\"noopener nofollow noreferrer\" data-test-tag=\"external-link\">videointervju<\/a> med ESPN Brasil forteller sportsdirekt\u00f8r Rodrigo Caetano at det p\u00e5g\u00e5r forhandlinger om \u00e5 f\u00e5 p\u00e5 plass en treningskamp mot Norge, som en siste test f\u00f8r mesterskapet i USA, Canada og Mexico settes i gang.<\/p>\n<p class=\"paywall hyperion-css-1j42uic\">\u2013 Vi forhandler fortsatt om den siste oppkj\u00f8ringskampen. Vi har selvf\u00f8lgelig en preferanse. Det krever fortsatt forhandlinger, men v\u00e5rt f\u00f8rstevalg er Norges landslag, som er et sterkt lag akkurat n\u00e5, sier Caetano.<\/p>\n<p class=\"paywall hyperion-css-1j42uic\">Sportsdirekt\u00f8ren tar seg ogs\u00e5 tid til \u00e5 rose det norske laget.<\/p>\n<p class=\"paywall hyperion-css-1j42uic\">\u2013 Jeg tror ogs\u00e5 at de kommer til \u00e5 gj\u00f8re et veldig godt VM, s\u00e5 denne siste treningskampen ville v\u00e6rt en god og krevende test for oss.<\/p>\n<p>Ubeseiret<\/p>\n<p class=\"paywall hyperion-css-1j42uic\">Norge er den eneste nasjonen Brasil har m\u00f8tt, som de ikke har sl\u00e5tt.<\/p>\n<p class=\"paywall hyperion-css-1j42uic\">Totalt har Norge spilt mot Brasil fire ganger. Det f\u00f8rste oppgj\u00f8ret mellom landslagene kom i en treningskamp i 1988 som endte 1-1. I 1997 vant Norge 4-2 p\u00e5 Ullevaal stadion, ett \u00e5r f\u00f8r lagene m\u00f8ttes igjen i VM i 1998.<\/p>\n<p class=\"paywall hyperion-css-1j42uic\">Da vant som kjent Norge 2-1 og tok seg videre til utslagsrundene i sluttspillet, der Norges hittil siste VM-kamp endte med 0-1-tap for Italia i \u00e5ttedelsfinalen.<\/p>\n<p class=\"paywall hyperion-css-1j42uic\">I 2006 spilte Norge mot Brasil i nok en treningskamp. Det endte som det f\u00f8rste oppgj\u00f8ret mellom nasjonene, med 1-1.<\/p>\n<p>T\u00f8ff gruppe<\/p>\n<p class=\"paywall hyperion-css-1j42uic\">Inntil nylig hadde ogs\u00e5 Senegal \u00e6ren av \u00e5 aldri ha blitt sl\u00e5tt av Brasil, men i november vant brasilianerne 2-0 i en treningskamp i England.<\/p>\n<p class=\"paywall hyperion-css-1j42uic\">Senegal er ett av tre lag Norge skal m\u00f8te i gruppespillet i VM. Stormakten Frankrike venter i siste gruppespillskamp for Norge, mens motstanderen i \u00e5pningskampen blir enten Bolivia, Surinam eller Irak.<\/p>\n<p class=\"paywall hyperion-css-1j42uic\">Hvem det blir avgj\u00f8res i omspillet i VM-kvalifiseringen i mars.<\/p>\n<p class=\"paywall hyperion-css-1j42uic\">Brasil har havnet i gruppe med Marokko, Skottland og Haiti. Erstatter man Haiti med Norge f\u00e5r man eksakt samme gruppe som sist Norge var i VM i 1998.<\/p>\n","protected":false},"excerpt":{"rendered":"Sportsdirekt\u00f8ren til det brasilianske fotballandslaget avsl\u00f8rer at Brasil forhandler om en treningskamp mot Norge som generalpr\u00f8ve til VM&hellip;\n","protected":false},"author":2,"featured_media":107229,"comment_status":"","ping_status":"","sticky":false,"template":"","format":"standard","meta":{"footnotes":""},"categories":[59],"tags":[30,28,29,83,82],"class_list":{"0":"post-107228","1":"post","2":"type-post","3":"status-publish","4":"format-standard","5":"has-post-thumbnail","7":"category-sport","8":"tag-no","9":"tag-norge","10":"tag-norway","11":"tag-sport","12":"tag-sports"},"share_on_mastodon":{"url":"https:\/\/pubeurope.com\/@no\/115683097484954811","error":""},"_links":{"self":[{"href":"https:\/\/www.europesays.com\/no\/wp-json\/wp\/v2\/posts\/107228","targetHints":{"allow":["GET"]}}],"collection":[{"href":"https:\/\/www.europesays.com\/no\/wp-json\/wp\/v2\/posts"}],"about":[{"href":"https:\/\/www.europesays.com\/no\/wp-json\/wp\/v2\/types\/post"}],"author":[{"embeddable":true,"href":"https:\/\/www.europesays.com\/no\/wp-json\/wp\/v2\/users\/2"}],"replies":[{"embeddable":true,"href":"https:\/\/www.europesays.com\/no\/wp-json\/wp\/v2\/comments?post=107228"}],"version-history":[{"count":0,"href":"https:\/\/www.europesays.com\/no\/wp-json\/wp\/v2\/posts\/107228\/revisions"}],"wp:featuredmedia":[{"embeddable":true,"href":"https:\/\/www.europesays.com\/no\/wp-json\/wp\/v2\/media\/107229"}],"wp:attachment":[{"href":"https:\/\/www.europesays.com\/no\/wp-json\/wp\/v2\/media?parent=107228"}],"wp:term":[{"taxonomy":"category","embeddable":true,"href":"https:\/\/www.europesays.com\/no\/wp-json\/wp\/v2\/categories?post=107228"},{"taxonomy":"post_tag","embeddable":true,"href":"https:\/\/www.europesays.com\/no\/wp-json\/wp\/v2\/tags?post=107228"}],"curies":[{"name":"wp","href":"https:\/\/api.w.org\/{rel}","templated":true}]}}