{"id":107242,"date":"2025-12-08T09:09:19","date_gmt":"2025-12-08T09:09:19","guid":{"rendered":"https:\/\/www.europesays.com\/no\/107242\/"},"modified":"2025-12-08T09:09:19","modified_gmt":"2025-12-08T09:09:19","slug":"ber-om-forvaring-for-vahid-heydari-mohammadi-35","status":"publish","type":"post","link":"https:\/\/www.europesays.com\/no\/107242\/","title":{"rendered":"Ber om forvaring for Vahid Heydari Mohammadi (35)"},"content":{"rendered":"\n<p class=\"_paragraph_o9xde_4 _paragraph_xtcu6_10 layout-component text-serif-m layout-normal text-serif-m layout-padded\">P\u00e5 rettens siste dag legger aktoraktorEn advokat som representerer staten i en straffesak og som har som oppgave \u00e5 bevise at den tiltalte er skyldig. Kristine Herrebr\u00f8den ned sin p\u00e5stand om straff.p\u00e5stand om straff.Dette betyr at p\u00e5talemyndigheten, som representeres av aktor, fremmer et krav til retten om hvilken type og hvor streng straff de mener en tiltalt b\u00f8r f\u00e5. Retten er ikke bundet av p\u00e5standen.<\/p>\n<p class=\"_paragraph_o9xde_4 _paragraph_xtcu6_10 layout-component text-serif-m layout-normal text-serif-m layout-padded\">Aktor ber om at Vahid Heydari Mohammadi (35) d\u00f8mmes til forvaring. <\/p>\n<p class=\"_paragraph_o9xde_4 _paragraph_xtcu6_10 layout-component text-serif-m layout-normal text-serif-m layout-padded\">\u2013 Tiltalte har understreket at han ikke er farlig for noen. Drapet var unntaket fra denne regelen. Han tror ikke Tina var redd for ham, og har heller ikke vist forst\u00e5else for at barna kan v\u00e6re redd for ham, sa Herrebr\u00f8den i sin prosedyre. <\/p>\n<p class=\"_paragraph_o9xde_4 _paragraph_xtcu6_10 layout-component text-serif-m layout-normal text-serif-m layout-padded\">Det skriver <a href=\"https:\/\/www.bt.no\/krim\/i\/bOKkLv\/aktor-la-ned-paastand-om-straff-for-tinas-drapsmann\" class=\"_link_o9xde_39\" rel=\"nofollow noopener\" target=\"_blank\">Bergens Tidende<\/a>. <\/p>\n<p><img decoding=\"async\" alt=\"Bilde av Kristine Herrebr\u00f8den\" class=\"_image_ygndg_42\" height=\"27\" itemprop=\"image\" loading=\"lazy\"  src=\"https:\/\/www.europesays.com\/no\/wp-content\/uploads\/2025\/12\/4cb0fcbd-b89c-4325-831c-4b81b78279aa\"  width=\"40\"\/><strong class=\"_name_ygndg_51 title-serif-xs\">Kristine Herrebr\u00f8den<\/strong><\/p>\n<p class=\"_paragraph_o9xde_4 text-sans-m _description_ygndg_56\">Aktor og statsadvokat.<\/p>\n<p class=\"_paragraph_o9xde_4 _paragraph_xtcu6_10 layout-component text-serif-m layout-normal text-serif-m layout-padded\">Snart to \u00e5r har g\u00e5tt siden drapsalarmen gikk i \u00d8ygarden nordvest for Bergen 7. januar 2024. <\/p>\n<p class=\"_paragraph_o9xde_4 _paragraph_xtcu6_10 layout-component text-serif-m layout-normal text-serif-m layout-padded\">I bagasjerommet p\u00e5 en utbrent bil \u2013 forlatt p\u00e5 en industritomt \u2013 fant brannvesenet levningene etter <a href=\"https:\/\/www.vg.no\/tag\/tina-milena-solberg?utm_source=vg-article&amp;utm_medium=auto-tagger&amp;utm_campaign=pB6LpR\" class=\"_link_o9xde_39\" rel=\"nofollow noopener\" target=\"_blank\">Tina Milena Solberg<\/a> (33).<\/p>\n<p class=\"_paragraph_o9xde_4 _paragraph_xtcu6_10 layout-component text-serif-m layout-normal text-serif-m layout-padded\">Kort tid senere innr\u00f8mmet eks-samboeren hennes, Vahid Heydari Mohammadi (35), at han hadde kvalt 33-\u00e5ringen i hennes eget hjem. <\/p>\n<p class=\"_paragraph_o9xde_4 _paragraph_xtcu6_10 layout-component text-serif-m layout-normal text-serif-m layout-padded\">Drapet skjedde mens deres to felles barn var hjemme \u2013 p\u00e5 soverommet til deres yngste s\u00f8nn.<\/p>\n<p class=\"_paragraph_o9xde_4 _paragraph_xtcu6_10 layout-component text-serif-m layout-normal text-serif-m layout-padded\">De siste tre ukene har det turbulente parforholdet blitt brettet ut i Hordaland tingrett.<\/p>\n<p class=\"_paragraph_o9xde_4 _paragraph_xtcu6_10 layout-component text-serif-m layout-normal text-serif-m layout-padded\"><strong class=\"_strong_o9xde_25\">Flere titalls vitner har forklart seg i rettslokalet p\u00e5 Nordnes i Bergen. <\/strong><\/p>\n<p class=\"_paragraph_o9xde_4 _paragraph_xtcu6_10 layout-component text-serif-m layout-normal text-serif-m layout-padded\">En rekke detaljer om den fatale natten har kommet frem gjennom timelange avh\u00f8r og forklaringer fra vitner, krimteknikere og n\u00f8detater.<\/p>\n<p class=\"_paragraph_o9xde_4 _paragraph_xtcu6_10 layout-component text-serif-m layout-normal text-serif-m layout-padded\">I dagevis har Solbergs etterlatte og drapstiltalte Mohammadi sittet rett overfor hverandre \u2013 med kun f\u00e5 meter mellom seg.<\/p>\n<p><img decoding=\"async\" alt=\"Bilde av Vahid Heydari Mohammadi\" class=\"_image_ygndg_42\" height=\"54\" itemprop=\"image\" loading=\"lazy\"  src=\"https:\/\/www.europesays.com\/no\/wp-content\/uploads\/2025\/12\/1765184955_27_7f169070-c6c5-42ed-93f0-80f5b09b96b2\"  width=\"40\"\/><strong class=\"_name_ygndg_51 title-serif-xs\">Vahid Heydari Mohammadi<\/strong><\/p>\n<p class=\"_paragraph_o9xde_4 text-sans-m _description_ygndg_56\">TiltaltTiltaltEn person som er anklaget for \u00e5 ha beg\u00e5tt en forbrytelse og som m\u00e5 m\u00f8te i retten for \u00e5 svare p\u00e5 anklagene. for drap, likskjendinglikskjending\u00c5 behandle en d\u00f8d kropp med respektl\u00f8shet eller skade den p\u00e5 en m\u00e5te som er ulovlig. og mishandling. <\/p>\n<p class=\"_paragraph_o9xde_4 _paragraph_xtcu6_10 layout-component text-serif-m layout-normal text-serif-m layout-padded\">Herrebr\u00f8den sier i sin prosedyre det ikke er tvil om at Mohammadi drepte Solberg med hensikt. <\/p>\n<p class=\"_paragraph_o9xde_4 _paragraph_xtcu6_10 layout-component text-serif-m layout-normal text-serif-m layout-padded\">\u2013 Kvelning er noe man gj\u00f8r med hensikt. Man kveler ikke noen til d\u00f8de med uhell. <\/p>\n<p class=\"_paragraph_o9xde_4 _paragraph_xtcu6_10 layout-component text-serif-m layout-normal text-serif-m layout-padded\">If\u00f8lge Bergens Tidende sa hun ogs\u00e5 at Mohammadi lurte et av barna da han sa moren var d\u00e5rlig.<\/p>\n<p class=\"_paragraph_o9xde_4 _paragraph_xtcu6_10 layout-component text-serif-m layout-normal text-serif-m layout-padded\"><strong class=\"_strong_o9xde_25\">\u2013 Det er det ultimate sviket, sa Herrebr\u00f8den.<\/strong><\/p>\n<p class=\"_paragraph_o9xde_4 _paragraph_xtcu6_10 layout-component text-serif-m layout-normal text-serif-m layout-padded\">Aktor mener at deres to barn har siden 2017 blitt utsatt for fysiske og psykiske krenkelser av Mohammadi.  <\/p>\n<p>\u2013 Vi var som en tikkende bombe<\/p>\n<p class=\"_paragraph_o9xde_4 _paragraph_xtcu6_10 layout-component text-serif-m layout-normal text-serif-m layout-padded\">Forrige uke la de sakkyndigesakkyndigeEn person med spesialisert fagkunnskap som oppnevnes for \u00e5 belyse faglige sp\u00f8rsm\u00e5l i en rettssak. Den sakkyndige utarbeider en skriftlig rapport og kan avgi muntlig forklaring, men rettens avgj\u00f8relse er ikke juridisk bundet av disse uttalelsene. rettspsykiaterne frem sine vurderinger av Mohammadi.<\/p>\n<p class=\"_paragraph_o9xde_4 _paragraph_xtcu6_10 layout-component text-serif-m layout-normal text-serif-m layout-padded\">\u2013 Vi mener det foreligger en\u00a0dyssosial personlighetsforstyrrelsedyssosial personlighetsforstyrrelseEn psykisk lidelse som kjennetegnes av mangel p\u00e5 empati, ansvarsf\u00f8lelse og respekt for sosiale normer.\u00a0i alvorlig grad, som ogs\u00e5 omfatter psykopatipsykopatiEn alvorlig form for personlighetsforstyrrelse som inkluderer manipulerende atferd, mangel p\u00e5 anger og overfladisk sjarm., sa psykologspesialist Ida \u00d8verdal Stafsnes <a href=\"https:\/\/www.vg.no\/nyheter\/i\/Ar2dmq\/drapet-paa-tina-33-mener-drapstiltalte-har-psykopatiske-trekk\" data-track-element-type=\"Link\" data-track-id=\"link:Ar2dmq\" class=\"_link_o9xde_39\" rel=\"nofollow noopener\" target=\"_blank\">fra vitneboksen<\/a>.<\/p>\n<p><img alt=\"Rettssaken har p\u00e5g\u00e5tt i et rettslokale p\u00e5 Nordnes i Bergen.  Foto: Ingrid Bj\u00f8rndal Farestvedt \/ VG\" class=\"_image_qp4xg_65 layout-component layout-normal\" data-fullscreen- data-track-element-type=\"Article image fullscreen\" data-track-name=\"ImageFullscreen\" decoding=\"async\" loading=\"lazy\" height=\"5464\" itemprop=\"image\"  src=\"https:\/\/www.europesays.com\/no\/wp-content\/uploads\/2025\/12\/1765184958_161_c71daeea-6d30-477d-ab16-a9a77c973b9a\"  style=\"object-position:0% 0%\" width=\"8192\"\/>Rettssaken har p\u00e5g\u00e5tt i et rettslokale p\u00e5 Nordnes i Bergen.  Foto: Ingrid Bj\u00f8rndal Farestvedt \/ VG<\/p>\n<p class=\"_paragraph_o9xde_4 _paragraph_xtcu6_10 layout-component text-serif-m layout-normal text-serif-m layout-padded\">Selv stiller Mohammadi seg uforst\u00e5ende til rettspsykiaternes vurderinger, if\u00f8lge forsvarsadvokat Rikke Arnesen:<\/p>\n<p class=\"_paragraph_o9xde_4 _paragraph_xtcu6_10 layout-component text-serif-m layout-normal text-serif-m layout-padded\"><strong class=\"_strong_o9xde_25\">\u2013 Tiltalte kjenner seg ikke igjen i gjengivelser av samtaler med ham, har hun sagt til VG.<\/strong><\/p>\n<p class=\"_paragraph_o9xde_4 _paragraph_xtcu6_10 layout-component text-serif-m layout-normal text-serif-m layout-padded\">Mohammadi har erkjent straffskyld for tiltalepunktene om drap og likskjending, men ikke mishandling.<\/p>\n<p><img decoding=\"async\" alt=\"Bilde av Rikke Arnesen\" class=\"_image_ygndg_42\" height=\"27\" itemprop=\"image\" loading=\"lazy\"  src=\"https:\/\/www.europesays.com\/no\/wp-content\/uploads\/2025\/12\/1765184958_578_34d13299-ae76-4566-94c4-6e3f20fde3d5\"  width=\"40\"\/><strong class=\"_name_ygndg_51 title-serif-xs\">Rikke Arnesen<\/strong><\/p>\n<p class=\"_paragraph_o9xde_4 text-sans-m _description_ygndg_56\">En av Mohammadis to forsvarsadvokater.<\/p>\n<p class=\"_paragraph_o9xde_4 _paragraph_xtcu6_10 layout-component text-serif-m layout-normal text-serif-m layout-padded\">Solberg og Mohammadi m\u00f8ttes for f\u00f8rste gang i 2008. De hadde et av og p\u00e5-forhold i \u00e5revis. <\/p>\n<p class=\"_paragraph_o9xde_4 _paragraph_xtcu6_10 layout-component text-serif-m layout-normal text-serif-m layout-padded\"><strong class=\"_strong_o9xde_25\">I retten har den drapstiltalte 35-\u00e5ringen kalt forholdet for \u00abgiftig\u00bb.<\/strong><\/p>\n<p class=\"_paragraph_o9xde_4 _paragraph_xtcu6_10 layout-component text-serif-m layout-normal text-serif-m layout-padded\">\u2013 Det var mye sjalusi. Vi var som en tikkende bombe, har han forklart.<\/p>\n<p class=\"_paragraph_o9xde_4 _paragraph_xtcu6_10 layout-component text-serif-m layout-normal text-serif-m layout-padded\">Solberg anmeldte Mohammadi for vold fire ganger. Hun hadde voldsalarmvoldsalarmEn enhet som en person kan b\u00e6re for \u00e5 tilkalle hjelp raskt hvis de f\u00f8ler seg truet eller i fare for vold., men den var ikke i bruk da drapet skjedde.<\/p>\n<p class=\"_paragraph_o9xde_4 _paragraph_xtcu6_10 layout-component text-serif-m layout-normal text-serif-m layout-padded\">Familien hennes\u00a0<a href=\"https:\/\/www.vg.no\/nyheter\/i\/KnEl55\/tina-milena-solberg-33-ble-drept-i-oeygarden-burde-hatt-omvendt-voldsalarm?utm_source=sdrn%3Avg%3Aarticle%3AJbPj5P&amp;utm_medium=Link&amp;utm_content=link%3AKnEl55\" data-track-element-type=\"Link\" data-track-id=\"link:KnEl55\" class=\"_link_o9xde_39\" rel=\"nofollow noopener\" target=\"_blank\">har hevdet<\/a>\u00a0at drapet kunne v\u00e6rt unng\u00e5tt. VG har tidligere fortalt historien om\u00a0<a href=\"https:\/\/www.vg.no\/nyheter\/i\/ve4RL5\/tina-milena-solberg-drept-i-oeygarden-de-siste-timene\" data-track-element-type=\"Link\" data-track-id=\"link:ve4RL5\" class=\"_link_o9xde_39\" rel=\"nofollow noopener\" target=\"_blank\">tobarnsmorens siste timer<\/a>.<\/p>\n<p><img alt=\"Disse bildene fra politiet ble vist frem i Hordaland tingrett i starten av rettssaken. I bagasjerommet p\u00e5 den utbrente bilen l\u00e5 levningene etter Tina Milena Solberg (33).  Foto: Ingrid Bj\u00f8rndal Farestvedt \/ VG\" class=\"_image_qp4xg_65 layout-component layout-normal\" data-fullscreen- data-track-element-type=\"Article image fullscreen\" data-track-name=\"ImageFullscreen\" decoding=\"async\" loading=\"lazy\" height=\"4698\" itemprop=\"image\"  src=\"https:\/\/www.europesays.com\/no\/wp-content\/uploads\/2025\/12\/1765184959_336_59efe78d-3b51-4252-9dd7-bee7b8cf46ed\"  style=\"object-position:55.79061148857319% 46.839080459770116%\" width=\"6476\"\/>Disse bildene fra politiet ble vist frem i Hordaland tingrett i starten av rettssaken. I bagasjerommet p\u00e5 den utbrente bilen l\u00e5 levningene etter Tina Milena Solberg (33).  Foto: Ingrid Bj\u00f8rndal Farestvedt \/ VG<\/p>\n<p class=\"_paragraph_o9xde_4 _paragraph_xtcu6_10 layout-component text-serif-m layout-normal text-serif-m layout-padded\">Selv har 35-\u00e5ringen uttrykt at han er i sjokk over det han har gjort. Gang p\u00e5 gang har Mohammadi sagt at han angrer dypt.<\/p>\n<p class=\"_paragraph_o9xde_4 _paragraph_xtcu6_10 layout-component text-serif-m layout-normal text-serif-m layout-padded\">Likevel argumenterte de sakkyndige rettpsykiaterne for at han ikke har vist tegn til dette.<\/p>\n<p class=\"_paragraph_o9xde_4 _paragraph_xtcu6_10 layout-component text-serif-m layout-normal text-serif-m layout-padded\">\u2013 Han sier det med ord i retten, men i v\u00e5re samtaler har vi ikke en opplevelse av at han angrer, sa psykiater Gunnar Johannessen i retten <a href=\"https:\/\/www.vg.no\/nyheter\/i\/Ar2dmq\/drapet-paa-tina-33-mener-drapstiltalte-har-psykopatiske-trekk\" data-track-element-type=\"Link\" data-track-id=\"link:Ar2dmq\" class=\"_link_o9xde_39\" rel=\"nofollow noopener\" target=\"_blank\">torsdag<\/a>.<\/p>\n","protected":false},"excerpt":{"rendered":"P\u00e5 rettens siste dag legger aktoraktorEn advokat som representerer staten i en straffesak og som har som oppgave&hellip;\n","protected":false},"author":2,"featured_media":107243,"comment_status":"","ping_status":"","sticky":false,"template":"","format":"standard","meta":{"footnotes":""},"categories":[10],"tags":[20,21,2320,24,25,15,22,23,13,30,28,29,14,16,2869,11782,26,27,46],"class_list":{"0":"post-107242","1":"post","2":"type-post","3":"status-publish","4":"format-standard","5":"has-post-thumbnail","7":"category-norge","8":"tag-breaking-news","9":"tag-breakingnews","10":"tag-drap-i-norge","11":"tag-featured-news","12":"tag-featurednews","13":"tag-headlines","14":"tag-latest-news","15":"tag-latestnews","16":"tag-news","17":"tag-no","18":"tag-norge","19":"tag-norway","20":"tag-nyheter","21":"tag-overskrifter","22":"tag-oygarden","23":"tag-tina-milena-solberg","24":"tag-top-stories","25":"tag-topstories","26":"tag-vgai"},"share_on_mastodon":{"url":"https:\/\/pubeurope.com\/@no\/115683168562412036","error":""},"_links":{"self":[{"href":"https:\/\/www.europesays.com\/no\/wp-json\/wp\/v2\/posts\/107242","targetHints":{"allow":["GET"]}}],"collection":[{"href":"https:\/\/www.europesays.com\/no\/wp-json\/wp\/v2\/posts"}],"about":[{"href":"https:\/\/www.europesays.com\/no\/wp-json\/wp\/v2\/types\/post"}],"author":[{"embeddable":true,"href":"https:\/\/www.europesays.com\/no\/wp-json\/wp\/v2\/users\/2"}],"replies":[{"embeddable":true,"href":"https:\/\/www.europesays.com\/no\/wp-json\/wp\/v2\/comments?post=107242"}],"version-history":[{"count":0,"href":"https:\/\/www.europesays.com\/no\/wp-json\/wp\/v2\/posts\/107242\/revisions"}],"wp:featuredmedia":[{"embeddable":true,"href":"https:\/\/www.europesays.com\/no\/wp-json\/wp\/v2\/media\/107243"}],"wp:attachment":[{"href":"https:\/\/www.europesays.com\/no\/wp-json\/wp\/v2\/media?parent=107242"}],"wp:term":[{"taxonomy":"category","embeddable":true,"href":"https:\/\/www.europesays.com\/no\/wp-json\/wp\/v2\/categories?post=107242"},{"taxonomy":"post_tag","embeddable":true,"href":"https:\/\/www.europesays.com\/no\/wp-json\/wp\/v2\/tags?post=107242"}],"curies":[{"name":"wp","href":"https:\/\/api.w.org\/{rel}","templated":true}]}}