{"id":107246,"date":"2025-12-08T09:11:12","date_gmt":"2025-12-08T09:11:12","guid":{"rendered":"https:\/\/www.europesays.com\/no\/107246\/"},"modified":"2025-12-08T09:11:12","modified_gmt":"2025-12-08T09:11:12","slug":"manchester-united-paul-scholes-paul-scholes-reagerer-pa-behandlingen-av-manchester-united-spiller","status":"publish","type":"post","link":"https:\/\/www.europesays.com\/no\/107246\/","title":{"rendered":"Manchester United, Paul Scholes | Paul Scholes reagerer p\u00e5 behandlingen av Manchester United-spiller"},"content":{"rendered":"\n<p>Manchester United-ikonet er lite forn\u00f8yd med at Kobbie Mainoo ikke f\u00e5r spilletid av United-trener Ruben Amorim.<\/p>\n<p>\u2013 Gutten blir \u00f8delagt av \u00e5 ikke brukes i et lag som ikke kan kontrollere en fotballkamp, skrev Scholes i et Instagram-innlegg som han siden har slettet.<\/p>\n<p>20-\u00e5ringen har bare f\u00e5tt \u00e9n start denne sesongen. Den kom i det ydmykende tapet for Grimsby Town fra niv\u00e5 4 i ligacupen. I Premier League har det bare blitt 171 minutter fordelt p\u00e5 ni kamper, alle innhopp fra benken.<\/p>\n<p> \u2013 Jeg hater \u00e5 se egenutviklede spillere dra, men det er nok det beste for ham n\u00e5. Nok er nok, skrev han videre.<\/p>\n<p>En rekke medier meldte i august at Mainoo hadde bedt om \u00e5 f\u00e5 forlate klubben p\u00e5 l\u00e5n, et \u00f8nske som ikke gikk i oppfyllelse.<\/p>\n<p>Mandag kveld spiller Manchester United borte mot Wolverhampton i Premier League. Amorims lag kan klatre helt opp til 6.-plass med seier over tabelljumboen.<\/p>\n<p><b>Les ogs\u00e5: <a href=\"https:\/\/www.nettavisen.no\/sport\/alle-har-kastet-seg-pa-hyrox-trenden-ganske-dyre-billetter\/s\/5-95-2739701\" rel=\"Follow nofollow noopener\" target=\"_blank\">\u00abAlle\u00bb har kastet seg p\u00e5 denne trenden<\/a><\/b><\/p>\n<p>Amorim: \u2013 Min avgj\u00f8relse<\/p>\n<p>Etter poengdelingen med West Ham torsdag kveld, ble Amorim spurt om han tror det er en risiko for at Mainoo blir demoralisert etter \u00e5 ha blitt v\u00e6rende p\u00e5 benken nok en gang.<\/p>\n<p>\u2013 Jeg skj\u00f8nner hva dere sier. Dere elsker Kobbie. Han starter for England, men det betyr ikke at jeg m\u00e5 sette ham inn n\u00e5r jeg ikke synes jeg burde sette ham inn. Det er min avgj\u00f8relse, sa portugiseren p\u00e5 en pressekonferanse etter kampen.<\/p>\n<p>Amorim understrekte samtidig at hans eneste m\u00e5l er \u00e5 vinne fotballkamper.<\/p>\n<p>\u2013 Jeg vil bare vinne. Jeg pr\u00f8ver \u00e5 sette de beste spillerne p\u00e5 banen, la han til.<\/p>\n<p><b>Les ogs\u00e5: <a href=\"https:\/\/www.nettavisen.no\/sport\/sjokkert-av-norge-i-vm-tror-det-ikke\/s\/5-95-2767516\" rel=\"Follow nofollow noopener\" target=\"_blank\">H\u00e5ndball: Norge skremmer danske eksperter<\/a><\/b><\/p>\n<p>Fra bankers til benk<\/p>\n<p>Allerede i en alder av 18 var Mainoo en viktig del av Erik Ten Hags mannskap p\u00e5 Old Trafford. I 2023\/2024-sesongen startet han 24 kamper. Forrige sesong var han i startelleveren 19 ganger.<\/p>\n<p>P\u00e5 landslaget fikk han starte fire av Englands seks EM-kamper i fjor, inkludert finalen. Han har imidlertid ikke blitt tatt ut til landslaget siden Thomas Tuchel ble England-trener i januar.<\/p>\n<p><b>Les ogs\u00e5: <a href=\"https:\/\/www.nettavisen.no\/sport\/to-rode-kort-i-sjelden-smell-for-real-madrid\/s\/5-95-2767597\" rel=\"Follow nofollow noopener\" target=\"_blank\">To r\u00f8de kort i sjelden smell for Real Madrid<\/a><\/b><\/p>\n<p>Det ser dermed lite sannsynlig ut at Mainoo f\u00e5r v\u00e6re med \u00e5 spille VM neste sommer.<\/p>\n<p>Scholes ble selv utviklet i United og tilbrakte hele karrieren p\u00e5 Old Trafford. I l\u00f8pet av sine 20 \u00e5r i klubben vant han 11 Premier League-titler og to Champions League-titler.<\/p>\n<p>(\u00a9NTB)<\/p>\n","protected":false},"excerpt":{"rendered":"Manchester United-ikonet er lite forn\u00f8yd med at Kobbie Mainoo ikke f\u00e5r spilletid av United-trener Ruben Amorim. \u2013 Gutten&hellip;\n","protected":false},"author":2,"featured_media":107247,"comment_status":"","ping_status":"","sticky":false,"template":"","format":"standard","meta":{"footnotes":""},"categories":[59],"tags":[30,28,29,83,82],"class_list":{"0":"post-107246","1":"post","2":"type-post","3":"status-publish","4":"format-standard","5":"has-post-thumbnail","7":"category-sport","8":"tag-no","9":"tag-norge","10":"tag-norway","11":"tag-sport","12":"tag-sports"},"share_on_mastodon":{"url":"https:\/\/pubeurope.com\/@no\/115683176129430004","error":""},"_links":{"self":[{"href":"https:\/\/www.europesays.com\/no\/wp-json\/wp\/v2\/posts\/107246","targetHints":{"allow":["GET"]}}],"collection":[{"href":"https:\/\/www.europesays.com\/no\/wp-json\/wp\/v2\/posts"}],"about":[{"href":"https:\/\/www.europesays.com\/no\/wp-json\/wp\/v2\/types\/post"}],"author":[{"embeddable":true,"href":"https:\/\/www.europesays.com\/no\/wp-json\/wp\/v2\/users\/2"}],"replies":[{"embeddable":true,"href":"https:\/\/www.europesays.com\/no\/wp-json\/wp\/v2\/comments?post=107246"}],"version-history":[{"count":0,"href":"https:\/\/www.europesays.com\/no\/wp-json\/wp\/v2\/posts\/107246\/revisions"}],"wp:featuredmedia":[{"embeddable":true,"href":"https:\/\/www.europesays.com\/no\/wp-json\/wp\/v2\/media\/107247"}],"wp:attachment":[{"href":"https:\/\/www.europesays.com\/no\/wp-json\/wp\/v2\/media?parent=107246"}],"wp:term":[{"taxonomy":"category","embeddable":true,"href":"https:\/\/www.europesays.com\/no\/wp-json\/wp\/v2\/categories?post=107246"},{"taxonomy":"post_tag","embeddable":true,"href":"https:\/\/www.europesays.com\/no\/wp-json\/wp\/v2\/tags?post=107246"}],"curies":[{"name":"wp","href":"https:\/\/api.w.org\/{rel}","templated":true}]}}