{"id":107248,"date":"2025-12-08T09:19:10","date_gmt":"2025-12-08T09:19:10","guid":{"rendered":"https:\/\/www.europesays.com\/no\/107248\/"},"modified":"2025-12-08T09:19:10","modified_gmt":"2025-12-08T09:19:10","slug":"sylvi-listhaug-sverige-sylvi-listhaug-roser-sverige-ber-norge-ta-tak","status":"publish","type":"post","link":"https:\/\/www.europesays.com\/no\/107248\/","title":{"rendered":"Sylvi Listhaug, Sverige | Sylvi Listhaug roser Sverige: Ber Norge ta tak"},"content":{"rendered":"\n<p>\u2013 Sverige har skj\u00f8nt alvoret \u2013 Norge m\u00e5 v\u00e5kne! skriver hun p\u00e5 Facebook.<\/p>\n<p>Uttalelsen kommer etter at det ble kjent at regjeringen i Sverige \u00f8nsker \u00e5 endre grunnloven slik at det blir mulig \u00e5 trekke tilbake statsborgerskapet for personer som beg\u00e5r alvorlig kriminalitet, eller som truer eller lyver for myndighetene.<\/p>\n<p>De \u00f8nsker ogs\u00e5 \u00e5 endre grunnloven slik at selve deltakelsen i kriminelle gjenger blir ulovlig.<\/p>\n<p>\u2013 I dag kan du i Norge v\u00e6re del av en kriminell gjeng, kaste granater og skyte folk \u2013 og likevel beholde norsk statsborgerskap hvis du har dobbelt. Det er helt uakseptabelt! skriver Listhaug og fortsetter:<\/p>\n<p>\u2013 Som v\u00e5r innvandringspolitiske talsmann Erlend Wiborg har sagt: Statsborgerskap er et privilegium, ikke en rettighet. Misbruker du det ved \u00e5 undergrave tryggheten i Norge, skal du miste det.<\/p>\n<p><b>Les ogs\u00e5:<a rel=\"Follow nofollow noopener\" href=\"https:\/\/www.nettavisen.no\/nyheter\/radoslaw-sikorski-raser-mot-elon-musk-der-er-det-ingen-sensur-mot-nazihilsener\/s\/5-95-2767739\" target=\"_blank\"> Ber Musk flytte: \u2013 Der er det ingen sensur mot nazihilsener<\/a><\/b><\/p>\n<p>FrP mener at gjengkriminelle med dobbelt statsborgerskap m\u00e5 kunne fratas det norske og sendes ut, opplyser Listhaug.<\/p>\n<p>\u2013 Regjeringen m\u00e5 slutte \u00e5 sitte stille mens kriminelle nettverk vokser.<\/p>\n<p>Nettavisen har tatt kontakt med Justis- og beredskapsminister Astri Aas-Hansen (Ap) for \u00e5 f\u00e5 et svar til forslaget og Listhaugs uttalelse.<\/p>\n<p>Forslagene skal behandles i riksdagen p\u00e5 fredag<\/p>\n<p>    Vil du se neste video?<\/p>\n<p>    <a href=\"https:\/\/www.nettavisen.no\/nyheter\/ukrainske-spesialstyrker-skal-ha-tatt-ut-russiske-mal-pa-krim-halvoya\/v\/5-95-2764466\" class=\"recommend-poster\" data-adp-clicklabel=\"video-recommend\" data-adp-clickvalue=\"poster\" rel=\"nofollow noopener\" target=\"_blank\"><br \/>\n      <img decoding=\"async\" width=\"200\" height=\"200\" loading=\"lazy\" src=\"https:\/\/www.europesays.com\/no\/wp-content\/uploads\/2025\/12\/KAMPFLY+BREDDE.jpg\" alt=\"\" class=\"brick-c-cFOWSL\" style=\"--brick-image-ratio: 200 \/ 200;\"\/><\/p>\n<p>Tar ut russisk kampfly p\u00e5 Krim0:24<\/p>\n<p>    <\/a><\/p>\n","protected":false},"excerpt":{"rendered":"\u2013 Sverige har skj\u00f8nt alvoret \u2013 Norge m\u00e5 v\u00e5kne! skriver hun p\u00e5 Facebook. Uttalelsen kommer etter at det&hellip;\n","protected":false},"author":2,"featured_media":107249,"comment_status":"","ping_status":"","sticky":false,"template":"","format":"standard","meta":{"footnotes":""},"categories":[12],"tags":[20,21,24,25,15,22,23,13,30,28,29,14,16,26,27,42,43,44,45],"class_list":{"0":"post-107248","1":"post","2":"type-post","3":"status-publish","4":"format-standard","5":"has-post-thumbnail","7":"category-verden","8":"tag-breaking-news","9":"tag-breakingnews","10":"tag-featured-news","11":"tag-featurednews","12":"tag-headlines","13":"tag-latest-news","14":"tag-latestnews","15":"tag-news","16":"tag-no","17":"tag-norge","18":"tag-norway","19":"tag-nyheter","20":"tag-overskrifter","21":"tag-top-stories","22":"tag-topstories","23":"tag-verden","24":"tag-world","25":"tag-world-news","26":"tag-worldnews"},"share_on_mastodon":{"url":"https:\/\/pubeurope.com\/@no\/115683207853003119","error":""},"_links":{"self":[{"href":"https:\/\/www.europesays.com\/no\/wp-json\/wp\/v2\/posts\/107248","targetHints":{"allow":["GET"]}}],"collection":[{"href":"https:\/\/www.europesays.com\/no\/wp-json\/wp\/v2\/posts"}],"about":[{"href":"https:\/\/www.europesays.com\/no\/wp-json\/wp\/v2\/types\/post"}],"author":[{"embeddable":true,"href":"https:\/\/www.europesays.com\/no\/wp-json\/wp\/v2\/users\/2"}],"replies":[{"embeddable":true,"href":"https:\/\/www.europesays.com\/no\/wp-json\/wp\/v2\/comments?post=107248"}],"version-history":[{"count":0,"href":"https:\/\/www.europesays.com\/no\/wp-json\/wp\/v2\/posts\/107248\/revisions"}],"wp:featuredmedia":[{"embeddable":true,"href":"https:\/\/www.europesays.com\/no\/wp-json\/wp\/v2\/media\/107249"}],"wp:attachment":[{"href":"https:\/\/www.europesays.com\/no\/wp-json\/wp\/v2\/media?parent=107248"}],"wp:term":[{"taxonomy":"category","embeddable":true,"href":"https:\/\/www.europesays.com\/no\/wp-json\/wp\/v2\/categories?post=107248"},{"taxonomy":"post_tag","embeddable":true,"href":"https:\/\/www.europesays.com\/no\/wp-json\/wp\/v2\/tags?post=107248"}],"curies":[{"name":"wp","href":"https:\/\/api.w.org\/{rel}","templated":true}]}}