{"id":107254,"date":"2025-12-08T09:22:09","date_gmt":"2025-12-08T09:22:09","guid":{"rendered":"https:\/\/www.europesays.com\/no\/107254\/"},"modified":"2025-12-08T09:22:09","modified_gmt":"2025-12-08T09:22:09","slug":"mandagens-rykter-11","status":"publish","type":"post","link":"https:\/\/www.europesays.com\/no\/107254\/","title":{"rendered":"Mandagens rykter"},"content":{"rendered":"<p class=\"font-weight-bold m-font-weight-bold\" data-lab-font_weight=\"font-weight-bold\">LES OGS\u00c5: <a href=\"https:\/\/www.united.no\/nyheter\/sondagens-rykter\/1406320\" target=\"_blank\" rel=\"nofollow noopener\">Forrige ukes rykter<\/a><\/p>\n<p>Mandag 8. desember<\/p>\n<p>08.09: Den tyrkiske journalisten Erol Ecven, som vi ikke kjenner altfor godt til, <a href=\"https:\/\/x.com\/ErolEvcenn\/status\/1997737300080656469\" target=\"_blank\" rel=\"nofollow\">hevder <\/a>at Galatasaray f\u00f8lger n\u00f8ye med p\u00e5 Manuel Ugarte sin situasjon og skriver at den tyrkiske klubben vil forh\u00f8re seg om mulighetene for \u00e5 hente ham i januar.<\/p>\n<p>United signerte Ugarte i fjor sommer og uruguyaneren har f\u00e5tt mindre og mindre spilletid. Denne sesongen har han bare f\u00e5tt 314 Premier League-minutter og har v\u00e6rt gjenstand for en del kritikk.<\/p>\n","protected":false},"excerpt":{"rendered":"LES OGS\u00c5: Forrige ukes rykter Mandag 8. desember 08.09: Den tyrkiske journalisten Erol Ecven, som vi ikke kjenner&hellip;\n","protected":false},"author":2,"featured_media":107255,"comment_status":"","ping_status":"","sticky":false,"template":"","format":"standard","meta":{"footnotes":""},"categories":[59],"tags":[30,28,29,83,82],"class_list":{"0":"post-107254","1":"post","2":"type-post","3":"status-publish","4":"format-standard","5":"has-post-thumbnail","7":"category-sport","8":"tag-no","9":"tag-norge","10":"tag-norway","11":"tag-sport","12":"tag-sports"},"share_on_mastodon":{"url":"https:\/\/pubeurope.com\/@no\/115683219573362932","error":""},"_links":{"self":[{"href":"https:\/\/www.europesays.com\/no\/wp-json\/wp\/v2\/posts\/107254","targetHints":{"allow":["GET"]}}],"collection":[{"href":"https:\/\/www.europesays.com\/no\/wp-json\/wp\/v2\/posts"}],"about":[{"href":"https:\/\/www.europesays.com\/no\/wp-json\/wp\/v2\/types\/post"}],"author":[{"embeddable":true,"href":"https:\/\/www.europesays.com\/no\/wp-json\/wp\/v2\/users\/2"}],"replies":[{"embeddable":true,"href":"https:\/\/www.europesays.com\/no\/wp-json\/wp\/v2\/comments?post=107254"}],"version-history":[{"count":0,"href":"https:\/\/www.europesays.com\/no\/wp-json\/wp\/v2\/posts\/107254\/revisions"}],"wp:featuredmedia":[{"embeddable":true,"href":"https:\/\/www.europesays.com\/no\/wp-json\/wp\/v2\/media\/107255"}],"wp:attachment":[{"href":"https:\/\/www.europesays.com\/no\/wp-json\/wp\/v2\/media?parent=107254"}],"wp:term":[{"taxonomy":"category","embeddable":true,"href":"https:\/\/www.europesays.com\/no\/wp-json\/wp\/v2\/categories?post=107254"},{"taxonomy":"post_tag","embeddable":true,"href":"https:\/\/www.europesays.com\/no\/wp-json\/wp\/v2\/tags?post=107254"}],"curies":[{"name":"wp","href":"https:\/\/api.w.org\/{rel}","templated":true}]}}