{"id":107266,"date":"2025-12-08T09:30:19","date_gmt":"2025-12-08T09:30:19","guid":{"rendered":"https:\/\/www.europesays.com\/no\/107266\/"},"modified":"2025-12-08T09:30:19","modified_gmt":"2025-12-08T09:30:19","slug":"ny-sesong-av-boksen-disse-kjendisene-skal-delta","status":"publish","type":"post","link":"https:\/\/www.europesays.com\/no\/107266\/","title":{"rendered":"Ny sesong av \u00abBoksen\u00bb &#8211; disse kjendisene skal delta"},"content":{"rendered":"<p>Seersuksessen \u00abBoksen\u00bb er tilbake med ny sesong \u2013 og skal vi tro programleder Mads Hansen (41) \u2013 med nye tvister og elementer.<\/p>\n<p>F\u00f8r innspillingen gikk i gang, tidligere i h\u00f8st, forklarte Hansen at han syntes forrige sesong ble noe ujevn.<\/p>\n<p>\u2013\u00a0Noen konkurranser var gode, andre var svake. N\u00e5 har<br \/>\nvi l\u00e6rt litt, og sett hva som funker. Denne gangen blir det bedre konkurranser, i<br \/>\ntillegg til at det blir fokus p\u00e5 et sosialt spill. Gj\u00f8r du det bra i<br \/>\nkonkurransene, f\u00e5r du et bedre utgangspunkt i det sosiale spillet, forklarer han til TV 2.<\/p>\n<p>De 13 kjendisene som skal delta, ante ingenting om endringene f\u00f8r innspillingen startet.<\/p>\n<p>\u2013 Det tror jeg blir veldig spennende \u00e5 se. Deltakerne aner jo ingenting, f\u00f8r de plutselig f\u00e5r vite det av meg. Da m\u00e5 de kanskje skru om litt og tenke: \u00abShit, det hjelper<br \/>\nikke\u00bb. I fjor kunne de kanskje bare v\u00e6re i gode konkurranser og v\u00e6re rassh\u00f8l.<br \/>\nDet er ikke sikkert du kan i \u00e5r.<\/p>\n<p>Disse kjendisene deltar i \u00abBoksen\u00bb:<\/p>\n<p>        <img class=\"image__img lazyload\" itemprop=\"image\" title=\"Foto: H\u00e5vard Sjursen \/ TV 2\" alt=\"SELSKAPSLEKER I S\u00c6RKLASSE: \u2013 Det er jo litt fett \u00e5 kunne v\u00e6re med p\u00e5 et program, hvor det er et ganske h\u00f8yt budsjett p\u00e5 selskapslekene. Det er ganske kult. Foto: H\u00e5vard Sjursen \/ TV 2\" width=\"675\" height=\"513\" bad-src=\"https:\/\/www.europesays.com\/no\/wp-content\/uploads\/2025\/12\/18343007.webp\" fetchpriority=\"auto\" \/><\/p>\n<p>      SELSKAPSLEKER I S\u00c6RKLASSE: \u2013 Det er jo litt fett \u00e5 kunne v\u00e6re med p\u00e5 et program, hvor det er et ganske h\u00f8yt budsjett p\u00e5 selskapslekene. Det er ganske kult.<br \/>\n         Foto: H\u00e5vard Sjursen \/ TV 2<\/p>\n<p>Erik Follestad<\/p>\n<p>TV-profil Erik Follestad (36) mener han konkurrerer i altfor lite, slik livet er n\u00e5. Den tidligere ishockeyspilleren er glad i en utfordring, og synes det er g\u00f8y \u00e5 bli kastet ut i noe ukjent som han m\u00e5 l\u00f8se.<\/p>\n<p>I tillegg innr\u00f8mmer han at hans gode venn og kollega, programlederen selv, Mads Hansen, en finger med i spillet.<\/p>\n<p>\u2013 Vi snakket litt om det, og jeg f\u00f8lte at dette kunne egentlig passe meg ganske bra.\u00a0Jeg tror at jeg er ganske jevnt over helt grei p\u00e5<br \/>\nting. Selvf\u00f8lgelig, kanskje litt over snittet konkurranseinstinkt, men jeg<br \/>\nf\u00f8ler det er veldig vanskelig \u00e5 v\u00e6re en favoritt, fordi det er s\u00e5 bredt spekter av ting man skal gj\u00f8re.<\/p>\n<p>        <img class=\"image__img lazyload\" itemprop=\"image\" title=\"Foto: H\u00e5vard Sjursen \/ TV 2\" alt=\"BERG-OG-DAL-BANE AV F\u00d8LELSER: \u2013 Jeg skal gj\u00f8re mitt beste, men man kommer til \u00e5 drite seg mye ut, og man kommer til \u00e5 skamme seg mye. Jeg er sikker p\u00e5 at det kommer til \u00e5 v\u00e6re alt av f\u00f8lelser, men det blir spennende. Det er det som drar meg mot \u00e5 delta. Foto: H\u00e5vard Sjursen \/ TV 2\" width=\"675\" height=\"615\" bad-src=\"https:\/\/www.europesays.com\/no\/wp-content\/uploads\/2025\/12\/18343001.webp\" fetchpriority=\"auto\" \/><\/p>\n<p>      BERG-OG-DAL-BANE AV F\u00d8LELSER: \u2013 Jeg skal gj\u00f8re mitt beste, men man kommer til \u00e5 drite seg mye ut, og man kommer til \u00e5 skamme seg mye. Jeg er sikker p\u00e5 at det kommer til \u00e5 v\u00e6re alt av f\u00f8lelser, men det blir spennende. Det er det som drar meg mot \u00e5 delta.<br \/>\n         Foto: H\u00e5vard Sjursen \/ TV 2<\/p>\n<p>Anette Trettebergstuen<\/p>\n<p>Politiker Anette Trettebergstuen (44) fikk blod p\u00e5 tann, etter hun deltok i \u00abKompani Lauritzen\u00bb. Reality-opplevelsen gjorde henne hekta.<\/p>\n<p>\u2013 Jeg er eventyrlysten.\u00a0Det \u00e5 ikke vite, appellerer<br \/>\nveldig til meg \u2013 b\u00e5de p\u00e5 godt og vondt.\u00a0Du vet at du kommer til \u00e5 bli utfordret, men ikke p\u00e5 hva. Det er kjempespennende, og litt fryktinngytende.<\/p>\n<p>        <img class=\"image__img lazyload\" itemprop=\"image\" title=\"Foto: H\u00e5vard Sjursen \/ TV 2\" alt=\"GRUNDIG FORBEREDELSE: Emil W\u00e6raas er mest nerv\u00f8s for h\u00f8yder, men har g\u00e5tt grundig til verks i forberedelsene f\u00f8r \u00abBoksen\u00bb, ved \u00e5 \u00f8ve p\u00e5 \u00e5 v\u00e6re i h\u00f8yden. Foto: H\u00e5vard Sjursen \/ TV 2\" width=\"675\" height=\"648\" bad-src=\"https:\/\/www.europesays.com\/no\/wp-content\/uploads\/2025\/12\/18343000.webp\" fetchpriority=\"auto\" \/><\/p>\n<p>      GRUNDIG FORBEREDELSE: Emil W\u00e6raas er mest nerv\u00f8s for h\u00f8yder, men har g\u00e5tt grundig til verks i forberedelsene f\u00f8r \u00abBoksen\u00bb, ved \u00e5 \u00f8ve p\u00e5 \u00e5 v\u00e6re i h\u00f8yden.<br \/>\n         Foto: H\u00e5vard Sjursen \/ TV 2<\/p>\n<p>Emil W\u00e6raas<\/p>\n<p>Emil W\u00e6raas (36) er for mange kjent som karakteren \u00abSkinny E\u00bb. Tidligere i \u00e5r gikk mannen fra plankebyen viralt p\u00e5 Tiktok med dansen \u00abSkinnywalk\u00bb. If\u00f8lge W\u00e6raas er det stor forskjell p\u00e5 Emil og \u00abSkinny E\u00bb.<\/p>\n<p>\u2013 Det er deilig for meg \u00e5 sitte og v\u00e6re Emil. For<br \/>\nmange er jeg helt ukjent. Det er deilig \u00e5 kunne v\u00e6re det mennesket<br \/>\ninni \u00abBoksen\u00bb som kan starte kommentarfeltet: \u00abHvem er det? Synes dere sa<br \/>\nkjendiser\u00bb, sier han og flirer.<\/p>\n<p>\u2013 Jeg gleder meg til \u00e5 lese kommentarer, hvor alle lurer p\u00e5 hvem i all<br \/>\nverden jeg er, og alle som blir p\u00e5 ekte forbanna for at jeg er med p\u00e5 \u00abBoksen\u00bb. S\u00e5 f\u00e5r vi<br \/>\nh\u00e5pe at folk etter hvert kanskje tenker: \u00abShit, det er en sympatisk type<br \/>\nfra Fredrikstad\u00bb, og at jeg kan overraske positivt med \u00e5 v\u00e6re med.<\/p>\n<p>        <img class=\"image__img lazyload\" itemprop=\"image\" title=\"Foto: H\u00e5vard Sjursen \/ TV 2\" alt=\"FRISK OG RASK: Frode Grod\u00e5s f\u00f8ler seg klar til et nytt reality-eventyr. Foto: H\u00e5vard Sjursen \/ TV 2\" width=\"675\" height=\"628\" bad-src=\"https:\/\/www.europesays.com\/no\/wp-content\/uploads\/2025\/12\/18343008.webp\" fetchpriority=\"auto\" \/><\/p>\n<p>      FRISK OG RASK: Frode Grod\u00e5s f\u00f8ler seg klar til et nytt reality-eventyr.<br \/>\n         Foto: H\u00e5vard Sjursen \/ TV 2<\/p>\n<p>Frode Grod\u00e5s<\/p>\n<p>Tidligere fotballspiller og n\u00e5 fotballtrener Frode Grod\u00e5s (60) gleder seg til \u00e5 tre inn i konkurranse-boblen igjen, slik han hadde det som fotballspiller.<\/p>\n<p>\u2013 Du kjenner at du blir litt trigget, og g\u00e5r rundt er sm\u00e5nerv\u00f8s hele tiden.<\/p>\n<p>\u2013\u00a0I tillegg er det en pr\u00f8velse i det \u00e5 kunne t\u00f8rre \u00e5<br \/>\ndrite seg litt ut \u2013 og det er jeg forberedt p\u00e5. Her m\u00e5 vi bare st\u00e5 i det, pr\u00f8ve<br \/>\n\u00e5 by litt p\u00e5 seg selv og ta ting som det kommer. Jeg s\u00e5 sesong en, og jeg er<br \/>\noverbevist om at det sikkert vil bli enda verre for oss.<\/p>\n<p>        <img class=\"image__img lazyload\" itemprop=\"image\" title=\"Foto: H\u00e5vard Sjursen \/ TV 2\" alt=\"VIL HA DET UBEHAGELIG: \u2013 Jeg s\u00f8rger alltid for at jeg har det litt ubehagelig. Da kjenner jeg at jeg lever, ellers s\u00e5 f\u00f8ler jeg at jeg d\u00f8r litt s\u00e5nn sakte, hvis alt er behagelig. Foto: H\u00e5vard Sjursen \/ TV 2\" width=\"675\" height=\"689\" bad-src=\"https:\/\/www.europesays.com\/no\/wp-content\/uploads\/2025\/12\/18343004.webp\" fetchpriority=\"auto\" \/><\/p>\n<p>      VIL HA DET UBEHAGELIG: \u2013 Jeg s\u00f8rger alltid for at jeg har det litt ubehagelig. Da kjenner jeg at jeg lever, ellers s\u00e5 f\u00f8ler jeg at jeg d\u00f8r litt s\u00e5nn sakte, hvis alt er behagelig.<br \/>\n         Foto: H\u00e5vard Sjursen \/ TV 2<\/p>\n<p>Benedicte Adrian<\/p>\n<p>Sanger og komponist Benedicte Adrian (61) mener det er lenge siden hun har tatt en skikkelig utfordring. Hun h\u00e5per \u00abBoksen\u00bb blir akkurat det hun trenger for \u00e5 bekrefte at hun fremdeles er t\u00f8ff.<\/p>\n<p>\u2013\u00a0Jeg<br \/>\nliker \u00e5 tro at jeg er en type som tar utfordringer.<br \/>\nDet begynner \u00e5 bli en stund siden. Da jeg fikk muligheten<br \/>\ntil \u00e5 v\u00e6re med p\u00e5 dette, tenkte jeg at det er akkurat det jeg trenger for \u00e5<br \/>\nsjekke at jeg er t\u00f8ff, og s\u00e5 kanskje bli 20 \u00e5r yngre av dette \u2013 at jeg f\u00f8ler meg litt mer s\u00e5nn som jeg f\u00f8lte meg for 20 \u00e5r siden.<br \/>\nDet er mitt m\u00e5l.\u00a0<\/p>\n<p>        <img class=\"image__img lazyload\" itemprop=\"image\" title=\"Foto: H\u00e5vard Sjursen \/ TV 2\" alt=\"FERDIGHETER: \u2013 Jeg er begeistret for at \u00abBoksen\u00bb er mer ferdighetsbasert, og at jeg styrer min egen skjebne litt mer. Foto: H\u00e5vard Sjursen \/ TV 2\" width=\"675\" height=\"669\" bad-src=\"https:\/\/www.europesays.com\/no\/wp-content\/uploads\/2025\/12\/18343009.webp\" fetchpriority=\"auto\" \/><\/p>\n<p>      FERDIGHETER: \u2013 Jeg er begeistret for at \u00abBoksen\u00bb er mer ferdighetsbasert, og at jeg styrer min egen skjebne litt mer.<br \/>\n         Foto: H\u00e5vard Sjursen \/ TV 2<\/p>\n<p>Jon Ludvig Hammer<\/p>\n<p>Sjakkspiller og sportskommentator Jon Ludvig Hammer (35) gjenforenes med \u00abBoksen\u00bb-programleder Mads Hansen, og gleder seg til \u00e5 revansjere det han mener var et ufortjent kort opphold i \u00abForr\u00e6der\u00bb \u2013 ledet av Hansen.<\/p>\n<p>\u2013\u00a0Det er jo et privilegium uten like \u00e5 f\u00e5 leke i et s\u00e5nt oppsett.\u00a0Problemet er at noen av disse spillmesterne har veldig lyst til \u00e5 plage deg \u2013 og Mads i s\u00e6rdeleshet. Mitt inntrykk er at han liker \u00e5 v\u00e6re litt slem med deltakerne. Han kommer til \u00e5 gi oss noen oppgaver vi kommer til \u00e5 hate. Men det er kostnaden.<\/p>\n<p>\u2013 Mads Hansen vet litt for mye om hva jeg ikke liker. Men jeg har holdt kortene mine godt nok skjult overfor han, til at jeg skal driste meg p\u00e5 dette.<\/p>\n<p>        <img class=\"image__img lazyload\" itemprop=\"image\" title=\"Foto: H\u00e5vard Sjursen \/ TV 2\" alt=\"VINNERSKALLE: Kasper Kvello mener han skal vinne \u00abBoksen\u00bb 2026: \u2013 Jeg har jo alt \u00e5 tape, jeg n\u00e5. Jeg m\u00e5 jo si at jeg kommer til \u00e5 vinne hele dritten. Jeg kan ikke bytte n\u00e5. Foto: H\u00e5vard Sjursen \/ TV 2\" width=\"675\" height=\"669\" bad-src=\"https:\/\/www.europesays.com\/no\/wp-content\/uploads\/2025\/12\/18343006.webp\" fetchpriority=\"auto\" \/><\/p>\n<p>      VINNERSKALLE: Kasper Kvello mener han skal vinne \u00abBoksen\u00bb 2026: \u2013 Jeg har jo alt \u00e5 tape, jeg n\u00e5. Jeg m\u00e5 jo si at jeg kommer til \u00e5 vinne hele dritten. Jeg kan ikke bytte n\u00e5.<br \/>\n         Foto: H\u00e5vard Sjursen \/ TV 2<\/p>\n<p>Kasper Kvello<\/p>\n<p>Treningsinfluenser og sportskommentator, Kasper Kvello (29), kjenner p\u00e5 et bredt spekter av f\u00f8lelser, f\u00f8r han skal begi seg ut i \u00abBoksen\u00bb. For Kvello er det n\u00e6rmest utelukkende h\u00f8yder som er hans akillesh\u00e6l \u2013 n\u00e6rmere bestemt \u00e5 falle fra blant annet strikkhopp eller fallskjerm.<\/p>\n<p>\u2013 Det verst tenkelige scenarioet for meg med \u00e5 g\u00e5 ut av<br \/>\nen boks, er at d\u00f8ra \u00e5pner seg, du st\u00e5r p\u00e5 et stup, og s\u00e5 er det sistemann<br \/>\nsom hopper ut, taper. Du m\u00e5 bare kaste deg utfor 100 meter i fritt fall, f\u00f8r<br \/>\nstrikken tar deg. Alts\u00e5, det vet jeg ikke om jeg hadde fikset. Jeg har<br \/>\noppriktig tenkt igjennom det scenarioet tusen ganger i hodet. Det er klink det<br \/>\nverste.<\/p>\n<p>        <img class=\"image__img lazyload\" itemprop=\"image\" title=\"Foto: H\u00e5vard Sjursen \/ TV 2\" alt=\"SPENT: \u2013 Jeg synes det virker som en veldig fin gjeng. Alle virker snille, h\u00f8flige og herlige, og s\u00e5 f\u00e5r vi se n\u00e5r vi kommer i konkurranse, om det blir litt skiftninger. Foto: H\u00e5vard Sjursen \/ TV 2\" width=\"675\" height=\"682\" bad-src=\"https:\/\/www.europesays.com\/no\/wp-content\/uploads\/2025\/12\/18343016.webp\" fetchpriority=\"auto\" \/><\/p>\n<p>      SPENT: \u2013 Jeg synes det virker som en veldig fin gjeng. Alle virker snille, h\u00f8flige og herlige, og s\u00e5 f\u00e5r vi se n\u00e5r vi kommer i konkurranse, om det blir litt skiftninger.<br \/>\n         Foto: H\u00e5vard Sjursen \/ TV 2<\/p>\n<p>Sofie Karlstad<\/p>\n<p>If\u00f8lge influenser Sofie Karlstad (28) er hennes verste kvalitet at hun alltid m\u00e5 planlegge. \u00abBoksen\u00bb blir trolig l\u00e6ringskurven bratt, n\u00e5r hun skal \u00f8ve seg p\u00e5 \u00e5 st\u00e5 i det ukjente.<\/p>\n<p>\u2013 Jeg elsker et ord som<br \/>\nheter logistikk. At ting g\u00e5r opp i opp. Jeg er veldig opptatt av selvutvikling, og jobber veldig mye med det p\u00e5 daglig basis.\u00a0Det \u00e5 ikke ha<br \/>\nen plan, eller ikke vite hva du skal, og m\u00e5tte st\u00e5 i det ukjente, er noe jeg m\u00e5 \u00f8ve<br \/>\np\u00e5. Det er en glimrende id\u00e9 at jeg f\u00e5r gjort det p\u00e5 \u00abBoksen\u00bb.<\/p>\n<p>        <img class=\"image__img lazyload\" itemprop=\"image\" title=\"Foto: H\u00e5vard Sjursen \/ TV 2\" alt=\"Tuva Billing frykter h\u00f8yder aller mest: \u2013 Og da er vi p\u00e5 stol-niv\u00e5. Foto: H\u00e5vard Sjursen \/ TV 2\" width=\"675\" height=\"594\" bad-src=\"https:\/\/www.europesays.com\/no\/wp-content\/uploads\/2025\/12\/18343531.webp\" fetchpriority=\"auto\" \/><\/p>\n<p>      Tuva Billing frykter h\u00f8yder aller mest: \u2013 Og da er vi p\u00e5 stol-niv\u00e5.<br \/>\n         Foto: H\u00e5vard Sjursen \/ TV 2<\/p>\n<p>Tuva Billing<\/p>\n<p>Skuespiller Tuva Billing (33), kjent fra blant annet TV 2-suksessen \u00abEvig Singel\u00bb og NRKs \u00abNissene i skjul\u00bb, gleder seg til \u00e5 begi seg ut p\u00e5 noe ukjent. Hun gleder seg til \u00e5 kjenne p\u00e5 den ekte reality-bobla. Tidligere har hun deltatt i \u00abKongen befaler\u00bb.<\/p>\n<p>\u2013 \u00abBoksen\u00bb er en litt annerledes reality. Det er ikke s\u00e5 gitt hvem som vinner. Det handler<br \/>\nikke om \u00e5 v\u00e6re sterkest. Det handler vel mer om at den som g\u00e5r ut av<br \/>\nkomfortsona mest, er den som kanskje kommer lengst. Hvem vet? Eller skj\u00f8nner<br \/>\noppgaven, da, i det hele tatt.<\/p>\n<p>        <img class=\"image__img lazyload\" itemprop=\"image\" title=\"Foto: H\u00e5vard Sjursen \/ TV 2\" alt=\"VIL BRYTE REALITY-STEMPEL: \u2013 Jeg har ikke historie for \u00e5 v\u00e6re med s\u00e5 veldig lenge i reality-programmer. S\u00e5 denne gangen skal jeg vinne. Jeg f\u00f8ler at jeg lyver, for jeg tenker at jeg ikke klarer det. Men jeg har s\u00e5 lyst. Hvert fall komme litt langt. Foto: H\u00e5vard Sjursen \/ TV 2\" width=\"675\" height=\"655\" bad-src=\"https:\/\/www.europesays.com\/no\/wp-content\/uploads\/2025\/12\/18343010.webp\" fetchpriority=\"auto\" \/><\/p>\n<p>      VIL BRYTE REALITY-STEMPEL: \u2013 Jeg har ikke historie for \u00e5 v\u00e6re med s\u00e5 veldig lenge i reality-programmer. S\u00e5 denne gangen skal jeg vinne. Jeg f\u00f8ler at jeg lyver, for jeg tenker at jeg ikke klarer det. Men jeg har s\u00e5 lyst. Hvert fall komme litt langt.<br \/>\n         Foto: H\u00e5vard Sjursen \/ TV 2<\/p>\n<p>Margrethe R\u00f8ed<\/p>\n<p>\u2013 Jeg merker at jeg er veldig spent, fordi n\u00e5 skjer det!<\/p>\n<p>Skuespiller og programleder Margrethe R\u00f8ed (48) mener henne st\u00f8rste utfordring er \u00e5 ikke vite hva som skal skje. Derfor m\u00e5 hun gj\u00f8re en jobb for \u00e5 ikke tenke, og bare gj\u00f8re i \u00abBoksen\u00bb.<\/p>\n<p>\u2013 F\u00f8rst og fremst s\u00e5 er det jo veldig g\u00f8y<br \/>\nat jeg skal f\u00e5 lov til \u00e5 leke p\u00e5 en ekstrem m\u00e5te. Og s\u00e5 kommer nervene etter det.<\/p>\n<p>        <img class=\"image__img lazyload\" itemprop=\"image\" title=\"Foto: H\u00e5vard Sjursen \/ TV 2\" alt=\"KLAR FOR KAMP: \u2013 Jeg har det alltid likt \u2013 jeg str\u00e5ler, og jeg har det str\u00e5lende. Jeg elsker \u00e5 vinne, og hater \u00e5 tape. Foto: H\u00e5vard Sjursen \/ TV 2\" width=\"675\" height=\"635\" bad-src=\"https:\/\/www.europesays.com\/no\/wp-content\/uploads\/2025\/12\/18343536.webp\" fetchpriority=\"auto\" \/><\/p>\n<p>      KLAR FOR KAMP: \u2013 Jeg har det alltid likt \u2013 jeg str\u00e5ler, og jeg har det str\u00e5lende. Jeg elsker \u00e5 vinne, og hater \u00e5 tape.<br \/>\n         Foto: H\u00e5vard Sjursen \/ TV 2<\/p>\n<p>Tim Kristian Holter Moen<\/p>\n<p>Skj\u00f8nnhetsinfluenser Tim Kristian Holter Moen (25) frykter de andre deltakerne kan ta \u00abBoksen\u00bb litt for seri\u00f8st.<\/p>\n<p>\u2013 Det vil jeg ikke ha noe av. Jeg vil ha det g\u00f8y. Hvis de blir litt kjedelige av seg, da m\u00e5 vi \u00abspice\u00bb dem opp litt. Da m\u00e5 jeg skape drama. De er litt tilbaketrukne, tror jeg, s\u00e5 jeg er klar for \u00e5 bringe drama ut av dem.<\/p>\n<p>Blant deltakerne er det \u00e9n person Moen har s\u00e6rdeles store forventninger til.<\/p>\n<p>\u2013\u00a0Kasper Kvello. Jeg har konkurrert med Kasper f\u00f8r, og han er litt av en<br \/>\nrakker. Han er et konkurransemenneske, og han er dyktig, s\u00e5 jeg m\u00e5 gj\u00f8re alt<br \/>\njeg kan for \u00e5 pr\u00f8ve \u00e5 sabotere han.\u00a0For \u00e5 vinne m\u00e5 man jo ofte sabotere, sier han og flirer.<\/p>\n<p>        <img class=\"image__img lazyload\" itemprop=\"image\" title=\"Foto: H\u00e5vard Sjursen \/ TV 2\" alt=\"GOD STEMNING: Morten Hegseth synes \u00abBoksen\u00bb er god stemning, og gleder seg til \u00e5 ha det moro. Foto: H\u00e5vard Sjursen \/ TV 2\" width=\"675\" height=\"628\" bad-src=\"https:\/\/www.europesays.com\/no\/wp-content\/uploads\/2025\/12\/18343013.webp\" fetchpriority=\"auto\" \/><\/p>\n<p>      GOD STEMNING: Morten Hegseth synes \u00abBoksen\u00bb er god stemning, og gleder seg til \u00e5 ha det moro.<br \/>\n         Foto: H\u00e5vard Sjursen \/ TV 2<\/p>\n<p>Morten Hegseth<\/p>\n<p>Journalist og programleder Morten Hegseth (39) har tatt et noe uvant, men bevisst valg, f\u00f8r han skal inn i \u00abBoksen\u00bb.<\/p>\n<p>\u2013\u00a0Jeg har<br \/>\nikke sett p\u00e5 \u00abBoksen\u00bb fordi jeg synes at n\u00e5r kjendiser vet<br \/>\nveldig godt hva de er med p\u00e5 i reality-TV, s\u00e5nn utstudert og blir karakterer \u2026<br \/>\nDet synes jeg er litt kjedelig. Jeg vet egentlig ikke hva jeg g\u00e5r til, men jeg vet at det er utfordringer ut av<br \/>\nboks, og s\u00e5 tar jeg det deretter.<\/p>\n<p>\u00a0\u2013\u00a0Jeg<br \/>\ntror det er en veldig dum strategi, fordi det er jo ofte en fordel \u00e5 v\u00e6re forberedt.<br \/>\nOg n\u00e5r n\u00f8kkelegenskaper er stress og logisk tenkning, som jeg er elendig p\u00e5, s\u00e5<br \/>\nstiller jeg svakt. Hvis noen sier: \u00abLegg et puslespill, alder 4 pluss\u00bb, og: \u00abHusk en tallrekke mens du hopper ned\u00bb \u2026 Det skjer ikke. Jeg er p\u00e5 grensa til spesialklasse. Ikke at det er noe g\u00e6rent med spesialklasse, men jeg sliter med logisk tenkning.<\/p>\n<p>\u2013\u00a0Men jeg gleder meg veldig.\u00a0<\/p>\n<p>        <img class=\"image__img lazyload\" itemprop=\"image\" title=\"Foto: H\u00e5vard Sjursen \/ TV 2\" alt=\"\u00d8NSKER \u00c5 BLI UTFORDRET: Tomine Harket ser frem til \u00e5 bli utfordret. \u2013 F\u00f8rste sesong er jo alltid litt s\u00e5nn at man m\u00e5 pr\u00f8ve seg frem. Jeg tror ikke det blir like lett \u00e5 trekke seg n\u00e5. Foto: H\u00e5vard Sjursen \/ TV 2\" width=\"675\" height=\"716\" bad-src=\"https:\/\/www.europesays.com\/no\/wp-content\/uploads\/2025\/12\/18343575.webp\" fetchpriority=\"auto\" \/><\/p>\n<p>      \u00d8NSKER \u00c5 BLI UTFORDRET: Tomine Harket ser frem til \u00e5 bli utfordret. \u2013 F\u00f8rste sesong er jo alltid litt s\u00e5nn at man m\u00e5 pr\u00f8ve seg frem. Jeg tror ikke det blir like lett \u00e5 trekke seg n\u00e5.<br \/>\n         Foto: H\u00e5vard Sjursen \/ TV 2<\/p>\n<p>Tomine Harket<\/p>\n<p>\u2013 Jeg h\u00e5per oppgavene er fete nok.<\/p>\n<p>Selv om artist Tomine Harket (32) h\u00e5per p\u00e5 noen actionfylte oppgaver, er det et par elementer hun mener kan bli utfordrende.<\/p>\n<p>\u2013 Jeg har veldig klaustrofobi. Det er jeg litt redd for. Man skal jo v\u00e6re inni en boks, men jeg tenker at det skal g\u00e5 greit. S\u00e5 lenge vi ikke er for lenge inni der, s\u00e5 skal det g\u00e5 fint.\u00a0<\/p>\n<p>\u2013 Ikke at jeg er dritgod i<br \/>\nmatte, s\u00e5nn egentlig noen gang, men hvis man blir spurt: \u00abN\u00e5 skal du tenke\u00bb, da<br \/>\nvet jeg at jeg kommer til \u00e5 bli helt blank. Da skrur bare hjernen seg av.<br \/>\nJeg har lurt p\u00e5 hvordan jeg skal klare s\u00e5nne tall-ting. Den g\u00e5r ikke, ass \u2013 i hvert fall ikke under press. Det gruer jeg meg til. Men egentlig gleder jeg meg bare mest.<\/p>\n<p>        Disse kjendisene deltar i \u00abBoksen\u00bb:<\/p>\n<p>Politiker Anette Trettebergstuen (44)<\/p>\n<p>Artist Benedicte Adrian (61)<\/p>\n<p>TikTok-profil Emil W\u00e6raas (36)<\/p>\n<p>TV-profil Erik Follestad (36)<\/p>\n<p>Tidligere fotballspiller Frode Grod\u00e5s (60)<\/p>\n<p>Sjakkspiller og sportskommentator Jon Ludvig Hammer (35)<\/p>\n<p>Influenser og sportskommentator Kasper Kvello (29)<\/p>\n<p>Skuespiller og programleder Margrethe R\u00f8ed (48)<\/p>\n<p>Journalist og programleder Morten Hegseth (39)<\/p>\n<p>Influenser Sofie Karlstad (28)<\/p>\n<p>Influenser Tim Kristian Holter Moen (25)<\/p>\n<p>Artist Tomine Harket (32)<\/p>\n<p>Skuespiller Tuva Billing (33)<\/p>\n","protected":false},"excerpt":{"rendered":"Seersuksessen \u00abBoksen\u00bb er tilbake med ny sesong \u2013 og skal vi tro programleder Mads Hansen (41) \u2013 med&hellip;\n","protected":false},"author":2,"featured_media":107267,"comment_status":"","ping_status":"","sticky":false,"template":"","format":"standard","meta":{"footnotes":""},"categories":[58],"tags":[71,30,28,29,72],"class_list":{"0":"post-107266","1":"post","2":"type-post","3":"status-publish","4":"format-standard","5":"has-post-thumbnail","7":"category-underholdning","8":"tag-entertainment","9":"tag-no","10":"tag-norge","11":"tag-norway","12":"tag-underholdning"},"share_on_mastodon":{"url":"https:\/\/pubeurope.com\/@no\/115683250887046650","error":""},"_links":{"self":[{"href":"https:\/\/www.europesays.com\/no\/wp-json\/wp\/v2\/posts\/107266","targetHints":{"allow":["GET"]}}],"collection":[{"href":"https:\/\/www.europesays.com\/no\/wp-json\/wp\/v2\/posts"}],"about":[{"href":"https:\/\/www.europesays.com\/no\/wp-json\/wp\/v2\/types\/post"}],"author":[{"embeddable":true,"href":"https:\/\/www.europesays.com\/no\/wp-json\/wp\/v2\/users\/2"}],"replies":[{"embeddable":true,"href":"https:\/\/www.europesays.com\/no\/wp-json\/wp\/v2\/comments?post=107266"}],"version-history":[{"count":0,"href":"https:\/\/www.europesays.com\/no\/wp-json\/wp\/v2\/posts\/107266\/revisions"}],"wp:featuredmedia":[{"embeddable":true,"href":"https:\/\/www.europesays.com\/no\/wp-json\/wp\/v2\/media\/107267"}],"wp:attachment":[{"href":"https:\/\/www.europesays.com\/no\/wp-json\/wp\/v2\/media?parent=107266"}],"wp:term":[{"taxonomy":"category","embeddable":true,"href":"https:\/\/www.europesays.com\/no\/wp-json\/wp\/v2\/categories?post=107266"},{"taxonomy":"post_tag","embeddable":true,"href":"https:\/\/www.europesays.com\/no\/wp-json\/wp\/v2\/tags?post=107266"}],"curies":[{"name":"wp","href":"https:\/\/api.w.org\/{rel}","templated":true}]}}