{"id":10727,"date":"2025-08-17T18:35:20","date_gmt":"2025-08-17T18:35:20","guid":{"rendered":"https:\/\/www.europesays.com\/no\/10727\/"},"modified":"2025-08-17T18:35:20","modified_gmt":"2025-08-17T18:35:20","slug":"slassing-beruset-flere-slasskamper-i-harstad-og-omegn-i-natt","status":"publish","type":"post","link":"https:\/\/www.europesays.com\/no\/10727\/","title":{"rendered":"Sl\u00e5ssing, Beruset | Flere sl\u00e5sskamper i Harstad og omegn i natt"},"content":{"rendered":"\n<p>Klokken 00:38 meldte politiet om at det p\u00e5gikk sl\u00e5ssing p\u00e5 en privatadresse p\u00e5 Borkenes. Politiet var p\u00e5 stedet med flere patruljer. <\/p>\n<p>\u2013 Det er n\u00e5 rolig p\u00e5 stedet, fere unge gutter var involvert, og verger er informert, skrives det i politiloggen.<\/p>\n<p>Sl\u00e5tt ned p\u00e5 byen<\/p>\n<p>En person ble sl\u00e5tt til p\u00e5 et utested i Harstad sentrum. Mistenkte dro fra stedet f\u00f8r politiet ankom, men politiet har mistenktes identitet. Forn\u00e6rmede part vil vurdere \u00e5 anmelde saken.<\/p>\n<p>Politiet viste ogs\u00e5 bort en beruset mann i 20-\u00e5rene fra Harstad sentrum natt til s\u00f8ndag. Mannen var sv\u00e6rt ufin og kranglete mot vektere og politi.<\/p>\n<p>Gikk amok i Tjeldsund<\/p>\n<p>Klokken 01:56 fikk politiet melding om en beruset person som utagerte p\u00e5 en privat adresse i Tjeldsund. Mannen hadde knust inventar, utl\u00f8st brannalarm og pr\u00f8vde \u00e5 sl\u00e5 personer som var p\u00e5 stedet. <\/p>\n<p>\u2013 Politiet har kontroll p\u00e5 en mann i 20-\u00e5rene, vedkommene innbringes til arrest i Harstad, skrives det i politiloggen.<\/p>\n<p>Vold p\u00e5 Sama<\/p>\n<p>Politiet fikk melding klokken 03:24 om at en person skal v\u00e6re sl\u00e5tt utenfor Coop Extra p\u00e5 Sama. Politiet var p\u00e5 stedet med flere patruljer, og fikk kontroll p\u00e5 to personer.<\/p>\n<p>Politiet valgte \u00e5 opprette sak p\u00e5 forholdet. De involverte er personer som kjenner hverandre og har en konflikt. Politiet har avh\u00f8rt mistenkte, forn\u00e6rmede og et vitne.<\/p>\n<p>      Rykket ut til havna<\/p>\n<p>Politiet fikk melding om en overstadig beruset kvinne som var nede ved kaia. Melder var redd kvinnen skulle falle i havet. <\/p>\n<p>\u2013 Politiet har v\u00e6rt p\u00e5 stedet og f\u00e5tt et familiemedlem til \u00e5 hente henne, skrives det i politiloggen.<\/p>\n<p>Ruskj\u00f8ring<\/p>\n<p>Rundt klokken 03:30 stanset politiet en bil p\u00e5 Sortland, der f\u00f8rer ikke hadde f\u00f8rerkort. F\u00f8rer mistenkes ogs\u00e5 for rusp\u00e5virket kj\u00f8ring, samt var i besittelse av narkotika. <\/p>\n<p>\u2013 Bevissikring gjort. Politiet oppretter sak, skrives det i politiloggen.<\/p>\n<p>Les mer om: artikkelemnene<\/p>\n","protected":false},"excerpt":{"rendered":"Klokken 00:38 meldte politiet om at det p\u00e5gikk sl\u00e5ssing p\u00e5 en privatadresse p\u00e5 Borkenes. Politiet var p\u00e5 stedet&hellip;\n","protected":false},"author":2,"featured_media":10235,"comment_status":"","ping_status":"","sticky":false,"template":"","format":"standard","meta":{"footnotes":""},"categories":[10],"tags":[36,2135,20,21,24,25,15,22,23,13,30,28,29,14,16,2219,1510,26,27,2220],"class_list":{"0":"post-10727","1":"post","2":"type-post","3":"status-publish","4":"format-standard","5":"has-post-thumbnail","7":"category-norge","8":"tag-art","9":"tag-beruset","10":"tag-breaking-news","11":"tag-breakingnews","12":"tag-featured-news","13":"tag-featurednews","14":"tag-headlines","15":"tag-latest-news","16":"tag-latestnews","17":"tag-news","18":"tag-no","19":"tag-norge","20":"tag-norway","21":"tag-nyheter","22":"tag-overskrifter","23":"tag-slassing","24":"tag-story","25":"tag-top-stories","26":"tag-topstories","27":"tag-utagerende"},"share_on_mastodon":{"url":"","error":""},"_links":{"self":[{"href":"https:\/\/www.europesays.com\/no\/wp-json\/wp\/v2\/posts\/10727","targetHints":{"allow":["GET"]}}],"collection":[{"href":"https:\/\/www.europesays.com\/no\/wp-json\/wp\/v2\/posts"}],"about":[{"href":"https:\/\/www.europesays.com\/no\/wp-json\/wp\/v2\/types\/post"}],"author":[{"embeddable":true,"href":"https:\/\/www.europesays.com\/no\/wp-json\/wp\/v2\/users\/2"}],"replies":[{"embeddable":true,"href":"https:\/\/www.europesays.com\/no\/wp-json\/wp\/v2\/comments?post=10727"}],"version-history":[{"count":0,"href":"https:\/\/www.europesays.com\/no\/wp-json\/wp\/v2\/posts\/10727\/revisions"}],"wp:featuredmedia":[{"embeddable":true,"href":"https:\/\/www.europesays.com\/no\/wp-json\/wp\/v2\/media\/10235"}],"wp:attachment":[{"href":"https:\/\/www.europesays.com\/no\/wp-json\/wp\/v2\/media?parent=10727"}],"wp:term":[{"taxonomy":"category","embeddable":true,"href":"https:\/\/www.europesays.com\/no\/wp-json\/wp\/v2\/categories?post=10727"},{"taxonomy":"post_tag","embeddable":true,"href":"https:\/\/www.europesays.com\/no\/wp-json\/wp\/v2\/tags?post=10727"}],"curies":[{"name":"wp","href":"https:\/\/api.w.org\/{rel}","templated":true}]}}