{"id":107270,"date":"2025-12-08T09:35:11","date_gmt":"2025-12-08T09:35:11","guid":{"rendered":"https:\/\/www.europesays.com\/no\/107270\/"},"modified":"2025-12-08T09:35:11","modified_gmt":"2025-12-08T09:35:11","slug":"kruger-vrakes-til-uhyre-viktig-renn","status":"publish","type":"post","link":"https:\/\/www.europesays.com\/no\/107270\/","title":{"rendered":"Kr\u00fcger vrakes til uhyre viktig renn"},"content":{"rendered":"\n<p class=\"_lead_o9xde_2 _lead_xtcu6_50 layout-component text-serif-m layout-normal text-serif-l layout-component layout-wide layout-padded _wide_17hqh_1 layout-padded\">Simen Hegstad Kr\u00fcger (32) er ikke tatt ut til \u00e5 g\u00e5 OL-uttaksrennet 10 kilometer fristil i Davos, f\u00e5r VG opplyst.<\/p>\n<p><img alt=\"Simen Hegstad Kr\u00fcger, her under et pressetreff f\u00f8r \u00e5rets langrennssesong. Foto: Terje Pedersen \/ NTB\" class=\"_image_qp4xg_65 layout-component layout-wide\" data-fullscreen- data-track-element-type=\"Article image fullscreen\" data-track-name=\"ImageFullscreen\" fetchpriority=\"high\" decoding=\"sync\" loading=\"eager\" height=\"3513\" itemprop=\"image\"  src=\"https:\/\/www.europesays.com\/no\/wp-content\/uploads\/2025\/12\/e2509ea7-1f91-475a-be75-3495478765a5\"  style=\"object-position:0% 0%\" width=\"5269\"\/>Simen Hegstad Kr\u00fcger, her under et pressetreff f\u00f8r \u00e5rets langrennssesong. Foto: Terje Pedersen \/ NTB<\/p>\n<ul aria-hidden=\"true\" class=\"_images_ntbth_112\">\n<li><a class=\"_link_ntbth_117\" href=\"https:\/\/www.vg.no\/forfatter\/mikal-aaserud\" style=\"z-index:1\" title=\"Mikal Emil Aaserud\" rel=\"nofollow noopener\" target=\"_blank\"><img alt=\"Bilde av Mikal Emil Aaserud\" class=\"_image_ntbth_93\" fetchpriority=\"low\" loading=\"lazy\" decoding=\"async\" itemprop=\"image\"  src=\"https:\/\/www.europesays.com\/no\/wp-content\/uploads\/2025\/12\/1765186510_788_1f4bb18c-b7b1-46ba-9b49-79ae6afd7bbd\"  width=\"480\"\/><\/a><\/li>\n<\/ul>\n<p> Oppdatert mandag 8. desember kl. 09:51     <\/p>\n<p class=\"_paragraph_o9xde_4 _paragraph_xtcu6_10 layout-component text-serif-m layout-normal text-serif-m layout-padded\">Det er mildt sagt krise for mannen som har individuell medalje i nesten alle mesterskap siden 2018har individuell medalje i nesten alle mesterskap siden 2018Kr\u00fcger har tatt individuell medalje i nesten samtlige mesterskap siden OL i Pyeongchang i 2018. Det eneste mesterskapet han ikke har medalje fra er VM i Seefeld i 2019. Men VM i b\u00e5de Oberstdorf, Planica og Trondheim (2021, 2023 og 2025), samt OL i Beijing i 2022 har han medalje..<\/p>\n<p class=\"_paragraph_o9xde_4 _paragraph_xtcu6_10 layout-component text-serif-m layout-normal text-serif-m layout-padded\"><strong class=\"_strong_o9xde_25\">Mandag satte nemlig langrennslandslaget seg p\u00e5 flyet ned til Sveits. N\u00e6rmere bestemt Davos. Der er ikke Kr\u00fcger med, kan VG erfare.<\/strong><\/p>\n<p class=\"_paragraph_o9xde_4 _paragraph_xtcu6_10 layout-component text-serif-m layout-normal text-serif-m layout-padded\">Til helgen venter flere verdenscuprenn. P\u00e5 s\u00f8ndag det aller viktigste.<\/p>\n<ul class=\"_list_o9xde_3 _list_xtcu6_9 _unordered_o9xde_106 layout-component text-serif-m layout-normal text-serif-m layout-padded\">\n<li class=\"_item_o9xde_30\">Da g\u00e5r det siste uttaksrennet til OL i 10 kilometer fristil. P\u00e5 den distansen <a href=\"https:\/\/www.vg.no\/sport\/i\/8pwPp1\/kometen-einar-hedegart-kan-ufrivillig-havne-i-ol-skvis-etter-superrennet-i-trondheim-surrealistisk\" data-track-element-type=\"Link\" data-track-id=\"link:8pwPp1\" class=\"_link_o9xde_39\" rel=\"nofollow noopener\" target=\"_blank\">er det allerede knallhard kamp om plassene<\/a>.<\/li>\n<li class=\"_item_o9xde_30\">Det er ogs\u00e5 det siste distanserennet f\u00f8r landslagsledelsen tar ut den norske troppen til Tour de Ski.<\/li>\n<\/ul>\n<p class=\"_paragraph_o9xde_4 _paragraph_xtcu6_10 layout-component text-serif-m layout-normal text-serif-m layout-padded\">Iver Tildheim Andersen var ikke imponert over sin egen sjetteplass i verdenscuprennet i Trondheim p\u00e5 s\u00f8ndag:<\/p>\n<p class=\"_paragraph_o9xde_4 _paragraph_xtcu6_10 layout-component text-serif-m layout-normal text-serif-m layout-padded\">Johannes H\u00f8sflot Kl\u00e6bo og Mattis Stenshagen har friplassfriplassDe to har friplass til alle individuelle verdenscuprenn f\u00f8r jul som f\u00f8lge av at de vant verdenscupen og Skandinavisk cup sammenlagt sist sesong..<\/p>\n<p class=\"_paragraph_o9xde_4 _paragraph_xtcu6_10 layout-component text-serif-m layout-normal text-serif-m layout-padded\">I den ordin\u00e6re seks mann store kvotenordin\u00e6re seks mann store kvotenNorge har en kvote p\u00e5 seks ut\u00f8vere per kj\u00f8nn til verdenscuprenn utenfor Norge. har Harald \u00d8stberg Amundsen, Einar Hedegart, Martin L\u00f8wstr\u00f8m Nyenget, Andreas Fjorden Ree, Iver Tildheim Andersen og Emil Iversen f\u00e5tt flybillett, kan VG erfare.<\/p>\n<p class=\"_paragraph_o9xde_4 _paragraph_xtcu6_10 layout-component text-serif-m layout-normal text-serif-m layout-padded\">Alle disse seks var blant de seks beste p\u00e5 s\u00f8ndagens 10 kilometer i Gran\u00e5sen, Trondheim.<\/p>\n<p class=\"_paragraph_o9xde_4 _paragraph_xtcu6_10 layout-component text-serif-m layout-normal text-serif-m layout-padded\">Kometen Einar Hedegart bommet litt da han tok ledelsen i s\u00f8ndagens renn:<\/p>\n<p class=\"_paragraph_o9xde_4 _paragraph_xtcu6_10 layout-component text-serif-m layout-normal text-serif-m layout-padded\">Kr\u00fcger hadde ingen god dag og ble nummer 17, men fortalte for eksempel i pressesonen at han tapte sekunder i lange glidstrekk der han f\u00f8lte han ikke burde tape noe.<\/p>\n<p class=\"_paragraph_o9xde_4 _paragraph_xtcu6_10 layout-component text-serif-m layout-normal text-serif-m layout-padded\">\u2013 Bekm\u00f8rkt, <a href=\"https:\/\/www.vg.no\/sport\/i\/16kogl\/simen-hegstad-kruger-innroemmer-at-ol-plassen-henger-i-en-tynn-traad-etter-svake-renn-i-verdenscupen-i-trondheim\" data-track-element-type=\"Link\" data-track-id=\"link:16kogl\" class=\"_link_o9xde_39\" rel=\"nofollow noopener\" target=\"_blank\">sa uansett Kr\u00fcger til VG om prestasjonen<\/a>.<\/p>\n<p class=\"_paragraph_o9xde_4 _paragraph_xtcu6_10 layout-component text-serif-m layout-normal text-serif-m layout-padded\">Han var smertelig klar over at det kunne bli lite verdenscup i tiden fremover, men hadde et h\u00e5p.<\/p>\n<p><img alt=\"Simen Hegstad Kr\u00fcger, her fra s\u00f8ndagens renn i Gran\u00e5sen, Trondheim. Der gikk det ikke som han hadde planlagt.  Foto: Geir Olsen \/ NTB\" class=\"_image_qp4xg_65 layout-component layout-normal\" data-fullscreen- data-track-element-type=\"Article image fullscreen\" data-track-name=\"ImageFullscreen\" decoding=\"async\" loading=\"lazy\" height=\"4693\" itemprop=\"image\"  src=\"https:\/\/www.europesays.com\/no\/wp-content\/uploads\/2025\/12\/eff8a0dc-9ff7-4015-9472-509437d6bc29\"  style=\"object-position:0% 0%\" width=\"7035\"\/>Simen Hegstad Kr\u00fcger, her fra s\u00f8ndagens renn i Gran\u00e5sen, Trondheim. Der gikk det ikke som han hadde planlagt.  Foto: Geir Olsen \/ NTB<\/p>\n<p class=\"_paragraph_o9xde_4 _paragraph_xtcu6_10 layout-component text-serif-m layout-normal text-serif-m layout-padded\">NRK-ekspert Fredrik Aukland mente s\u00f8ndag at Kr\u00fcger var i stor fare for \u00e5 bli vraket til verdenscupen.<\/p>\n<p class=\"_paragraph_o9xde_4 _paragraph_xtcu6_10 layout-component text-serif-m layout-normal text-serif-m layout-padded\">\u2013 Det er s\u00e5 mange som g\u00e5r fort. Kr\u00fcger er den som ikke har levert i \u00e5r, selv om han har v\u00e6rt syk. De andre har levert p\u00e5 s\u00e5 h\u00f8yt niv\u00e5. Hvor lenge kan han leve p\u00e5 gamle meritter? spurte Aukland.<\/p>\n<p class=\"_paragraph_o9xde_4 _paragraph_xtcu6_10 layout-component text-serif-m layout-normal text-serif-m layout-padded\">\u2013 Slik jeg ser det, s\u00e5 ryker enten han eller Emil Iversen. Det kan bli helt avgj\u00f8rende. Toget kan g\u00e5 for Kr\u00fcger n\u00e5. Dette er dramatisk for ham. Uansett vil noen bli skuffet, sa Aukland.<\/p>\n<p class=\"_paragraph_o9xde_4 _paragraph_xtcu6_10 layout-component text-serif-m layout-normal text-serif-m layout-padded\">Landslagssjef Per Elias Kalfoss har ikke besvart VGs henvendelser mandag. <\/p>\n","protected":false},"excerpt":{"rendered":"Simen Hegstad Kr\u00fcger (32) er ikke tatt ut til \u00e5 g\u00e5 OL-uttaksrennet 10 kilometer fristil i Davos, f\u00e5r&hellip;\n","protected":false},"author":2,"featured_media":107271,"comment_status":"","ping_status":"","sticky":false,"template":"","format":"standard","meta":{"footnotes":""},"categories":[5],"tags":[20,21,24,25,15,19,398,22,23,17,18,13,30,28,29,14,16,11960,26,27,399],"class_list":{"0":"post-107270","1":"post","2":"type-post","3":"status-publish","4":"format-standard","5":"has-post-thumbnail","7":"category-overskrifter","8":"tag-breaking-news","9":"tag-breakingnews","10":"tag-featured-news","11":"tag-featurednews","12":"tag-headlines","13":"tag-hovedoppslag","14":"tag-langrenn","15":"tag-latest-news","16":"tag-latestnews","17":"tag-main-news","18":"tag-mainnews","19":"tag-news","20":"tag-no","21":"tag-norge","22":"tag-norway","23":"tag-nyheter","24":"tag-overskrifter","25":"tag-simen-hegstad-kruger","26":"tag-top-stories","27":"tag-topstories","28":"tag-vintersport"},"share_on_mastodon":{"url":"https:\/\/pubeurope.com\/@no\/115683270809755261","error":""},"_links":{"self":[{"href":"https:\/\/www.europesays.com\/no\/wp-json\/wp\/v2\/posts\/107270","targetHints":{"allow":["GET"]}}],"collection":[{"href":"https:\/\/www.europesays.com\/no\/wp-json\/wp\/v2\/posts"}],"about":[{"href":"https:\/\/www.europesays.com\/no\/wp-json\/wp\/v2\/types\/post"}],"author":[{"embeddable":true,"href":"https:\/\/www.europesays.com\/no\/wp-json\/wp\/v2\/users\/2"}],"replies":[{"embeddable":true,"href":"https:\/\/www.europesays.com\/no\/wp-json\/wp\/v2\/comments?post=107270"}],"version-history":[{"count":0,"href":"https:\/\/www.europesays.com\/no\/wp-json\/wp\/v2\/posts\/107270\/revisions"}],"wp:featuredmedia":[{"embeddable":true,"href":"https:\/\/www.europesays.com\/no\/wp-json\/wp\/v2\/media\/107271"}],"wp:attachment":[{"href":"https:\/\/www.europesays.com\/no\/wp-json\/wp\/v2\/media?parent=107270"}],"wp:term":[{"taxonomy":"category","embeddable":true,"href":"https:\/\/www.europesays.com\/no\/wp-json\/wp\/v2\/categories?post=107270"},{"taxonomy":"post_tag","embeddable":true,"href":"https:\/\/www.europesays.com\/no\/wp-json\/wp\/v2\/tags?post=107270"}],"curies":[{"name":"wp","href":"https:\/\/api.w.org\/{rel}","templated":true}]}}