{"id":107272,"date":"2025-12-08T09:36:14","date_gmt":"2025-12-08T09:36:14","guid":{"rendered":"https:\/\/www.europesays.com\/no\/107272\/"},"modified":"2025-12-08T09:36:14","modified_gmt":"2025-12-08T09:36:14","slug":"einar-hedegart-langrenn-einar-hedegart-med-klar-beskjed-til-svensk-skiskytter","status":"publish","type":"post","link":"https:\/\/www.europesays.com\/no\/107272\/","title":{"rendered":"Einar Hedegart, Langrenn | Einar Hedegart med klar beskjed til svensk skiskytter"},"content":{"rendered":"\n<p>Svenske Martin Ponsiluoma har slitt i de f\u00f8rste verdenscuprennene i skiskyting denne sesongen. Langrennsoverraskelsen Einar Hedegart har et \u00f8nske.<\/p>\n<p>Ponsiluoma, som vanligvis er sterk i sporet, sliter med skytingen og har en 12.-plass som beste plassering individuelt hittil. Hedegart, som s\u00f8ndag tok sin f\u00f8rste verdenscupseier som langrennsl\u00f8per, ber ham bytte idrett.<\/p>\n<p> \u2013 Han har skutt litt for d\u00e5rlig litt for lenge, s\u00e5 han m\u00e5 v\u00e6re s\u00e5 snill \u00e5 ta en pause og f\u00f8lge etter meg til langrennssirkuset, sier Hedegart til <a href=\"https:\/\/www.aftonbladet.se\/sportbladet\/a\/n1g9dm\/einar-hedegart-halsade-till-martin-ponsiluoma-efter-segern\" rel=\"nofollow noopener\" target=\"_blank\">Aftonbladet<\/a>.<\/p>\n<p><b>Les ogs\u00e5: <a href=\"https:\/\/www.nettavisen.no\/sport\/fenomenet-hedegart-slo-ree-i-tidelsdrama-nytt-kjempelop-av-iversen\/s\/5-95-2767067\" rel=\"Follow nofollow noopener\" target=\"_blank\">Fikk kjeft for oppf\u00f8rselen i m\u00e5lomr\u00e5det<\/a><\/b><\/p>\n<p>Byttet fra skiskyting<\/p>\n<p>Hedegart bestemte seg selv f\u00f8r sesongen \u00e5 bytte fra skiskyting til langrenn. Det grepet har vist seg \u00e5 sl\u00e5 sv\u00e6rt godt ut. Etter s\u00f8ndagens seier dro han inn for \u00e5 f\u00f8lge skiskytterkonkurransene i \u00d6stersund.<\/p>\n<p>Hedegart er ikke i tvil om at Sverige hadde trengt en som Ponsiluoma i langrennslaget.<\/p>\n<p>\u2013 100 prosent. Jeg synes han burde f\u00e5tt konkurrere i verdenscupen litt som han vil. Det hadde v\u00e6rt veldig g\u00f8y for hele sporten, ogs\u00e5 skiskyting. Jeg m\u00e5 bare f\u00e5 ham hit, og jeg h\u00e5per han tar den utfordringen, sier Hedegart.<\/p>\n<p><b>Les ogs\u00e5: <a href=\"https:\/\/www.nettavisen.no\/sport\/full-forvirring-mellom-mika-vermeulen-og-anders-aukland-han-burde-ha-sagt-noe-dumt-om-meg\/s\/5-95-2761251\" rel=\"Follow nofollow noopener\" target=\"_blank\">Full forvirring etter NRK-utspill<\/a><\/b><\/p>\n<p>Medaljekandidat i OL<\/p>\n<p>Enn\u00e5 er det ikke kjent om Ponsiluoma vil takke ja til den spesielle foresp\u00f8rselen.<\/p>\n<p>Hedegart seiler opp som en klar medaljekandidat p\u00e5 \u00f8velsen 10 kilometer fristil under OL i februar, dersom han blir tatt ut. Han vant ogs\u00e5 \u00f8velsen under sesong\u00e5pningen p\u00e5 Beitost\u00f8len i november.<\/p>\n<p>\u2013 Det er den beste dagen i mitt liv, sa Hedegart etter s\u00f8ndagens triumf.<\/p>\n<p>(\u00a9NTB)<\/p>\n","protected":false},"excerpt":{"rendered":"Svenske Martin Ponsiluoma har slitt i de f\u00f8rste verdenscuprennene i skiskyting denne sesongen. Langrennsoverraskelsen Einar Hedegart har et&hellip;\n","protected":false},"author":2,"featured_media":107273,"comment_status":"","ping_status":"","sticky":false,"template":"","format":"standard","meta":{"footnotes":""},"categories":[59],"tags":[30,28,29,83,82],"class_list":{"0":"post-107272","1":"post","2":"type-post","3":"status-publish","4":"format-standard","5":"has-post-thumbnail","7":"category-sport","8":"tag-no","9":"tag-norge","10":"tag-norway","11":"tag-sport","12":"tag-sports"},"share_on_mastodon":{"url":"https:\/\/pubeurope.com\/@no\/115683274441311283","error":""},"_links":{"self":[{"href":"https:\/\/www.europesays.com\/no\/wp-json\/wp\/v2\/posts\/107272","targetHints":{"allow":["GET"]}}],"collection":[{"href":"https:\/\/www.europesays.com\/no\/wp-json\/wp\/v2\/posts"}],"about":[{"href":"https:\/\/www.europesays.com\/no\/wp-json\/wp\/v2\/types\/post"}],"author":[{"embeddable":true,"href":"https:\/\/www.europesays.com\/no\/wp-json\/wp\/v2\/users\/2"}],"replies":[{"embeddable":true,"href":"https:\/\/www.europesays.com\/no\/wp-json\/wp\/v2\/comments?post=107272"}],"version-history":[{"count":0,"href":"https:\/\/www.europesays.com\/no\/wp-json\/wp\/v2\/posts\/107272\/revisions"}],"wp:featuredmedia":[{"embeddable":true,"href":"https:\/\/www.europesays.com\/no\/wp-json\/wp\/v2\/media\/107273"}],"wp:attachment":[{"href":"https:\/\/www.europesays.com\/no\/wp-json\/wp\/v2\/media?parent=107272"}],"wp:term":[{"taxonomy":"category","embeddable":true,"href":"https:\/\/www.europesays.com\/no\/wp-json\/wp\/v2\/categories?post=107272"},{"taxonomy":"post_tag","embeddable":true,"href":"https:\/\/www.europesays.com\/no\/wp-json\/wp\/v2\/tags?post=107272"}],"curies":[{"name":"wp","href":"https:\/\/api.w.org\/{rel}","templated":true}]}}