{"id":107278,"date":"2025-12-08T09:42:08","date_gmt":"2025-12-08T09:42:08","guid":{"rendered":"https:\/\/www.europesays.com\/no\/107278\/"},"modified":"2025-12-08T09:42:08","modified_gmt":"2025-12-08T09:42:08","slug":"notodden-trafikk-to-ulykker-pa-kort-tid-svaert-glatt-og-vanskelige-kjoreforhold","status":"publish","type":"post","link":"https:\/\/www.europesays.com\/no\/107278\/","title":{"rendered":"Notodden, Trafikk | To ulykker p\u00e5 kort tid: \u2013 Sv\u00e6rt glatt og vanskelige kj\u00f8reforhold"},"content":{"rendered":"\n<p>Mandag formiddag, klokken 09.29, melder politiet at n\u00f8detatene er p\u00e5 vei til en ny trafikkulykke langs Reshjemvegen p\u00e5 Notodden. Dette skjer kun to timer etter ulykken hvor en bil havnet i fjellveggen litt nord for denne ulykken.<\/p>\n<p>\u2013 En bil har kj\u00f8rt ut i en venstrekurve, kj\u00f8rt ned i gr\u00f8fta, rullet rundt en gang og landet p\u00e5 hjulene igjen. Kun f\u00f8rer satt i bilen, melder operasjonsleder i politiet, Jan Tore Gregersen.<\/p>\n<p>Ulykken har skjedd omtrent ved innkj\u00f8ringen til Reshjemvegen 931, som er litt nord for forrige ulykke.<\/p>\n<p>\u2013 Skadeomfanget er ukjent, men f\u00f8rer av bilen framst\u00e5r som lettere skadet. F\u00f8reren kj\u00f8res til sykehuset i Skien for videre unders\u00f8kelser og oppf\u00f8lging. Det er ikke mistanke om ruskj\u00f8ring, opplyser Gregersen videre.<\/p>\n<p>I likhet med forrige ulykke, melder Gregersen at det er glatt og vanskelige kj\u00f8reforhold p\u00e5 stedet.<\/p>\n<p><b>TA oppdaterer saken. <\/b><\/p>\n<p>  <a href=\"https:\/\/www.ta.no\/5-50-2237730\" class=\"related-teaser default-story-teaser article--c-eRUmMG article--c-eRUmMG-jKCPdD-design-default article--c-eRUmMG-kpKLOW-cv\" rel=\"nofollow noopener\" target=\"_blank\"><\/p>\n<p>\n            Les ogs\u00e5<\/p>\n<p>              Bil kj\u00f8rte inn i fjellvegg\n        <\/p>\n<p>  <\/a><\/p>\n","protected":false},"excerpt":{"rendered":"Mandag formiddag, klokken 09.29, melder politiet at n\u00f8detatene er p\u00e5 vei til en ny trafikkulykke langs Reshjemvegen p\u00e5&hellip;\n","protected":false},"author":2,"featured_media":107279,"comment_status":"","ping_status":"","sticky":false,"template":"","format":"standard","meta":{"footnotes":""},"categories":[10],"tags":[36,20,21,24,25,15,22,23,13,30,28,29,523,14,16,1510,26,27,224,1204],"class_list":{"0":"post-107278","1":"post","2":"type-post","3":"status-publish","4":"format-standard","5":"has-post-thumbnail","7":"category-norge","8":"tag-art","9":"tag-breaking-news","10":"tag-breakingnews","11":"tag-featured-news","12":"tag-featurednews","13":"tag-headlines","14":"tag-latest-news","15":"tag-latestnews","16":"tag-news","17":"tag-no","18":"tag-norge","19":"tag-norway","20":"tag-notodden","21":"tag-nyheter","22":"tag-overskrifter","23":"tag-story","24":"tag-top-stories","25":"tag-topstories","26":"tag-trafikk","27":"tag-ulykker"},"share_on_mastodon":{"url":"https:\/\/pubeurope.com\/@no\/115683298277509947","error":""},"_links":{"self":[{"href":"https:\/\/www.europesays.com\/no\/wp-json\/wp\/v2\/posts\/107278","targetHints":{"allow":["GET"]}}],"collection":[{"href":"https:\/\/www.europesays.com\/no\/wp-json\/wp\/v2\/posts"}],"about":[{"href":"https:\/\/www.europesays.com\/no\/wp-json\/wp\/v2\/types\/post"}],"author":[{"embeddable":true,"href":"https:\/\/www.europesays.com\/no\/wp-json\/wp\/v2\/users\/2"}],"replies":[{"embeddable":true,"href":"https:\/\/www.europesays.com\/no\/wp-json\/wp\/v2\/comments?post=107278"}],"version-history":[{"count":0,"href":"https:\/\/www.europesays.com\/no\/wp-json\/wp\/v2\/posts\/107278\/revisions"}],"wp:featuredmedia":[{"embeddable":true,"href":"https:\/\/www.europesays.com\/no\/wp-json\/wp\/v2\/media\/107279"}],"wp:attachment":[{"href":"https:\/\/www.europesays.com\/no\/wp-json\/wp\/v2\/media?parent=107278"}],"wp:term":[{"taxonomy":"category","embeddable":true,"href":"https:\/\/www.europesays.com\/no\/wp-json\/wp\/v2\/categories?post=107278"},{"taxonomy":"post_tag","embeddable":true,"href":"https:\/\/www.europesays.com\/no\/wp-json\/wp\/v2\/tags?post=107278"}],"curies":[{"name":"wp","href":"https:\/\/api.w.org\/{rel}","templated":true}]}}