{"id":107284,"date":"2025-12-08T09:48:37","date_gmt":"2025-12-08T09:48:37","guid":{"rendered":"https:\/\/www.europesays.com\/no\/107284\/"},"modified":"2025-12-08T09:48:37","modified_gmt":"2025-12-08T09:48:37","slug":"europa-har-et-reelt-problem","status":"publish","type":"post","link":"https:\/\/www.europesays.com\/no\/107284\/","title":{"rendered":"\u2013 Europa har et reelt problem"},"content":{"rendered":"<p><strong>JPMorgan Chase-sjef Jamie Dimon kom l\u00f8rdag med skarp kritikk av europeisk byr\u00e5krati og advarte om at et svakt Europa utgj\u00f8r en stor \u00f8konomisk risiko for USA.<\/strong><\/p>\n<p>\u2013 Europa har et reelt problem, sa Dimon l\u00f8rdag under <a href=\"https:\/\/youtu.be\/h7Y9w-zK-tQ\" rel=\"nofollow noopener\" target=\"_blank\">Reagan National Defense Forum<\/a> i California.<\/p>\n<p>Sjefen for USAs st\u00f8rste bank, som lenge har advart om risikoen ved et fragmentert Europa, pekte p\u00e5 at kontinentet har drevet ut n\u00e6ringsliv, investeringer og innovasjon.<\/p>\n<p>Dimon, som snakket med Bloomberg under forsvarsforumet i Simi Valley, var krystallklar i sin kritikk.<\/p>\n<p>\u2013 De gj\u00f8r noen fantastiske ting med sine sikkerhetsnett. Men de har drevet ut n\u00e6ringsliv, de har drevet ut investeringer, de har drevet ut innovasjon. Det er liksom p\u00e5 vei tilbake, sa JPMorgan-sjefen.<\/p>\n<p>Han viste til at Europas \u00f8konomi har svekket seg dramatisk i forhold til USA.<\/p>\n<p>\u2013 De har g\u00e5tt fra 90 prosent av USAs BNP til 65 prosent. Det er ikke fordi Amerika gjorde noe vondt mot dem. Det er deres eget byr\u00e5krati, deres egne kostnader, forklarte Dimon.<\/p>\n<p>Samtidig roset Dimon noen europeiske ledere for \u00e5 v\u00e6re klar over utfordringene.<\/p>\n<p>\u2013 Jeg tror lederskapet \u2013 Macron, Meloni, Starmer \u2013 jeg tror de vet det. Jeg tror bare politikk er veldig, veldig vanskelig, sa han.<\/p>\n<p>Han pekte p\u00e5 at Europa har oppn\u00e5dd noe utrolig med EU-samarbeidet og euroen.<\/p>\n<p>\u2013 De sa \u00abla oss leve i fred og ikke i krig\u00bb. De hadde f\u00f8rste og andre verdenskrig, men de hadde ogs\u00e5 de fransk-pr\u00f8yssiske krigene, napoleonskrigene, hundre\u00e5rskrigen, rosekrigene. S\u00e5 \u00e5 leve i fred er en god ting, men det har g\u00e5tt seg fast, sa Dimon.<\/p>\n<p><strong>Aldri fullf\u00f8rt det indre markedet<\/strong><\/p>\n<p>JPMorgan-sjefen listet opp en rekke problemer han mener holder Europa tilbake:<\/p>\n<p>\u2013 De fullf\u00f8rte aldri det indre markedet. Det krever 27 nasjoner for \u00e5 ta en beslutning. De lot sitt milit\u00e6re forsvar falle dramatisk. Det er veldig byr\u00e5kratisk, som er delvis grunnen til at de mistet Storbritannia fra EU, noe jeg tror er d\u00e5rlig for begge, sa han.<\/p>\n<p>Dimon beskrev Europa som \u00abveldig byr\u00e5kratisk\u00bb og pekte p\u00e5 at dette delvis forklarer hvorfor Storbritannia forlot unionen.<\/p>\n<p>Dimon advarte om alvorlige konsekvenser dersom Europa fragmenteres.<\/p>\n<p>\u2013 Fragmenteringen av Europa \u2013 hvis de fragmenterer, er det n\u00f8yaktig det noen av v\u00e5re motstandere vil. De vil g\u00e5 tilbake til en verden som den var f\u00f8r f\u00f8rste verdenskrig. Alle ute etter seg selv. Alle har forskjellige nasjonale sikkerhetsinteresser, enten det er mat, energi eller vann, sa han.<\/p>\n<p>Han pekte spesielt p\u00e5 Kina som en akt\u00f8r som \u00f8nsker bilaterale forhandlinger med enkeltland.<\/p>\n<p>\u2013 Kina er et enormt land som vil ha bilaterale forhandlinger med hvert land. Hvis de fragmenterer, kan du si at \u00abAmerica First\u00bb ikke vil eksistere lenger. Det vil skade oss mer enn noen andre fordi de er en viktig alliert p\u00e5 alle m\u00e5ter, inkludert felles verdier som er veldig viktige, sa Dimon.<\/p>\n<p><strong>Hvis Vesten g\u00e5r tapt<\/strong><\/p>\n<p>JPMorgan-sjefen kom med en dyster advarsel om fremtiden.<\/p>\n<p>\u2013 Hvis vi noensinne skriver en bok om hvordan Vesten gikk tapt, vil det v\u00e6re p\u00e5 grunn av f\u00f8lgende: Det vil v\u00e6re fordi vi ikke fikk orden p\u00e5 tingene her, fordi vi ikke hadde det sterkeste milit\u00e6ret i verden, og fordi vi lot Europa falle fra hverandre, sa han.<\/p>\n<p>Han understreket at USA m\u00e5 bruke sin innflytelse for \u00e5 f\u00e5 Europa til \u00e5 handle.<\/p>\n<p>\u2013 Jeg tror vi b\u00f8r bruke v\u00e5r amerikanske kapasitet, styrke, tvang, demokrati, handel og investeringer for \u00e5 oppfordre dem til \u00e5 gj\u00f8re det som er i deres egen egeninteresse \u2013 b\u00e5de milit\u00e6rt og \u00f8konomisk. Det \u00f8konomiske er like viktig, sa Dimon.<\/p>\n","protected":false},"excerpt":{"rendered":"JPMorgan Chase-sjef Jamie Dimon kom l\u00f8rdag med skarp kritikk av europeisk byr\u00e5krati og advarte om at et svakt&hellip;\n","protected":false},"author":2,"featured_media":107285,"comment_status":"","ping_status":"","sticky":false,"template":"","format":"standard","meta":{"footnotes":""},"categories":[12],"tags":[20,21,3472,274,24,25,15,13346,22,23,13,30,28,29,14,16,26,27,42,43,44,45],"class_list":{"0":"post-107284","1":"post","2":"type-post","3":"status-publish","4":"format-standard","5":"has-post-thumbnail","7":"category-verden","8":"tag-breaking-news","9":"tag-breakingnews","10":"tag-byrakrati","11":"tag-europa","12":"tag-featured-news","13":"tag-featurednews","14":"tag-headlines","15":"tag-jpmorgan","16":"tag-latest-news","17":"tag-latestnews","18":"tag-news","19":"tag-no","20":"tag-norge","21":"tag-norway","22":"tag-nyheter","23":"tag-overskrifter","24":"tag-top-stories","25":"tag-topstories","26":"tag-verden","27":"tag-world","28":"tag-world-news","29":"tag-worldnews"},"share_on_mastodon":{"url":"https:\/\/pubeurope.com\/@no\/115683321800437930","error":""},"_links":{"self":[{"href":"https:\/\/www.europesays.com\/no\/wp-json\/wp\/v2\/posts\/107284","targetHints":{"allow":["GET"]}}],"collection":[{"href":"https:\/\/www.europesays.com\/no\/wp-json\/wp\/v2\/posts"}],"about":[{"href":"https:\/\/www.europesays.com\/no\/wp-json\/wp\/v2\/types\/post"}],"author":[{"embeddable":true,"href":"https:\/\/www.europesays.com\/no\/wp-json\/wp\/v2\/users\/2"}],"replies":[{"embeddable":true,"href":"https:\/\/www.europesays.com\/no\/wp-json\/wp\/v2\/comments?post=107284"}],"version-history":[{"count":0,"href":"https:\/\/www.europesays.com\/no\/wp-json\/wp\/v2\/posts\/107284\/revisions"}],"wp:featuredmedia":[{"embeddable":true,"href":"https:\/\/www.europesays.com\/no\/wp-json\/wp\/v2\/media\/107285"}],"wp:attachment":[{"href":"https:\/\/www.europesays.com\/no\/wp-json\/wp\/v2\/media?parent=107284"}],"wp:term":[{"taxonomy":"category","embeddable":true,"href":"https:\/\/www.europesays.com\/no\/wp-json\/wp\/v2\/categories?post=107284"},{"taxonomy":"post_tag","embeddable":true,"href":"https:\/\/www.europesays.com\/no\/wp-json\/wp\/v2\/tags?post=107284"}],"curies":[{"name":"wp","href":"https:\/\/api.w.org\/{rel}","templated":true}]}}