{"id":107292,"date":"2025-12-08T09:56:23","date_gmt":"2025-12-08T09:56:23","guid":{"rendered":"https:\/\/www.europesays.com\/no\/107292\/"},"modified":"2025-12-08T09:56:23","modified_gmt":"2025-12-08T09:56:23","slug":"plutselig-kom-det-noen-ut-av-varerommet-2","status":"publish","type":"post","link":"https:\/\/www.europesays.com\/no\/107292\/","title":{"rendered":"Plutselig kom det noen ut av varerommet&#8230;"},"content":{"rendered":"<p class=\"kicker t14 tm14 font-NotoSans\" style=\"\"><a href=\"https:\/\/www.abcnyheter.no\/livsstil\" target=\"_blank\" rel=\"nofollow noopener\">Livsstil<\/a><\/p>\n<p>    Det var ikke eneste problem i denne kontrollen.<\/p>\n<p>\n        PROBLEM: Det var mye som ikke var p\u00e5 stell med bil og sj\u00e5f\u00f8r i dette tilfellet, det endte med flere gebyrer og bruksforbud.<br \/>\n        Foto: Statens vegvesen.\n    <\/p>\n<p class=\"italic m-italic\" data-lab-italic=\"italic\">(<a href=\"https:\/\/www.tv2.no\/broom\/plutselig-kom-det-noen-ut-av-varerommet\/18356610\/\" rel=\"nofollow noopener\" target=\"_blank\">Artikkelen <\/a>er f\u00f8rst publisert av <a href=\"https:\/\/www.tv2.no\/broom\" rel=\"nofollow noopener\" target=\"_blank\">Broom<\/a>):<\/p>\n<p>Varebilen fra Bulgaria s\u00e5 litt sliten ut, da den ble vinket inn til kontroll p\u00e5 Varpet i Lunner kommune denne uken. Det skulle snart vise seg at det var mye som ikke var i orden her.<\/p>\n<p>Det startet med at den var for tung:<\/p>\n<p>\u2013 Veid til 4200 kilo, lovlig vekt for denne bilen er 3500 kilo, skriver Vegvesenes Bj\u00f8rn Uno Rogneby i sin rapport. Dermed ble det 3000 kroner i gebyr p\u00e5 f\u00f8reren.<\/p>\n<p>Dukket opp en fjerde person&#8230;<\/p>\n<p>Men han hadde flere problemer. Ved kontroll av dokumentene, viste det seg at f\u00f8rerkortet fra Sverige var beslaglagt. Dermed ble han anmeldt for kj\u00f8ring uten f\u00f8rerkort.\u00a0<\/p>\n<p>Og det stoppet ikke der heller. Dette kan vi lese videre i kontrollrapporten:<\/p>\n<p>Denne varebilen er registrert med tre sitteplasser, det var ogs\u00e5 tre personer i bilen, litt ut i kontrollen dukket det opp en fjerde person fra varerommet.<\/p>\n<p><a href=\"https:\/\/www.tv2.no\/broom\/dette-var-langt-over-grensen\/17296734\/\" rel=\"nofollow noopener\" target=\"_blank\">Dette var langt over grensen<\/a><\/p>\n<p>Fikk ikke kj\u00f8re videre<\/p>\n<p>Dermed ble det enda et gebyr p\u00e5 3000 kroner, Og helt til slutt fant kontroll\u00f8rene tekniske mangler p\u00e5 bilen, og skrev ut mangellapp. Da ble det ogs\u00e5 bruksforbud, til dette var utbedret.<\/p>\n<p>I samme kontroll ble for \u00f8vrig et norsk vogntog veid til 55.600 kilo, 5600 kilo for tungt. Ogs\u00e5 her ble det bruksforbud \u2013 og et gebyr p\u00e5 hele 20.200 kroner.\u00a0<\/p>\n<p><a href=\"https:\/\/www.tv2.no\/broom\/tabben-koster-eieren-100000-kroner\/18201861\/\" rel=\"nofollow noopener\" target=\"_blank\">Tabben kostet eieren 100.000 kroner\u00a0<\/a><\/p>\n","protected":false},"excerpt":{"rendered":"Livsstil Det var ikke eneste problem i denne kontrollen. PROBLEM: Det var mye som ikke var p\u00e5 stell&hellip;\n","protected":false},"author":2,"featured_media":107293,"comment_status":"","ping_status":"","sticky":false,"template":"","format":"standard","meta":{"footnotes":""},"categories":[12],"tags":[20,21,24,25,15,22,23,13,30,28,29,14,16,26,27,42,43,44,45],"class_list":{"0":"post-107292","1":"post","2":"type-post","3":"status-publish","4":"format-standard","5":"has-post-thumbnail","7":"category-verden","8":"tag-breaking-news","9":"tag-breakingnews","10":"tag-featured-news","11":"tag-featurednews","12":"tag-headlines","13":"tag-latest-news","14":"tag-latestnews","15":"tag-news","16":"tag-no","17":"tag-norge","18":"tag-norway","19":"tag-nyheter","20":"tag-overskrifter","21":"tag-top-stories","22":"tag-topstories","23":"tag-verden","24":"tag-world","25":"tag-world-news","26":"tag-worldnews"},"share_on_mastodon":{"url":"https:\/\/pubeurope.com\/@no\/115683353077248352","error":""},"_links":{"self":[{"href":"https:\/\/www.europesays.com\/no\/wp-json\/wp\/v2\/posts\/107292","targetHints":{"allow":["GET"]}}],"collection":[{"href":"https:\/\/www.europesays.com\/no\/wp-json\/wp\/v2\/posts"}],"about":[{"href":"https:\/\/www.europesays.com\/no\/wp-json\/wp\/v2\/types\/post"}],"author":[{"embeddable":true,"href":"https:\/\/www.europesays.com\/no\/wp-json\/wp\/v2\/users\/2"}],"replies":[{"embeddable":true,"href":"https:\/\/www.europesays.com\/no\/wp-json\/wp\/v2\/comments?post=107292"}],"version-history":[{"count":0,"href":"https:\/\/www.europesays.com\/no\/wp-json\/wp\/v2\/posts\/107292\/revisions"}],"wp:featuredmedia":[{"embeddable":true,"href":"https:\/\/www.europesays.com\/no\/wp-json\/wp\/v2\/media\/107293"}],"wp:attachment":[{"href":"https:\/\/www.europesays.com\/no\/wp-json\/wp\/v2\/media?parent=107292"}],"wp:term":[{"taxonomy":"category","embeddable":true,"href":"https:\/\/www.europesays.com\/no\/wp-json\/wp\/v2\/categories?post=107292"},{"taxonomy":"post_tag","embeddable":true,"href":"https:\/\/www.europesays.com\/no\/wp-json\/wp\/v2\/tags?post=107292"}],"curies":[{"name":"wp","href":"https:\/\/api.w.org\/{rel}","templated":true}]}}