{"id":107294,"date":"2025-12-08T09:57:05","date_gmt":"2025-12-08T09:57:05","guid":{"rendered":"https:\/\/www.europesays.com\/no\/107294\/"},"modified":"2025-12-08T09:57:05","modified_gmt":"2025-12-08T09:57:05","slug":"prinsesse-ingrid-alexandra-er-tilbake-i-norge","status":"publish","type":"post","link":"https:\/\/www.europesays.com\/no\/107294\/","title":{"rendered":"Prinsesse Ingrid Alexandra er tilbake i Norge"},"content":{"rendered":"\n<p class=\"_lead_o9xde_2 _lead_xtcu6_50 layout-component text-serif-m layout-normal text-serif-l layout-component layout-wide layout-padded _wide_17hqh_1 layout-padded\">Mandag er hun p\u00e5 brislingtokt i Oslofjorden med pappa, kronprins Haakon.<\/p>\n<p><img alt=\" Foto: Heiko Junge \/ NTB\" class=\"_image_qp4xg_65 layout-component layout-wide\" data-fullscreen- data-track-element-type=\"Article image fullscreen\" data-track-name=\"ImageFullscreen\" fetchpriority=\"high\" decoding=\"sync\" loading=\"eager\" height=\"3807\" itemprop=\"image\"  src=\"https:\/\/www.europesays.com\/no\/wp-content\/uploads\/2025\/12\/7d47a0ac-5bf0-499c-954c-6c3ca4ab5feb\"  style=\"object-position:34.32299877386583% 61.89913317572891%\" width=\"5709\"\/> Foto: Heiko Junge \/ NTB Oppdatert mandag 8. desember kl. 10:46     <\/p>\n<p class=\"_paragraph_o9xde_4 _paragraph_xtcu6_10 layout-component text-serif-m layout-normal text-serif-m layout-padded\">Det g\u00e5r mot en travel jul for <a href=\"https:\/\/www.vg.no\/tag\/prinsesse-ingrid-alexandra?utm_source=vg-article&amp;utm_medium=auto-tagger&amp;utm_campaign=bOKXwd\" class=\"_link_o9xde_39\" rel=\"nofollow noopener\" target=\"_blank\">prinsesse Ingrid Alexandra<\/a> (21). <\/p>\n<p class=\"_paragraph_o9xde_4 _paragraph_xtcu6_10 layout-component text-serif-m layout-normal text-serif-m layout-padded\">N\u00e5 er prinsessen kommet tilbake til Norge p\u00e5 juleferie fra studiene i Australia, og hun er oppf\u00f8rt med flere oppdrag for kongehuset. <\/p>\n<p class=\"_paragraph_o9xde_4 _paragraph_xtcu6_10 layout-component text-serif-m layout-normal text-serif-m layout-padded\">Bare i desember har prinsessen \u00e5tte poster. Hvor den f\u00f8rste er mandag 8. desember n\u00e5r hun skal p\u00e5 brislingtokt i Oslofjorden sammen med kronprins Haakon (52).<\/p>\n<p class=\"_paragraph_o9xde_4 _paragraph_xtcu6_10 layout-component text-serif-m layout-normal text-serif-m layout-padded\"><strong class=\"_strong_o9xde_25\">21-\u00e5ringen kommer fra sol og sommer \u00abDown Under\u00bb til en regntung dag p\u00e5 \u00d8stlandet.<\/strong><\/p>\n<p class=\"_paragraph_o9xde_4 _paragraph_xtcu6_10 layout-component text-serif-m layout-normal text-serif-m layout-padded\">Havforskningsinstituttet har en \u00e5rlig brislingtokt i Oslofjorden. Forskerne unders\u00f8ker hvor mye brisling det er i fjorden ved hjelp av forskningsfart\u00f8yet prinsesse Ingrid Alexandra og den ubemannede farkosten USV Frida.<\/p>\n<p class=\"_paragraph_o9xde_4 _paragraph_xtcu6_10 layout-component text-serif-m layout-normal text-serif-m layout-padded\">USV Frida blir fjernstyrt fra Bergen.<\/p>\n<p><img alt=\"Foto: Heiko Junge \/ NTB\" class=\"_image_qp4xg_65 layout-component layout-normal\" data-fullscreen- data-track-element-type=\"Article image fullscreen\" data-track-name=\"ImageFullscreen\" decoding=\"async\" loading=\"lazy\" height=\"5599\" itemprop=\"image\"  src=\"https:\/\/www.europesays.com\/no\/wp-content\/uploads\/2025\/12\/7bfb263c-ed63-4223-a4d5-e054c8bacdde\"  style=\"object-position:41.78971183615147% 61.80567958564029%\" width=\"8398\"\/>Foto: Heiko Junge \/ NTB<\/p>\n<p class=\"_paragraph_o9xde_4 _paragraph_xtcu6_10 layout-component text-serif-m layout-normal text-serif-m layout-padded\"><strong class=\"_strong_o9xde_25\">Selv om prinsessen er student i Sydney s\u00e5 ser det ut til at 2025 bli prinsessens travleste \u00e5r i jobb for Det norske kongehuset. <\/strong><\/p>\n<p class=\"_paragraph_o9xde_4 _paragraph_xtcu6_10 layout-component text-serif-m layout-normal text-serif-m layout-padded\">I 2024 hadde hun syv oppdrag, viser Slottets programarkiv. Prinsessen avtjene f\u00f8rstegangstjenesten i <a href=\"https:\/\/www.vg.no\/nyheter\/innenriks\/i\/q157kL\/her-paa-skjold-leir-skal-prinsesse-ingrid-alexandra-bli-soldat\" data-track-element-type=\"Link\" data-track-id=\"link:q157kL\" class=\"_link_o9xde_39\" rel=\"nofollow noopener\" target=\"_blank\">Skjold i l\u00f8pet av fjor\u00e5ret.<\/a><\/p>\n<p class=\"_paragraph_o9xde_4 _paragraph_xtcu6_10 layout-component text-serif-m layout-normal text-serif-m layout-padded\">Noen av 2025s oppdrag har v\u00e6rt historiske:<\/p>\n<ul class=\"_list_o9xde_3 _list_xtcu6_9 _unordered_o9xde_106 layout-component text-serif-m layout-normal text-serif-m layout-padded\">\n<li class=\"_item_o9xde_30\"><strong class=\"_strong_o9xde_25\">Hun har holdt sin <a href=\"https:\/\/www.vg.no\/rampelys\/i\/KMxXW6\/prinsesse-ingrid-alexandra-20-holder-sin-foerste-offisielle-audiens\" data-track-element-type=\"Link\" data-track-id=\"link:KMxXW6\" class=\"_link_o9xde_39\" rel=\"nofollow noopener\" target=\"_blank\">f\u00f8rste audiens p\u00e5 Slottet<\/a><\/strong><\/li>\n<li class=\"_item_o9xde_30\"><strong class=\"_strong_o9xde_25\">V\u00e6rt <a href=\"https:\/\/www.vg.no\/rampelys\/i\/pPR2RX\/prinsesse-ingrid-alexandra-og-prins-snorre-magnus-sammen-paa-jobb\" data-track-element-type=\"Link\" data-track-id=\"link:pPR2RX\" class=\"_link_o9xde_39\" rel=\"nofollow noopener\" target=\"_blank\">alene p\u00e5 oppdrag sammen<\/a> med bror prins Sverre (19)<\/strong><\/li>\n<li class=\"_item_o9xde_30\"><strong class=\"_strong_o9xde_25\">I april var det f\u00f8rste gang hun deltok <a href=\"https:\/\/www.vg.no\/rampelys\/i\/Ey9nn3\/prinsesse-ingrid-alexandras-foerste-statsbesoek\" data-track-element-type=\"Link\" data-track-id=\"link:Ey9nn3\" class=\"_link_o9xde_39\" rel=\"nofollow noopener\" target=\"_blank\">under et statsbes\u00f8k til Norge<\/a><\/strong><\/li>\n<\/ul>\n<p class=\"_paragraph_o9xde_4 _paragraph_xtcu6_10 layout-component text-serif-m layout-normal text-serif-m layout-padded\">Det siste \u00e5ret har b\u00e5de prinsessen og prinsen hatt flere offentlige oppdrag. N\u00e5 i desember skal prinsessen ha to nye audienser alene.<\/p>\n<p><img alt=\"Foto: Heiko Junge \/ NTB\" class=\"_image_qp4xg_65 layout-component layout-normal\" data-fullscreen- data-track-element-type=\"Article image fullscreen\" data-track-name=\"ImageFullscreen\" decoding=\"async\" loading=\"lazy\" height=\"5537\" itemprop=\"image\"  src=\"https:\/\/www.europesays.com\/no\/wp-content\/uploads\/2025\/12\/52478590-4cfb-4be2-8013-a2a38fc45b3a\"  style=\"object-position:0% 0%\" width=\"8305\"\/>Foto: Heiko Junge \/ NTB<\/p>\n<p class=\"_paragraph_o9xde_4 _paragraph_xtcu6_10 layout-component text-serif-m layout-normal text-serif-m layout-padded\">Kronprinsesse Mette-Marit (52) har f\u00e6rre oppdrag i kalenderen enn prinsessen.<\/p>\n<p class=\"_paragraph_o9xde_4 _paragraph_xtcu6_10 layout-component text-serif-m layout-normal text-serif-m layout-padded\">I samme tidsintervall som prinsessen har \u00e5tte oppdrag er kronprinsessen oppf\u00f8rt med fem. <\/p>\n<p class=\"_paragraph_o9xde_4 _paragraph_xtcu6_10 layout-component text-serif-m layout-normal text-serif-m layout-padded\">Kongefamiliens offisielle program viser kun postene for de n\u00e6rmeste ukene, gjerne en til to uker frem i tid. I tillegg til de annonserte postene er det ogs\u00e5 vanlig at kronprinsfamilien deltar p\u00e5 julegudstjeneste p\u00e5 julaften.<\/p>\n","protected":false},"excerpt":{"rendered":"Mandag er hun p\u00e5 brislingtokt i Oslofjorden med pappa, kronprins Haakon. Foto: Heiko Junge \/ NTB Oppdatert mandag&hellip;\n","protected":false},"author":2,"featured_media":107295,"comment_status":"","ping_status":"","sticky":false,"template":"","format":"standard","meta":{"footnotes":""},"categories":[10],"tags":[20,21,24,25,15,1222,22,23,13,30,28,29,14,16,291,26,27],"class_list":{"0":"post-107294","1":"post","2":"type-post","3":"status-publish","4":"format-standard","5":"has-post-thumbnail","7":"category-norge","8":"tag-breaking-news","9":"tag-breakingnews","10":"tag-featured-news","11":"tag-featurednews","12":"tag-headlines","13":"tag-kongefamilien","14":"tag-latest-news","15":"tag-latestnews","16":"tag-news","17":"tag-no","18":"tag-norge","19":"tag-norway","20":"tag-nyheter","21":"tag-overskrifter","22":"tag-prinsesse-ingrid-alexandra","23":"tag-top-stories","24":"tag-topstories"},"share_on_mastodon":{"url":"","error":""},"_links":{"self":[{"href":"https:\/\/www.europesays.com\/no\/wp-json\/wp\/v2\/posts\/107294","targetHints":{"allow":["GET"]}}],"collection":[{"href":"https:\/\/www.europesays.com\/no\/wp-json\/wp\/v2\/posts"}],"about":[{"href":"https:\/\/www.europesays.com\/no\/wp-json\/wp\/v2\/types\/post"}],"author":[{"embeddable":true,"href":"https:\/\/www.europesays.com\/no\/wp-json\/wp\/v2\/users\/2"}],"replies":[{"embeddable":true,"href":"https:\/\/www.europesays.com\/no\/wp-json\/wp\/v2\/comments?post=107294"}],"version-history":[{"count":0,"href":"https:\/\/www.europesays.com\/no\/wp-json\/wp\/v2\/posts\/107294\/revisions"}],"wp:featuredmedia":[{"embeddable":true,"href":"https:\/\/www.europesays.com\/no\/wp-json\/wp\/v2\/media\/107295"}],"wp:attachment":[{"href":"https:\/\/www.europesays.com\/no\/wp-json\/wp\/v2\/media?parent=107294"}],"wp:term":[{"taxonomy":"category","embeddable":true,"href":"https:\/\/www.europesays.com\/no\/wp-json\/wp\/v2\/categories?post=107294"},{"taxonomy":"post_tag","embeddable":true,"href":"https:\/\/www.europesays.com\/no\/wp-json\/wp\/v2\/tags?post=107294"}],"curies":[{"name":"wp","href":"https:\/\/api.w.org\/{rel}","templated":true}]}}