{"id":107303,"date":"2025-12-08T10:06:27","date_gmt":"2025-12-08T10:06:27","guid":{"rendered":"https:\/\/www.europesays.com\/no\/107303\/"},"modified":"2025-12-08T10:06:27","modified_gmt":"2025-12-08T10:06:27","slug":"dette-er-de-nye-deltakerne-i-sesong-to-av-boksen","status":"publish","type":"post","link":"https:\/\/www.europesays.com\/no\/107303\/","title":{"rendered":"Dette er de nye deltakerne i sesong to av Boksen"},"content":{"rendered":"<p class=\"kicker \" style=\"\">Boksen<\/p>\n<p>  &#8211; Denne sesongen blir enda bedre enn jeg turte \u00e5 dr\u00f8mme om<\/p>\n<p>\n    BOKSEN: Dette er deltakerne i sesong to av Boksen. Foto: Haakon Lundkvist\n  <\/p>\n<p>\u2013 Sesong 2 er noe av det beste jeg har v\u00e6rt med p\u00e5 \u00e5<br \/>\nlage, sier programleder Mads Hansen om den nye sesongen av \u00abBoksen\u00bb, i en<br \/>\npressemelding fra TV 2.<\/p>\n<p>TV 2 lover at det blir enda mer spenning og taktikk, og<br \/>\nat mellommenneskelige relasjoner tas til et nytt niv\u00e5. <\/p>\n<p>I \u00abBoksen\u00bb plasseres 13 kjente mennesker i hver sin boks. De<br \/>\nvet verken hvor de skal, hvilken utfordring som venter, eller hva de m\u00e5 mestre<br \/>\nfor \u00e5 komme videre. N\u00e5r d\u00f8ren \u00e5pnes, er konkurransen i gang, og deltakerne m\u00e5<br \/>\ntakle hva n\u00e5 enn de blir utsatt for.<\/p>\n<p>I denne sesongen blir det innf\u00f8rt et nytt stemmesystem. Poengene<br \/>\ndeltakerne samler i oppgavene brukes som valuta n\u00e5r gruppen skal stemme over<br \/>\nhvem som m\u00e5 ut i utslagsduell.<\/p>\n<p>        TIPS: KKs sjefredakt\u00f8r Ingeborg Heldal gir sine beste tips innen kultur, beauty og mote. Video: Oskar Brus\u00e9n<\/p>\n<p>          <img loading=\"lazy\" decoding=\"async\" src=\"https:\/\/www.europesays.com\/no\/wp-content\/uploads\/2025\/12\/83952305.webp\" width=\"980\" height=\"559\" title=\"FORN\u00d8YD: Mads Hansen er veldig forn\u00f8yd med sesong to. Foto: Haakon Lundkvist\" alt=\"\" class=\"\" style=\"--aspect-ratio-image: 1.75; \"\/><\/p>\n<p>\n          FORN\u00d8YD: Mads Hansen er veldig forn\u00f8yd med sesong to. Foto: Haakon Lundkvist\n      <\/p>\n<p>    <a itemprop=\"url\" href=\"https:\/\/www.kk.no\/underholdning\/vant-forraeder-burde-ikke-vaert-lovlig\/83883709\" rel=\"nofollow noopener\" target=\"_blank\"><\/p>\n<p>      <img loading=\"lazy\" decoding=\"async\" src=\"https:\/\/www.europesays.com\/no\/wp-content\/uploads\/2025\/12\/83883765.webp\" width=\"980\" height=\"441\" title=\"Vant Forr\u00e6der: - Burde ikke v\u00e6rt lovlig\" alt=\"\" class=\"lazyload\" style=\"--aspect-ratio-image: 2.22; \"\/><\/p>\n<p>        Vant Forr\u00e6der: &#8211; Burde ikke v\u00e6rt lovlig<\/p>\n<p>    <\/a><\/p>\n<p>Har l\u00e6rt av sesong 1<\/p>\n<p>Mads Hansen er veldig forn\u00f8yd med den nye sesongen. <\/p>\n<p>&#8211; Denne sesongen<br \/>\nblir enda bedre enn jeg turte \u00e5 dr\u00f8mme om. Konkurransene er bedre, smartere og<br \/>\nmer spennende \u2013 og det nyinnf\u00f8rte stemmesystemet gir akkurat den temperaturen<br \/>\nog det dramaet vi h\u00e5pet p\u00e5. Etter min mening var det en del ting vi kunne l\u00f8st<br \/>\nannerledes i sesong 1. Det har vi l\u00e6rt av, og det har resultert i endringer som<br \/>\njeg mener gj\u00f8r sesong 2 til noe av det beste jeg noen gang har v\u00e6rt med p\u00e5 \u00e5<br \/>\nlage, sier han i en pressemelding.<\/p>\n<p>    Deltakerne i \u00abBoksen\u00bb sesong 2:<\/p>\n<ul>\n<li>Benedicte Adrian \u2013 artist<\/li>\n<li>Frode Grod\u00e5s \u2013 tidligere landslagskeeper<\/li>\n<li>Morten Hegseth \u2013 programleder<\/li>\n<li>Tuva Billing \u2013 skuespiller<\/li>\n<li>Anette Trettebergstuen \u2013 tidligere politiker<\/li>\n<li>Emil W\u00e6raas \u2013 komiker<\/li>\n<li>Kasper Kvello \u2013 treningsinfluenser<\/li>\n<li>Margrethe R\u00f8ed \u2013 programleder<\/li>\n<li>Erik Follestad \u2013 tidligere ishockeyspiller<\/li>\n<li>Jon Ludvig Hammer \u2013 stormester i sjakk<\/li>\n<li>Tomine Harket \u2013 artist<\/li>\n<li>Sofie Karlstad \u2013 tv-personlighet<\/li>\n<li>Tim Kristian Moen \u2013 skj\u00f8nnhetsinfluenser<\/li>\n<\/ul>\n<p>      Vis mer<br \/>\n      Vis mindre<\/p>\n<p class=\"italic m-italic\" data-lab-italic=\"italic\">\u00a0Boksen sesong 2 har premiere p\u00e5 TV 2 i februar 2026.<\/p>\n<p>    <a itemprop=\"url\" href=\"https:\/\/www.kk.no\/underholdning\/det-var-noen-som-holdt-pa-a-drukne\/83898255\" rel=\"nofollow noopener\" target=\"_blank\"><\/p>\n<p>      <img loading=\"lazy\" decoding=\"async\" src=\"https:\/\/www.europesays.com\/no\/wp-content\/uploads\/2025\/12\/83898291.webp\" width=\"980\" height=\"441\" title=\"- Det var noen som holdt p\u00e5 \u00e5 drukne\" alt=\"\" class=\"lazyload\" style=\"--aspect-ratio-image: 2.22; \"\/><\/p>\n<p>        &#8211; Det var noen som holdt p\u00e5 \u00e5 drukne<\/p>\n<p>    <\/a><\/p>\n","protected":false},"excerpt":{"rendered":"Boksen &#8211; Denne sesongen blir enda bedre enn jeg turte \u00e5 dr\u00f8mme om BOKSEN: Dette er deltakerne i&hellip;\n","protected":false},"author":2,"featured_media":107304,"comment_status":"","ping_status":"","sticky":false,"template":"","format":"standard","meta":{"footnotes":""},"categories":[5],"tags":[4000,13339,20,21,24,25,15,19,22,23,5164,17,18,13,30,28,29,14,16,26,27,72],"class_list":{"0":"post-107303","1":"post","2":"type-post","3":"status-publish","4":"format-standard","5":"has-post-thumbnail","7":"category-overskrifter","8":"tag-benedicte-adrian","9":"tag-boksen","10":"tag-breaking-news","11":"tag-breakingnews","12":"tag-featured-news","13":"tag-featurednews","14":"tag-headlines","15":"tag-hovedoppslag","16":"tag-latest-news","17":"tag-latestnews","18":"tag-mads-hansen","19":"tag-main-news","20":"tag-mainnews","21":"tag-news","22":"tag-no","23":"tag-norge","24":"tag-norway","25":"tag-nyheter","26":"tag-overskrifter","27":"tag-top-stories","28":"tag-topstories","29":"tag-underholdning"},"share_on_mastodon":{"url":"https:\/\/pubeurope.com\/@no\/115683392738654426","error":""},"_links":{"self":[{"href":"https:\/\/www.europesays.com\/no\/wp-json\/wp\/v2\/posts\/107303","targetHints":{"allow":["GET"]}}],"collection":[{"href":"https:\/\/www.europesays.com\/no\/wp-json\/wp\/v2\/posts"}],"about":[{"href":"https:\/\/www.europesays.com\/no\/wp-json\/wp\/v2\/types\/post"}],"author":[{"embeddable":true,"href":"https:\/\/www.europesays.com\/no\/wp-json\/wp\/v2\/users\/2"}],"replies":[{"embeddable":true,"href":"https:\/\/www.europesays.com\/no\/wp-json\/wp\/v2\/comments?post=107303"}],"version-history":[{"count":0,"href":"https:\/\/www.europesays.com\/no\/wp-json\/wp\/v2\/posts\/107303\/revisions"}],"wp:featuredmedia":[{"embeddable":true,"href":"https:\/\/www.europesays.com\/no\/wp-json\/wp\/v2\/media\/107304"}],"wp:attachment":[{"href":"https:\/\/www.europesays.com\/no\/wp-json\/wp\/v2\/media?parent=107303"}],"wp:term":[{"taxonomy":"category","embeddable":true,"href":"https:\/\/www.europesays.com\/no\/wp-json\/wp\/v2\/categories?post=107303"},{"taxonomy":"post_tag","embeddable":true,"href":"https:\/\/www.europesays.com\/no\/wp-json\/wp\/v2\/tags?post=107303"}],"curies":[{"name":"wp","href":"https:\/\/api.w.org\/{rel}","templated":true}]}}