{"id":107305,"date":"2025-12-08T10:07:10","date_gmt":"2025-12-08T10:07:10","guid":{"rendered":"https:\/\/www.europesays.com\/no\/107305\/"},"modified":"2025-12-08T10:07:10","modified_gmt":"2025-12-08T10:07:10","slug":"mohamed-salah-liverpool-salah-drama-hevder-liverpool-vurderer-grep","status":"publish","type":"post","link":"https:\/\/www.europesays.com\/no\/107305\/","title":{"rendered":"Mohamed Salah, Liverpool | Salah-drama: Hevder Liverpool vurderer grep"},"content":{"rendered":"\n<p>If\u00f8lge reporteren Ben Jacobs vil Liverpool ta en avgj\u00f8relse mandag formiddag om Salah vil reise med resten av Liverpool-laget til Milano, for \u00e5 m\u00f8te Inter i Champions League etter <a href=\"https:\/\/www.nettavisen.no\/sport\/oppsiktsvekkende-mohamed-salah-tirade-etter-ny-liverpool-nedtur-godtar-det-ikke\/s\/5-95-2766644\" rel=\"Follow nofollow noopener\" target=\"_blank\">egypterens tirade<\/a> mot egen klubb l\u00f8rdag kveld.<\/p>\n<p>Ogs\u00e5 store engelske medier som The Athletic, <a href=\"https:\/\/www.theguardian.com\/football\/2025\/dec\/07\/mohamed-salah-arne-slot-inter-brighton\" rel=\"Follow nofollow noopener\" target=\"_blank\">The Guardian<\/a> og The Times stiller sp\u00f8rsm\u00e5l ved om Salah vil v\u00e6re med i troppen.<\/p>\n<p>Allerede tirsdag kveld m\u00f8tes de to lagene til storkamp i Italia.<\/p>\n<p><b>Les ogs\u00e5: <a href=\"https:\/\/www.nettavisen.no\/sport\/oppsiktsvekkende-mohamed-salah-tirade-etter-ny-liverpool-nedtur-godtar-det-ikke\/s\/5-95-2766644\" rel=\"Follow nofollow noopener\" target=\"_blank\">Salah-tirade vekker oppsikt: \u2013 Godtar det ikke<\/a><\/b><\/p>\n<p>   <img decoding=\"async\" width=\"2189\" height=\"1417\" fetchpriority=\"low\"  loading=\"lazy\"  src=\"https:\/\/www.europesays.com\/no\/wp-content\/uploads\/2025\/12\/NTB_Pq7H1g8CiL4_1.jpg\" alt=\"File photo dated 01\/12\/2024 of Mohamed Salah and Arne Slot. Salah has sensationally claimed he has been \" thrown=\"\" under=\"\" the=\"\" bus=\"\" and=\"\" has=\"\" no=\"\" relationship=\"\" with=\"\" arne=\"\" slot=\"\" as=\"\" liverpool=\"\" star=\"\" revealed=\"\" next=\"\" week=\"\" match=\"\" against=\"\" brighton=\"\" could=\"\" be=\"\" his=\"\" last=\"\" game=\"\" at=\"\" anfield.=\"\" issue=\"\" date:=\"\" saturday=\"\" december=\"\" class=\"brick-c-cFOWSL\" style=\"--brick-image-ratio: 2189 \/ 1417;\"\/><\/p>\n<p>      \u00d8DELAG FORHOLD: Mohamed Salah  sier at forholdet til Arne Slot ikke eksisterer.<br \/>\n      Foto: Peter Byrne\n    <\/p>\n<p>  Hevder Liverpool vurderer om Salah skal v\u00e6re med<\/p>\n<p>Mandag ettermiddag har Liverpool en \u00e5pen trening p\u00e5 sitt treningsanlegg f\u00f8r avreise. If\u00f8lge Jacobs er Liverpool i m\u00f8ter og gj\u00f8r vurderinger p\u00e5 om egypteren skal v\u00e6re en del av troppen.<\/p>\n<p>Lokalavisen <a rel=\"Follow nofollow noopener\" href=\"https:\/\/www.liverpoolecho.co.uk\/sport\/football\/football-news\/mohamed-salah-agreement-reached-week-33017339\" target=\"_blank\">Liverpool Echo<\/a> skriver mandag morgen at det vil bli \u00abfascinerende \u00e5 se\u00bb om Salah flyr med resten av troppen til Milano.<\/p>\n<p>Avisen p\u00e5peker at det ikke er noen indikasjoner akkurat n\u00e5 om at stjernen ikke vil v\u00e6re en del av laget som reiser.<\/p>\n<p>Likevel er det knyttet en viss spenning til om Salah vil v\u00e6re med, og pressekonferansen f\u00f8r kampen senere tirsdag vil med stor grad av sikkerhet bli dominert av sp\u00f8rsm\u00e5l om Salahs uttalelser etter 3-3-kampen mot Leeds i helgen.<\/p>\n<p>S\u00f8ndag skal Salah ha v\u00e6rt p\u00e5 plass p\u00e5 Liverpools treningsanlegg for en lett trening innend\u00f8rs. I <a rel=\"Follow nofollow noopener\" href=\"https:\/\/www.nytimes.com\/athletic\/6870344\/2025\/12\/08\/mohamed-salah-transfer-liverpool-interview\/?source=whatsappuk\" target=\"_blank\">The Athletic<\/a> rapporteres det at manager Arne Slot har full st\u00f8tte fra klubbens eiere i FSG, og at Salah vil bli skuffet om hans kalkulerte angrep p\u00e5 nederlenderen var et fors\u00f8k p\u00e5 \u00e5 sette press p\u00e5 manageren.<\/p>\n<p>   <img decoding=\"async\" width=\"2786\" height=\"1933\" fetchpriority=\"low\"  loading=\"lazy\"  src=\"https:\/\/www.europesays.com\/no\/wp-content\/uploads\/2025\/12\/NTB_BL4MO_EY6HA.jpg\" alt=\"Soccer Football - Premier League - Leeds United v Liverpool - Elland Road, Leeds, Britain - December 6, 2025&#10;Liverpool's Mohamed Salah arrives at the stadium before the match Action Images via Reuters\/Andrew Boyers EDITORIAL USE ONLY. NO USE WITH UNAUTHORIZED AUDIO, VIDEO, DATA, FIXTURE LISTS, CLUB\/LEAGUE LOGOS OR 'LIVE' SERVICES. ONLINE IN-MATCH USE LIMITED TO 120 IMAGES, NO VIDEO EMULATION. NO USE IN BETTING, GAMES OR SINGLE CLUB\/LEAGUE\/PLAYER PUBLICATIONS. PLEASE CONTACT YOUR ACCOUNT REPRESENTATIVE FOR FURTHER DETAILS..\" class=\"brick-c-cFOWSL\" style=\"--brick-image-ratio: 2786 \/ 1933;\"\/><\/p>\n<p>      SPENNING: Det er knyttet usikkerhet rundt Mohamed Salahs fremtid.<br \/>\n      Foto: Andrew Boyers\n    <\/p>\n<p>  Slaktes av Rooney<\/p>\n<p>Tidligere Premier League-stjerne Wayne Rooney er tydelig p\u00e5 at Slot m\u00e5 ta kraftige grep.<\/p>\n<p>\u2013 Slot m\u00e5 n\u00e5 utvise autoritet, sier Rooney til BBC.<\/p>\n<p>\u2013 Han m\u00e5 si at han ikke reiser med laget og at det han sa er uakseptabelt. Hvis jeg var i hans sko, s\u00e5 ville det absolutt ikke v\u00e6rt en plass til ham i laget, sier den tidligere storstjernen.<\/p>\n<p>Salah reiser snart til Africa Cup of Nations for \u00e5 representere Egypt i mesterskapet. Flere eksperter mener den betente saken m\u00e5 l\u00f8ses raskt.<\/p>\n<p>\u2013 Han \u00f8delegger sitt rykte i Liverpool. Det vil v\u00e6re en skam om han kaster alt vekk. Han gj\u00f8r en feil. Hvis du er s\u00e5 arrogant at du sier det. Han kaster Liverpool under bussen med slike uttalelser. Han har betydd mye for kubben, men det er respektl\u00f8st mot lagkameratene, manageren og fansen, sier Rooney.<\/p>\n","protected":false},"excerpt":{"rendered":"If\u00f8lge reporteren Ben Jacobs vil Liverpool ta en avgj\u00f8relse mandag formiddag om Salah vil reise med resten av&hellip;\n","protected":false},"author":2,"featured_media":107306,"comment_status":"","ping_status":"","sticky":false,"template":"","format":"standard","meta":{"footnotes":""},"categories":[59],"tags":[30,28,29,83,82],"class_list":{"0":"post-107305","1":"post","2":"type-post","3":"status-publish","4":"format-standard","5":"has-post-thumbnail","7":"category-sport","8":"tag-no","9":"tag-norge","10":"tag-norway","11":"tag-sport","12":"tag-sports"},"share_on_mastodon":{"url":"https:\/\/pubeurope.com\/@no\/115683396803142391","error":""},"_links":{"self":[{"href":"https:\/\/www.europesays.com\/no\/wp-json\/wp\/v2\/posts\/107305","targetHints":{"allow":["GET"]}}],"collection":[{"href":"https:\/\/www.europesays.com\/no\/wp-json\/wp\/v2\/posts"}],"about":[{"href":"https:\/\/www.europesays.com\/no\/wp-json\/wp\/v2\/types\/post"}],"author":[{"embeddable":true,"href":"https:\/\/www.europesays.com\/no\/wp-json\/wp\/v2\/users\/2"}],"replies":[{"embeddable":true,"href":"https:\/\/www.europesays.com\/no\/wp-json\/wp\/v2\/comments?post=107305"}],"version-history":[{"count":0,"href":"https:\/\/www.europesays.com\/no\/wp-json\/wp\/v2\/posts\/107305\/revisions"}],"wp:featuredmedia":[{"embeddable":true,"href":"https:\/\/www.europesays.com\/no\/wp-json\/wp\/v2\/media\/107306"}],"wp:attachment":[{"href":"https:\/\/www.europesays.com\/no\/wp-json\/wp\/v2\/media?parent=107305"}],"wp:term":[{"taxonomy":"category","embeddable":true,"href":"https:\/\/www.europesays.com\/no\/wp-json\/wp\/v2\/categories?post=107305"},{"taxonomy":"post_tag","embeddable":true,"href":"https:\/\/www.europesays.com\/no\/wp-json\/wp\/v2\/tags?post=107305"}],"curies":[{"name":"wp","href":"https:\/\/api.w.org\/{rel}","templated":true}]}}