{"id":107319,"date":"2025-12-08T10:22:18","date_gmt":"2025-12-08T10:22:18","guid":{"rendered":"https:\/\/www.europesays.com\/no\/107319\/"},"modified":"2025-12-08T10:22:18","modified_gmt":"2025-12-08T10:22:18","slug":"rogaland-stavanger-restauration-kommer-hjem-til-stavanger-tirsdag","status":"publish","type":"post","link":"https:\/\/www.europesays.com\/no\/107319\/","title":{"rendered":"Rogaland, Stavanger | \u00abRestauration\u00bb kommer hjem til Stavanger tirsdag"},"content":{"rendered":"\n<p><b>ROGALAND:<\/b> 4. juli i \u00e5r satte replikaskuta kursen fra Stavanger for \u00e5 gjenskape den f\u00f8rste utvandringsseilasen til Amerika for 200 \u00e5r siden.<\/p>\n<p>Etter en flere m\u00e5neder lang seilas over Atlanterhavet n\u00e5dde \u00abRestauration\u00bb New York City 9. oktober. Etter \u00e5 ha kastet loss fra Pier 16 p\u00e5 Manhattan f\u00e5r mannskapet mandag sin f\u00f8rste landkjenning i Norge \u2013 n\u00e5r \u00abRestauration\u00bb kommer til den lille \u00f8ykommunen Kvits\u00f8y i Rogaland.<\/p>\n<p>Tirsdag er det sjarm\u00f8retappen som gjenst\u00e5r. Da tar kaptein Harold skuta de siste nautiske milene f\u00f8r de ved 14-tiden kommer hjem til V\u00e5gen i Stavanger, opplyser Restauration venneforening i en pressemelding.<\/p>\n<p>Med en replika av originalskuta har skuta krysset det store havet p\u00e5 samme vis som de f\u00f8rste norske utvandrerne.<\/p>\n<p>4. juli 1825 seilte den relativt lille skuta \u00abRestauration\u00bb fra Stavanger med 52 nordmenn om bord. Det regnes som starten p\u00e5 masseutvandringen fra Norge til USA. Flere av dem som reiste var fra Tysv\u00e6r. <\/p>\n","protected":false},"excerpt":{"rendered":"ROGALAND: 4. juli i \u00e5r satte replikaskuta kursen fra Stavanger for \u00e5 gjenskape den f\u00f8rste utvandringsseilasen til Amerika&hellip;\n","protected":false},"author":2,"featured_media":107320,"comment_status":"","ping_status":"","sticky":false,"template":"","format":"standard","meta":{"footnotes":""},"categories":[10],"tags":[36,20,21,24,25,15,22,23,13,30,28,29,14,16,536,1306,1510,26,27,5553],"class_list":{"0":"post-107319","1":"post","2":"type-post","3":"status-publish","4":"format-standard","5":"has-post-thumbnail","7":"category-norge","8":"tag-art","9":"tag-breaking-news","10":"tag-breakingnews","11":"tag-featured-news","12":"tag-featurednews","13":"tag-headlines","14":"tag-latest-news","15":"tag-latestnews","16":"tag-news","17":"tag-no","18":"tag-norge","19":"tag-norway","20":"tag-nyheter","21":"tag-overskrifter","22":"tag-rogaland","23":"tag-stavanger","24":"tag-story","25":"tag-top-stories","26":"tag-topstories","27":"tag-tysvaer"},"share_on_mastodon":{"url":"https:\/\/pubeurope.com\/@no\/115683455542215695","error":""},"_links":{"self":[{"href":"https:\/\/www.europesays.com\/no\/wp-json\/wp\/v2\/posts\/107319","targetHints":{"allow":["GET"]}}],"collection":[{"href":"https:\/\/www.europesays.com\/no\/wp-json\/wp\/v2\/posts"}],"about":[{"href":"https:\/\/www.europesays.com\/no\/wp-json\/wp\/v2\/types\/post"}],"author":[{"embeddable":true,"href":"https:\/\/www.europesays.com\/no\/wp-json\/wp\/v2\/users\/2"}],"replies":[{"embeddable":true,"href":"https:\/\/www.europesays.com\/no\/wp-json\/wp\/v2\/comments?post=107319"}],"version-history":[{"count":0,"href":"https:\/\/www.europesays.com\/no\/wp-json\/wp\/v2\/posts\/107319\/revisions"}],"wp:featuredmedia":[{"embeddable":true,"href":"https:\/\/www.europesays.com\/no\/wp-json\/wp\/v2\/media\/107320"}],"wp:attachment":[{"href":"https:\/\/www.europesays.com\/no\/wp-json\/wp\/v2\/media?parent=107319"}],"wp:term":[{"taxonomy":"category","embeddable":true,"href":"https:\/\/www.europesays.com\/no\/wp-json\/wp\/v2\/categories?post=107319"},{"taxonomy":"post_tag","embeddable":true,"href":"https:\/\/www.europesays.com\/no\/wp-json\/wp\/v2\/tags?post=107319"}],"curies":[{"name":"wp","href":"https:\/\/api.w.org\/{rel}","templated":true}]}}