{"id":107321,"date":"2025-12-08T10:23:10","date_gmt":"2025-12-08T10:23:10","guid":{"rendered":"https:\/\/www.europesays.com\/no\/107321\/"},"modified":"2025-12-08T10:23:10","modified_gmt":"2025-12-08T10:23:10","slug":"skudd-avfyrt-pa-storo-senteret-i-oslo","status":"publish","type":"post","link":"https:\/\/www.europesays.com\/no\/107321\/","title":{"rendered":"Skudd avfyrt p\u00e5 Storo-senteret i Oslo"},"content":{"rendered":"\n<p class=\"_lead_o9xde_2 _lead_xtcu6_50 layout-component text-serif-m layout-normal text-serif-l layout-component layout-wide layout-padded _wide_17hqh_1 layout-padded\">De har kontroll p\u00e5 den de mener er skytteren, og ber folk holde seg unna omr\u00e5det.<\/p>\n<p><img alt=\"SKUDD: Flere politipatruljer har rykket ut til Storo Storsenter etter melding om avfyrt skudd inne p\u00e5 senteret. Foto: Jan Gundersen\" class=\"_image_qp4xg_65 layout-component layout-wide\" data-fullscreen- data-track-element-type=\"Article image fullscreen\" data-track-name=\"ImageFullscreen\" fetchpriority=\"high\" decoding=\"sync\" loading=\"eager\" height=\"1682\" itemprop=\"image\"  src=\"https:\/\/www.europesays.com\/no\/wp-content\/uploads\/2025\/12\/64d370ca-aae7-4837-94b0-590d391d2ee6\"  style=\"object-position:0% 0%\" width=\"2326\"\/>SKUDD: Flere politipatruljer har rykket ut til Storo Storsenter etter melding om avfyrt skudd inne p\u00e5 senteret. Foto: Jan Gundersen Oppdatert mandag 8. desember kl. 11:22     <\/p>\n<p class=\"_paragraph_o9xde_4 _paragraph_xtcu6_10 layout-component text-serif-m layout-normal text-serif-m layout-padded\">I en oppdatering i politiloggen klokken 11.18 opplyser politiet at de har s\u00f8kt gjennom \u00abstort sett hele senteret\u00bb og ikke har funnet noen skadede. <\/p>\n<p class=\"_paragraph_o9xde_4 _paragraph_xtcu6_10 layout-component text-serif-m layout-normal text-serif-m layout-padded\">\u2013 Vi har kontroll p\u00e5 antatt mistenkt, sa Tor Gr\u00f8ttum i <a href=\"https:\/\/www.vg.no\/tag\/oslo?utm_source=vg-article&amp;utm_medium=auto-tagger&amp;utm_campaign=43dbwa\" class=\"_link_o9xde_39\" rel=\"nofollow noopener\" target=\"_blank\">Oslo<\/a>-politiet til VG klokken 11.05.<\/p>\n<p class=\"_paragraph_o9xde_4 _paragraph_xtcu6_10 layout-component text-serif-m layout-normal text-serif-m layout-padded\">Han forteller at de jobber med \u00e5 skaffe personalia p\u00e5 den antatte gjernings\u00adpersonen. Vedkommende er tatt h\u00e5nd om av politiet og helsepersonell p\u00e5 stedet.<\/p>\n<p class=\"_paragraph_o9xde_4 _paragraph_xtcu6_10 layout-component text-serif-m layout-normal text-serif-m layout-padded\"><strong class=\"_strong_o9xde_25\">Gr\u00f8ttum bekrefter at skuddet ble l\u00f8snet inne p\u00e5 senteret, og at de har bedt folk om \u00e5 holde seg unna omr\u00e5det i tilfelle det skulle v\u00e6re flere skyttere eller mistenkte.<\/strong><\/p>\n<p class=\"_paragraph_o9xde_4 _paragraph_xtcu6_10 layout-component text-serif-m layout-normal text-serif-m layout-padded\">\u2013 V\u00e5r forst\u00e5else er at det er \u00e9n person, men vi jobber med \u00e5 f\u00e5 avklart om det er flere involverte, understreker han. <\/p>\n<p class=\"_paragraph_o9xde_4 _paragraph_xtcu6_10 layout-component text-serif-m layout-normal text-serif-m layout-padded\">Han sier det er for tidlig \u00e5 si om skuddet er m\u00e5lrettet eller om det er et v\u00e5deskuddv\u00e5deskuddEt skudd som blir avfyrt ved et uhell, uten at det var meningen \u00e5 treffe noe eller noen.. <\/p>\n<p class=\"_paragraph_o9xde_4 _paragraph_xtcu6_10 layout-component text-serif-m layout-normal text-serif-m layout-padded\">\u2013 Vi kan bekrefte at det er avfyrt et skudd, og det er for tidlig \u00e5 si hva slags v\u00e5pen det er. Vi sitter ikke p\u00e5 informasjon om det n\u00e5, sier han. <\/p>\n<p><img alt=\"Foto: VG-tipser\" class=\"_image_qp4xg_65 layout-component layout-normal\" data-fullscreen- data-track-element-type=\"Article image fullscreen\" data-track-name=\"ImageFullscreen\" decoding=\"async\" loading=\"lazy\" height=\"1407\" itemprop=\"image\"  src=\"https:\/\/www.europesays.com\/no\/wp-content\/uploads\/2025\/12\/940c2354-ca09-43b5-9762-c027431678ac\"  style=\"object-position:0% 0%\" width=\"2160\"\/>Foto: VG-tipser<\/p>\n<p class=\"_paragraph_o9xde_4 _paragraph_xtcu6_10 layout-component text-serif-m layout-normal text-serif-m layout-padded\">Politiet rykket ut til kj\u00f8pesenteret etter melding om at en person har avfyrt skudd inne p\u00e5 senteret, skrev operasjonsleder Eirik Sannes i politiloggen klokken 10.56.<\/p>\n<p class=\"_paragraph_o9xde_4 _paragraph_xtcu6_10 layout-component text-serif-m layout-normal text-serif-m layout-padded\">If\u00f8lge en VG-tipser skal det v\u00e6re 10\u201312 politibiler p\u00e5 stedet. Ogs\u00e5 ambulanser er p\u00e5 plass. <\/p>\n<p class=\"_paragraph_o9xde_4 _paragraph_xtcu6_10 layout-component text-serif-m layout-normal text-serif-m layout-padded\">\u2013 Per n\u00e5 \u00f8nsker vi at folk holder seg unna Storosenteret, skriver Sannes. <\/p>\n<p class=\"_paragraph_o9xde_4 _paragraph_xtcu6_10 layout-component text-serif-m layout-normal text-serif-m layout-padded\">Politiet ber om dette for \u00e5 bedre arbeidsforholdene for n\u00f8detatene. Politiet opplyser at de vil melde n\u00e5r \u00absituasjonen er normalisert\u00bb. Politihelikopter er i luften over senteret.<\/p>\n<p class=\"_paragraph_o9xde_4 _paragraph_xtcu6_10 layout-component text-serif-m layout-normal text-serif-m layout-padded\">Storo Storsenter er et kj\u00f8pesenter nord i Oslo.<\/p>\n<p class=\"_paragraph_o9xde_4 _paragraph_xtcu6_10 layout-component text-serif-m layout-normal text-serif-m layout-padded\">\u2013 Vi har evakuert alle kundene, sier senterleder Unni Merethe Aasgaard til VG. Hun viser videre til politiet.<\/p>\n<p>Aktiver kart<br \/>\n    <img decoding=\"async\" alt=\"Tips oss illustrasjon\" src=\"https:\/\/www.europesays.com\/no\/wp-content\/uploads\/2025\/10\/pssst-small.webp.webp\"\/>    <\/p>\n<p class=\"title-serif-s\">Har du tips?<\/p>\n<p class=\"text-sans-m\">Send oss informasjon, bilder eller video.<\/p>\n<p>  <a href=\"https:\/\/www.vg.no\/tips-oss\" rel=\"nofollow noopener\" target=\"_blank\"> Tips oss <\/a>      <\/p>\n","protected":false},"excerpt":{"rendered":"De har kontroll p\u00e5 den de mener er skytteren, og ber folk holde seg unna omr\u00e5det. SKUDD: Flere&hellip;\n","protected":false},"author":2,"featured_media":107322,"comment_status":"","ping_status":"","sticky":false,"template":"","format":"standard","meta":{"footnotes":""},"categories":[5],"tags":[31,20,21,24,25,15,19,148,22,23,17,18,13,30,28,29,14,636,16,13350,26,27],"class_list":{"0":"post-107321","1":"post","2":"type-post","3":"status-publish","4":"format-standard","5":"has-post-thumbnail","7":"category-overskrifter","8":"tag-breaking","9":"tag-breaking-news","10":"tag-breakingnews","11":"tag-featured-news","12":"tag-featurednews","13":"tag-headlines","14":"tag-hovedoppslag","15":"tag-kriminalitet","16":"tag-latest-news","17":"tag-latestnews","18":"tag-main-news","19":"tag-mainnews","20":"tag-news","21":"tag-no","22":"tag-norge","23":"tag-norway","24":"tag-nyheter","25":"tag-oslo","26":"tag-overskrifter","27":"tag-storo-storsenter","28":"tag-top-stories","29":"tag-topstories"},"share_on_mastodon":{"url":"https:\/\/pubeurope.com\/@no\/115683459555744301","error":""},"_links":{"self":[{"href":"https:\/\/www.europesays.com\/no\/wp-json\/wp\/v2\/posts\/107321","targetHints":{"allow":["GET"]}}],"collection":[{"href":"https:\/\/www.europesays.com\/no\/wp-json\/wp\/v2\/posts"}],"about":[{"href":"https:\/\/www.europesays.com\/no\/wp-json\/wp\/v2\/types\/post"}],"author":[{"embeddable":true,"href":"https:\/\/www.europesays.com\/no\/wp-json\/wp\/v2\/users\/2"}],"replies":[{"embeddable":true,"href":"https:\/\/www.europesays.com\/no\/wp-json\/wp\/v2\/comments?post=107321"}],"version-history":[{"count":0,"href":"https:\/\/www.europesays.com\/no\/wp-json\/wp\/v2\/posts\/107321\/revisions"}],"wp:featuredmedia":[{"embeddable":true,"href":"https:\/\/www.europesays.com\/no\/wp-json\/wp\/v2\/media\/107322"}],"wp:attachment":[{"href":"https:\/\/www.europesays.com\/no\/wp-json\/wp\/v2\/media?parent=107321"}],"wp:term":[{"taxonomy":"category","embeddable":true,"href":"https:\/\/www.europesays.com\/no\/wp-json\/wp\/v2\/categories?post=107321"},{"taxonomy":"post_tag","embeddable":true,"href":"https:\/\/www.europesays.com\/no\/wp-json\/wp\/v2\/tags?post=107321"}],"curies":[{"name":"wp","href":"https:\/\/api.w.org\/{rel}","templated":true}]}}