{"id":107325,"date":"2025-12-08T10:25:09","date_gmt":"2025-12-08T10:25:09","guid":{"rendered":"https:\/\/www.europesays.com\/no\/107325\/"},"modified":"2025-12-08T10:25:09","modified_gmt":"2025-12-08T10:25:09","slug":"jeg-sliter-med-a-ga","status":"publish","type":"post","link":"https:\/\/www.europesays.com\/no\/107325\/","title":{"rendered":"\u2013 Jeg sliter med \u00e5 g\u00e5"},"content":{"rendered":"<p>    I et personlig innlegg p\u00e5 sosiale medier forteller den folkekj\u00e6re musikeren om sine ryggproblemer.<\/p>\n<p>\n        \u2013 Jeg har ikke problemer med \u00e5 avvikle konserter, det gir fortsatt energi. Til og fra mikrofonen er utfordringen, men det har g\u00e5tt greit s\u00e5 langt. Konsertene framover g\u00e5r alts\u00e5 som planlagt, forsikrer Bj\u00f8rn Eidsv\u00e5g til sine mange fans i hele Norge.<br \/>\n        Frederik Ringnes\n    <\/p>\n<p>I innlegget, som er illustrert av en rullator, skriver Eidsv\u00e5g:<\/p>\n<p>\u2013 Noen av dere har kanskje sett meg humpe rundt med denne i det siste. Den er min tr\u00f8st og st\u00f8tte i disse dager. Jeg har f\u00e5tt prolaps i ryggen og sliter med \u00e5 g\u00e5, forteller Eidsv\u00e5g p\u00e5 Instagram.<\/p>\n<p>Han har ogs\u00e5 postet et innlegg p\u00e5 Facebook hvor han forteller at han har v\u00e6rt avhengig av rullator et halvt \u00e5r.\u00a0\u00a0<\/p>\n<p>\u00abN\u00e5 er jeg mye bedre og trener p\u00e5 \u00e5 g\u00e5 uten hjelpemidler. G\u00e5r litt ust\u00f8dig og skeivt, men er snart rett i ryggen og st\u00f8dig.\u00bb<\/p>\n<p> 70-\u00e5ringen er en av Norges fremste artister og har holdt det g\u00e5ende i n\u00e6rmere 50 \u00e5r. Han har utgitt 25 album siden debuten i 1976, og er tildelt Spellemannprisen fire ganger. I 2024 ble Bj\u00f8rn Eidsv\u00e5g innlemmet i Rockheim Hall of Fame i Trondheim. <\/p>\n<p>\u2013 Det gir fortsatt energi<\/p>\n<p>Etter et langt liv som omstreifende artist med spillejobber i s\u00e5 \u00e5 si alle avkroker i Norge, har han i perioder tilbragt mer tid p\u00e5 veien enn hjemme. Det har kostet.<\/p>\n<p>Selv etter \u00e5 ha passert 70, etter en gedigen overraskelsesfeiring i Oslo Spektrum, har han ikke ligget p\u00e5 latsiden.<\/p>\n<p>                <img decoding=\"async\" src=\"https:\/\/www.europesays.com\/no\/wp-content\/uploads\/2025\/12\/1320898.webp\" width=\"480\" height=\"274\" title=\"Skjermdump fra innlegget p\u00e5 Instagram.\" alt=\"\" loading=\"lazy\" style=\"\"\/><\/p>\n<p>\n            Skjermdump fra innlegget p\u00e5 Instagram.<\/p>\n<p>\u2013 Jeg har ikke problemer med \u00e5 avvikle konserter, det gir fortsatt energi. Til og fra mikrofonen er utfordringen, men det har g\u00e5tt greit s\u00e5 langt. Konsertene framover g\u00e5r alts\u00e5 som planlagt, forsikrer Eidsv\u00e5g til de mange som allerede har kj\u00f8pt billett, eller har planer om \u00e5 gj\u00f8re det.<\/p>\n<p>Gode prognoser<\/p>\n<p>Et prolaps er n\u00e5r en mellomvirvelskive i ryggen sprekker, slik at den gel\u00e9aktige kjernen presses ut og kan trykke p\u00e5 n\u00e6rliggende nerver. Dette gir smerter, nummenhet, prikking og muskelsvakhet, ofte str\u00e5lende ned i arm eller ben, if\u00f8lge <a href=\"https:\/\/www.helsenorge.no\/sykdom\/muskel-og-skjelett\/skiveprolaps\/\" rel=\"nofollow noopener\" target=\"_blank\">Helse Norge.<\/a><\/p>\n<p>En skiveprolaps i ryggen kan v\u00e6re sv\u00e6rt smertefull, men de fleste blir bra av seg selv innen seks uker.<\/p>\n<p>\u2013 Doktoren sier det kan g\u00e5 over snart, skriver Eidsv\u00e5g til sine 100.000 f\u00f8lgere. Innlegget har f\u00e5tt mer enn 3.500 likes og 150 kommentarer.<\/p>\n<p>Hyller sin kone<\/p>\n<p>P\u00e5 slutten av innlegget kommer han med en hyllest til sin kone, Ragnhild Ids\u00f8. De giftet seg allerede da de var 20 \u00e5r gamle.<\/p>\n<p>\u2013 Ps: Jeg anbefaler alle \u00e5 gifte seg med en sykepleier.<\/p>\n<p>Eidsv\u00e5g har tidligere fortalt, blant annet i <a href=\"https:\/\/www.seher.no\/kjendis\/matte-tale-flere-brudd\/78698852\" rel=\"nofollow noopener\" target=\"_blank\">Se &amp; H\u00f8r <\/a>i 2023, om at ekteparet i perioder har bodd fra hverandre, men at de har funnet sammen igjen hver gang.<\/p>\n<p>\u2013 N\u00e5 trives vi. Hun er blitt pensjonist, og vi har enda bedre tid sammen enn vi hadde f\u00f8r. Vi har tre barn og en liten flokk med barnebarn. N\u00e5 er det rett og slett fryktelig kult og veldig kjekt, fortalte Bj\u00f8rn Eidsv\u00e5g da han var deltager i \u00abHver gang vi m\u00f8tes\u00bb.<\/p>\n","protected":false},"excerpt":{"rendered":"I et personlig innlegg p\u00e5 sosiale medier forteller den folkekj\u00e6re musikeren om sine ryggproblemer. \u2013 Jeg har ikke&hellip;\n","protected":false},"author":2,"featured_media":107326,"comment_status":"","ping_status":"","sticky":false,"template":"","format":"standard","meta":{"footnotes":""},"categories":[58],"tags":[71,30,28,29,72],"class_list":{"0":"post-107325","1":"post","2":"type-post","3":"status-publish","4":"format-standard","5":"has-post-thumbnail","7":"category-underholdning","8":"tag-entertainment","9":"tag-no","10":"tag-norge","11":"tag-norway","12":"tag-underholdning"},"share_on_mastodon":{"url":"https:\/\/pubeurope.com\/@no\/115683467357479437","error":""},"_links":{"self":[{"href":"https:\/\/www.europesays.com\/no\/wp-json\/wp\/v2\/posts\/107325","targetHints":{"allow":["GET"]}}],"collection":[{"href":"https:\/\/www.europesays.com\/no\/wp-json\/wp\/v2\/posts"}],"about":[{"href":"https:\/\/www.europesays.com\/no\/wp-json\/wp\/v2\/types\/post"}],"author":[{"embeddable":true,"href":"https:\/\/www.europesays.com\/no\/wp-json\/wp\/v2\/users\/2"}],"replies":[{"embeddable":true,"href":"https:\/\/www.europesays.com\/no\/wp-json\/wp\/v2\/comments?post=107325"}],"version-history":[{"count":0,"href":"https:\/\/www.europesays.com\/no\/wp-json\/wp\/v2\/posts\/107325\/revisions"}],"wp:featuredmedia":[{"embeddable":true,"href":"https:\/\/www.europesays.com\/no\/wp-json\/wp\/v2\/media\/107326"}],"wp:attachment":[{"href":"https:\/\/www.europesays.com\/no\/wp-json\/wp\/v2\/media?parent=107325"}],"wp:term":[{"taxonomy":"category","embeddable":true,"href":"https:\/\/www.europesays.com\/no\/wp-json\/wp\/v2\/categories?post=107325"},{"taxonomy":"post_tag","embeddable":true,"href":"https:\/\/www.europesays.com\/no\/wp-json\/wp\/v2\/tags?post=107325"}],"curies":[{"name":"wp","href":"https:\/\/api.w.org\/{rel}","templated":true}]}}