{"id":107333,"date":"2025-12-08T10:31:32","date_gmt":"2025-12-08T10:31:32","guid":{"rendered":"https:\/\/www.europesays.com\/no\/107333\/"},"modified":"2025-12-08T10:31:32","modified_gmt":"2025-12-08T10:31:32","slug":"kirsti-bergsto-sv-sv-profiler-misfornoyd-med-bergsto-ber-om-ekstraordinaert-landsmote","status":"publish","type":"post","link":"https:\/\/www.europesays.com\/no\/107333\/","title":{"rendered":"Kirsti Bergst\u00f8, SV | SV-profiler misforn\u00f8yd med Bergst\u00f8: Ber om ekstraordin\u00e6rt landsm\u00f8te"},"content":{"rendered":"\n<p>\u2013 Jeg mener at vi b\u00f8r kalle inn til et ekstraordin\u00e6rt landsm\u00f8te. Det er krise i organisasjonen n\u00e5, sier Inger Brokka de Ruiter til <a href=\"https:\/\/www.nrk.no\/norge\/sv-profiler-krever-oppvask-_-misnoye-med-bergsto-1.17683021\" rel=\"nofollow noopener\" target=\"_blank\">NRK<\/a>.<\/p>\n<p>Hun er varaordf\u00f8rer i Arendal. I helgen gikk hun ut med tilsvarende kritikk i <a href=\"https:\/\/www.nationen.no\/tar-oppgjor-med-eget-parti-vanskelig-a-forsta-hva-som-er-prosjektet-vart\/s\/5-148-830431\" rel=\"nofollow noopener\" target=\"_blank\">Nationen<\/a>.<\/p>\n<p>\u2013 Vi gj\u00f8r ikke en god nok jobb i \u00e5 f\u00e5 fram hva vi st\u00e5r for og hva prosjektet v\u00e5rt er. Jeg synes det har v\u00e6rt vanskelig \u00e5 finne prosjektet etter at Audun Lysbakken gikk av, sa hun til avisen.<\/p>\n<p>Ogs\u00e5 partiets gruppeleder i Kristiansand, Andreas Landmark, sier til NRK at han \u00f8nsker et ekstraordin\u00e6rt landsm\u00f8te.<\/p>\n<p>\u2013 Jeg tenker at med de erfaringene vi har gjort oss n\u00e5 det siste \u00e5ret, m\u00e5 organisasjonen og ledelsen sp\u00f8rre seg selv, om de er de beste til \u00e5 sitte i de posisjonene, sier han.<\/p>\n<p>    Vil du se neste video?<\/p>\n<p>    <a href=\"https:\/\/www.nettavisen.no\/nyheter\/ukrainske-spesialstyrker-skal-ha-tatt-ut-russiske-mal-pa-krim-halvoya\/v\/5-95-2764466\" class=\"recommend-poster\" data-adp-clicklabel=\"video-recommend\" data-adp-clickvalue=\"poster\" rel=\"nofollow noopener\" target=\"_blank\"><br \/>\n      <img decoding=\"async\" width=\"200\" height=\"200\" loading=\"lazy\" src=\"https:\/\/www.europesays.com\/no\/wp-content\/uploads\/2025\/12\/KAMPFLY+BREDDE.jpg\" alt=\"\" class=\"brick-c-cFOWSL\" style=\"--brick-image-ratio: 200 \/ 200;\"\/><\/p>\n<p>Tar ut russisk kampfly p\u00e5 Krim0:24<\/p>\n<p>    <\/a><\/p>\n<p><b>Les ogs\u00e5:<a rel=\"Follow nofollow noopener\" href=\"https:\/\/www.nettavisen.no\/nyheter\/radoslaw-sikorski-raser-mot-elon-musk-der-er-det-ingen-sensur-mot-nazihilsener\/s\/5-95-2767739\" target=\"_blank\"> Ber Musk flytte: \u2013 Der er det ingen sensur mot nazihilsener<\/a><\/b><\/p>\n<p>Kirsti Bergst\u00f8 tok over som SV-leder etter Audun Lysbakken v\u00e5ren 2023. Hun mener det ikke er grunnlag for et ekstraordin\u00e6rt landsm\u00f8te, men sier hun tar signalene om frustrasjon p\u00e5 alvor.<\/p>\n<p>\u2013 Jeg tar alle tilbakemeldinger til meg og \u00f8nsker \u00e5 ta dem p\u00e5 alvor. Jeg h\u00e5per ogs\u00e5 at det er tanker som bringes inn i partiet, og ikke bare i offentligheten, sier hun til NRK.<\/p>\n<p>\u2013 Vi gikk litt tilbake ved valget. Jeg skulle \u00f8nske vi gikk fram. Men det \u00e5 bruke krise er et veldig hardt ord som jeg ikke kjenner meg igjen i, sier hun.<\/p>\n<p>(\u00a9NTB)<\/p>\n","protected":false},"excerpt":{"rendered":"\u2013 Jeg mener at vi b\u00f8r kalle inn til et ekstraordin\u00e6rt landsm\u00f8te. Det er krise i organisasjonen n\u00e5,&hellip;\n","protected":false},"author":2,"featured_media":107334,"comment_status":"","ping_status":"","sticky":false,"template":"","format":"standard","meta":{"footnotes":""},"categories":[5],"tags":[20,21,24,25,15,19,22,23,17,18,13,30,28,29,14,16,26,27],"class_list":{"0":"post-107333","1":"post","2":"type-post","3":"status-publish","4":"format-standard","5":"has-post-thumbnail","7":"category-overskrifter","8":"tag-breaking-news","9":"tag-breakingnews","10":"tag-featured-news","11":"tag-featurednews","12":"tag-headlines","13":"tag-hovedoppslag","14":"tag-latest-news","15":"tag-latestnews","16":"tag-main-news","17":"tag-mainnews","18":"tag-news","19":"tag-no","20":"tag-norge","21":"tag-norway","22":"tag-nyheter","23":"tag-overskrifter","24":"tag-top-stories","25":"tag-topstories"},"share_on_mastodon":{"url":"https:\/\/pubeurope.com\/@no\/115683491111675956","error":""},"_links":{"self":[{"href":"https:\/\/www.europesays.com\/no\/wp-json\/wp\/v2\/posts\/107333","targetHints":{"allow":["GET"]}}],"collection":[{"href":"https:\/\/www.europesays.com\/no\/wp-json\/wp\/v2\/posts"}],"about":[{"href":"https:\/\/www.europesays.com\/no\/wp-json\/wp\/v2\/types\/post"}],"author":[{"embeddable":true,"href":"https:\/\/www.europesays.com\/no\/wp-json\/wp\/v2\/users\/2"}],"replies":[{"embeddable":true,"href":"https:\/\/www.europesays.com\/no\/wp-json\/wp\/v2\/comments?post=107333"}],"version-history":[{"count":0,"href":"https:\/\/www.europesays.com\/no\/wp-json\/wp\/v2\/posts\/107333\/revisions"}],"wp:featuredmedia":[{"embeddable":true,"href":"https:\/\/www.europesays.com\/no\/wp-json\/wp\/v2\/media\/107334"}],"wp:attachment":[{"href":"https:\/\/www.europesays.com\/no\/wp-json\/wp\/v2\/media?parent=107333"}],"wp:term":[{"taxonomy":"category","embeddable":true,"href":"https:\/\/www.europesays.com\/no\/wp-json\/wp\/v2\/categories?post=107333"},{"taxonomy":"post_tag","embeddable":true,"href":"https:\/\/www.europesays.com\/no\/wp-json\/wp\/v2\/tags?post=107333"}],"curies":[{"name":"wp","href":"https:\/\/api.w.org\/{rel}","templated":true}]}}