{"id":107335,"date":"2025-12-08T10:32:15","date_gmt":"2025-12-08T10:32:15","guid":{"rendered":"https:\/\/www.europesays.com\/no\/107335\/"},"modified":"2025-12-08T10:32:15","modified_gmt":"2025-12-08T10:32:15","slug":"lunde-holder-doren-apen-for-ny-klubb-alt-er-aktuelt","status":"publish","type":"post","link":"https:\/\/www.europesays.com\/no\/107335\/","title":{"rendered":"Lunde holder d\u00f8ren \u00e5pen for ny klubb: \u2013 Alt er aktuelt"},"content":{"rendered":"<p>Lunde sto som en vegg mot brasilianerne i 33-14-seieren s\u00f8ndag og gikk av banen med 14 redninger og en redningsprosent p\u00e5 67.<\/p>\n<p>Like f\u00f8r mesterskapet kunngjorde hun at VM blir hennes siste for landslaget. Hun har ikke kommet p\u00e5 andre tanker, lover hun.<\/p>\n<p>\u2013 Nei, men jeg vet ikke om jeg gir meg helt, sier Lunde til NTB.<\/p>\n<p>Kontrakten hennes med R\u00f8de Stjerne i Serbia g\u00e5r ut ved \u00e5rsskiftet.<\/p>\n<p>\u2013 Jeg har sagt at vi snakker om det etter mesterskapet. Alt er aktuelt.<\/p>\n<p>\u2013 Ogs\u00e5 spill i Norge?<\/p>\n<p>\u2013 Ja.<\/p>\n<p>45-\u00e5ringen har sammen med et bunnsolid forsvar gjort at Norge er det laget alle frykter \u00e5 m\u00f8te i VM. F\u00f8rst ut er Montenegro i kvartfinalen tirsdag.<\/p>\n<p>Interesse<\/p>\n<p>Landslagssjef Ole Gustav Gjekstad lar seg begeistre av keeperveteranen.<\/p>\n<p>\u2013 Det er helt vanvittig. Redningsprosenter har stort sett g\u00e5tt nedover p\u00e5 m\u00e5lvaktene de siste \u00e5rene p\u00e5 dame- og herresiden. Jeg tror ikke Katrine heller har hatt et VM med en s\u00e5 h\u00f8y redningsprosent etter seks kamper, sier Gjekstad til NTB.<\/p>\n<p>Gjekstad er klar p\u00e5 at 45-\u00e5ringen har gode kort p\u00e5 h\u00e5nden om hun velger \u00e5 fortsette med klubbkarrieren.<\/p>\n<p>\u2013 Det er ikke noen d\u00e5rlige s\u00f8knader hun leverer her for \u00e5 f\u00e5 noen gode tilbud.<\/p>\n<p>\u2013 Hvordan er interessen?<\/p>\n<p>\u2013 Jeg vet at det er interesse, men jeg har ikke konkret kunnskap om hvem, sier Gjekstad.<\/p>\n<p>Tidenes beste?<\/p>\n<p>Lagvenninne Stine Skogrand bruker uttrykket \u00abGOAT\u00bb (Greatest of all time) for \u00e5 beskrive Lunde.<\/p>\n<p>\u2013 Jeg skj\u00f8nner ikke at det er mulig. Det er ekstremt sterkt av henne. Vi nyter hver kamp vi har igjen med Katrine p\u00e5 landslaget, og jeg tror hun ogs\u00e5 nyter det. Hun str\u00e5ler, sier Skogrand.<\/p>\n<p>Veronica Kristiansen hyller ogs\u00e5 Lunde:<\/p>\n<p>\u2013 Det er trist for oss og norsk og internasjonal h\u00e5ndball at det er hennes siste mesterskap. Hun er en ener og et fantastisk menneske. Hun krever av deg, men samtidig er hun medmenneskelig, sier Kristiansen.<\/p>\n<p>Lunde og co. skal i aksjon igjen tirsdag mot Montenegro. Ungarn og Frankrike\/Nederland skal gj\u00f8re opp i den andre kvartfinalen p\u00e5 Norges side i sluttspillet.<\/p>\n","protected":false},"excerpt":{"rendered":"Lunde sto som en vegg mot brasilianerne i 33-14-seieren s\u00f8ndag og gikk av banen med 14 redninger og&hellip;\n","protected":false},"author":2,"featured_media":107336,"comment_status":"","ping_status":"","sticky":false,"template":"","format":"standard","meta":{"footnotes":""},"categories":[59],"tags":[967,105,1526,30,28,29,83,82],"class_list":{"0":"post-107335","1":"post","2":"type-post","3":"status-publish","4":"format-standard","5":"has-post-thumbnail","7":"category-sport","8":"tag-artikler-fra-ntb","9":"tag-handball","10":"tag-katrine-lunde","11":"tag-no","12":"tag-norge","13":"tag-norway","14":"tag-sport","15":"tag-sports"},"share_on_mastodon":{"url":"https:\/\/pubeurope.com\/@no\/115683494855190485","error":""},"_links":{"self":[{"href":"https:\/\/www.europesays.com\/no\/wp-json\/wp\/v2\/posts\/107335","targetHints":{"allow":["GET"]}}],"collection":[{"href":"https:\/\/www.europesays.com\/no\/wp-json\/wp\/v2\/posts"}],"about":[{"href":"https:\/\/www.europesays.com\/no\/wp-json\/wp\/v2\/types\/post"}],"author":[{"embeddable":true,"href":"https:\/\/www.europesays.com\/no\/wp-json\/wp\/v2\/users\/2"}],"replies":[{"embeddable":true,"href":"https:\/\/www.europesays.com\/no\/wp-json\/wp\/v2\/comments?post=107335"}],"version-history":[{"count":0,"href":"https:\/\/www.europesays.com\/no\/wp-json\/wp\/v2\/posts\/107335\/revisions"}],"wp:featuredmedia":[{"embeddable":true,"href":"https:\/\/www.europesays.com\/no\/wp-json\/wp\/v2\/media\/107336"}],"wp:attachment":[{"href":"https:\/\/www.europesays.com\/no\/wp-json\/wp\/v2\/media?parent=107335"}],"wp:term":[{"taxonomy":"category","embeddable":true,"href":"https:\/\/www.europesays.com\/no\/wp-json\/wp\/v2\/categories?post=107335"},{"taxonomy":"post_tag","embeddable":true,"href":"https:\/\/www.europesays.com\/no\/wp-json\/wp\/v2\/tags?post=107335"}],"curies":[{"name":"wp","href":"https:\/\/api.w.org\/{rel}","templated":true}]}}