{"id":107345,"date":"2025-12-08T10:38:11","date_gmt":"2025-12-08T10:38:11","guid":{"rendered":"https:\/\/www.europesays.com\/no\/107345\/"},"modified":"2025-12-08T10:38:11","modified_gmt":"2025-12-08T10:38:11","slug":"posten-jul-posten-ruster-opp-massivt-for-jul-setter-inn-700-personer","status":"publish","type":"post","link":"https:\/\/www.europesays.com\/no\/107345\/","title":{"rendered":"Posten, Jul | Posten ruster opp massivt f\u00f8r jul: Setter inn 700 personer"},"content":{"rendered":"\n<p>Det opplyser de til Nettavisen.<\/p>\n<p>\u2013 Det har v\u00e6rt og er en veldig stor p\u00e5gang med pakker n\u00e5, noe vi synes er veldig g\u00f8y. Dette har vi forberedt oss til gjennom hele \u00e5ret, s\u00e5 vi opplever ingen utfordringer, sier presse- og kommunikasjonsr\u00e5dgiver, Aleksander H\u00f8manberg.<\/p>\n<p>Julen er h\u00f8ysesong for sending av pakker og gaver, og det er ventet massivt med forsendelser.<\/p>\n<p><b>Derfor har Posten rustet opp kraftig f\u00f8r \u00e5rets h\u00f8ysesong.<\/b><\/p>\n<p>\u2013 Fra november og fram til jul har vi fylt p\u00e5 med 700 ekstra medarbeidere og 100 ekstra kj\u00f8ret\u00f8y til \u00e5 h\u00e5ndtere pakkevolumene, sier H\u00f8manberg og fortsetter:<\/p>\n<p>\u2013 Men det er mye pakker p\u00e5 hentestedene, slik som post i butikk og pakkeboksene v\u00e5re, s\u00e5 oppfordringen er \u00e5 hente pakker s\u00e5 raskt man kan etter \u00e5 ha mottatt hentemelding.<\/p>\n<p>Tidligere mandag ble det kjent at over 100 pakker hadde blitt stj\u00e5let i Stj\u00f8rdal. Posten forteller at de imidlertid har f\u00e5 problemer med tyveri tross det store antallet av pakker.<\/p>\n<p>  <a href=\"https:\/\/www.ba.no\/5-8-3242114\" class=\"related-teaser has-image default-story-teaser article--c-eRUmMG article--c-eRUmMG-jKCPdD-design-default\" rel=\"nofollow noopener\" target=\"_blank\"><\/p>\n<p>    <img decoding=\"async\" loading=\"lazy\"  src=\"https:\/\/www.europesays.com\/no\/wp-content\/uploads\/2025\/12\/%C3%98vrebotten+montasje.jpg\" alt=\"\" class=\"brick-c-cFOWSL\" style=\"\"\/><\/p>\n<p>\n            Les ogs\u00e5<\/p>\n<p>              Postkassetyver p\u00e5 pakkejakt: \u2013 Slikt har vi ikke tid til\n        <\/p>\n<p>  <\/a><br \/>\n  \u2013 Sv\u00e6rt lite tyveri<\/p>\n<p>\u2013 Dette er pakker fra Helt hjem og har ikke noe med oss i Posten Bring \u00e5 gj\u00f8re, sier H\u00f8manberg.<\/p>\n<p>\u2013 Generelt sett s\u00e5 opplever vi sv\u00e6rt lite tyveri av pakker. Det er nok fordi postbudene leverer pakkene p\u00e5 dagtid, derfor har vi ikke sett det som n\u00f8dvendig \u00e5 innf\u00f8re noen nye tiltak enn det vi gj\u00f8r gjennom hele \u00e5ret, utdyper han.<\/p>\n<p>Han har likevel en klar oppfordring dersom man er redd for \u00e5 f\u00e5 pakkene sine stj\u00e5let:<\/p>\n<p>\u2013 Da anbefaler jeg \u00e5 f\u00e5 pakken levert til et av v\u00e5re 3700 betjente eller ubetjente hentesteder, slik som pakkeboks eller post i butikk.<\/p>\n<p>    Vil du se neste video?<\/p>\n<p>    <a href=\"https:\/\/www.ba.no\/dette-ma-du-vite-om-du-skal-snoke-pa-skatten\/v\/5-8-3243500\" class=\"recommend-poster\" data-adp-clicklabel=\"video-recommend\" data-adp-clickvalue=\"poster\" rel=\"nofollow noopener\" target=\"_blank\"><br \/>\n      <img decoding=\"async\" width=\"200\" height=\"200\" loading=\"lazy\" src=\"https:\/\/www.europesays.com\/no\/wp-content\/uploads\/2025\/12\/v-i-05755900-503d-484f-a1b4-5bf40089b2ff-0.jpg\" alt=\"\" class=\"brick-c-cFOWSL\" style=\"--brick-image-ratio: 200 \/ 200;\"\/><\/p>\n<p>Dette m\u00e5 du vite om du skal snoke p\u00e5 skatten0:27<\/p>\n<p>    <\/a><\/p>\n","protected":false},"excerpt":{"rendered":"Det opplyser de til Nettavisen. \u2013 Det har v\u00e6rt og er en veldig stor p\u00e5gang med pakker n\u00e5,&hellip;\n","protected":false},"author":2,"featured_media":107346,"comment_status":"","ping_status":"","sticky":false,"template":"","format":"standard","meta":{"footnotes":""},"categories":[10],"tags":[36,20,21,24,25,15,5593,22,23,13,30,28,29,14,16,2498,1510,26,27],"class_list":{"0":"post-107345","1":"post","2":"type-post","3":"status-publish","4":"format-standard","5":"has-post-thumbnail","7":"category-norge","8":"tag-art","9":"tag-breaking-news","10":"tag-breakingnews","11":"tag-featured-news","12":"tag-featurednews","13":"tag-headlines","14":"tag-jul","15":"tag-latest-news","16":"tag-latestnews","17":"tag-news","18":"tag-no","19":"tag-norge","20":"tag-norway","21":"tag-nyheter","22":"tag-overskrifter","23":"tag-posten","24":"tag-story","25":"tag-top-stories","26":"tag-topstories"},"share_on_mastodon":{"url":"https:\/\/pubeurope.com\/@no\/115683518549628543","error":""},"_links":{"self":[{"href":"https:\/\/www.europesays.com\/no\/wp-json\/wp\/v2\/posts\/107345","targetHints":{"allow":["GET"]}}],"collection":[{"href":"https:\/\/www.europesays.com\/no\/wp-json\/wp\/v2\/posts"}],"about":[{"href":"https:\/\/www.europesays.com\/no\/wp-json\/wp\/v2\/types\/post"}],"author":[{"embeddable":true,"href":"https:\/\/www.europesays.com\/no\/wp-json\/wp\/v2\/users\/2"}],"replies":[{"embeddable":true,"href":"https:\/\/www.europesays.com\/no\/wp-json\/wp\/v2\/comments?post=107345"}],"version-history":[{"count":0,"href":"https:\/\/www.europesays.com\/no\/wp-json\/wp\/v2\/posts\/107345\/revisions"}],"wp:featuredmedia":[{"embeddable":true,"href":"https:\/\/www.europesays.com\/no\/wp-json\/wp\/v2\/media\/107346"}],"wp:attachment":[{"href":"https:\/\/www.europesays.com\/no\/wp-json\/wp\/v2\/media?parent=107345"}],"wp:term":[{"taxonomy":"category","embeddable":true,"href":"https:\/\/www.europesays.com\/no\/wp-json\/wp\/v2\/categories?post=107345"},{"taxonomy":"post_tag","embeddable":true,"href":"https:\/\/www.europesays.com\/no\/wp-json\/wp\/v2\/tags?post=107345"}],"curies":[{"name":"wp","href":"https:\/\/api.w.org\/{rel}","templated":true}]}}