{"id":107347,"date":"2025-12-08T10:39:12","date_gmt":"2025-12-08T10:39:12","guid":{"rendered":"https:\/\/www.europesays.com\/no\/107347\/"},"modified":"2025-12-08T10:39:12","modified_gmt":"2025-12-08T10:39:12","slug":"krim-storo-skudd-inne-pa-storo-storsenter","status":"publish","type":"post","link":"https:\/\/www.europesays.com\/no\/107347\/","title":{"rendered":"Krim, Storo | Skudd inne p\u00e5 Storo Storsenter"},"content":{"rendered":"\n<p>N\u00f8detatene har rykket ut til Storo Storsenter etter at et skudd fra en hagle ble avfyrt inne p\u00e5 senteret.<\/p>\n<p>\u2013 Vi har kontroll p\u00e5 skytteren, melder operasjonsleder Eirik Sannes.<\/p>\n<p>Klokken 11.18 sier han at politiet har s\u00f8kt av stort sett hele senteret, og ikke funnet noen skadde.<\/p>\n<p>Gjerningspersonen er tatt h\u00e5nd om av politiet og helse p\u00e5 stedet.<\/p>\n<p>\u2013 Per n\u00e5 fremst\u00e5r dette som det kun var en gjerningsperson involvert.<\/p>\n<p>Den mistenkte er en 19 \u00e5r gammel mann.<\/p>\n<p>   <img decoding=\"async\" width=\"1200\" height=\"675\" fetchpriority=\"low\"  loading=\"lazy\"  src=\"https:\/\/www.europesays.com\/no\/wp-content\/uploads\/2025\/12\/52286c8b-6fb7-4842-ac6d-d9648caf0112_1.jpg\" alt=\"\" class=\"brick-c-cFOWSL\" style=\"--brick-image-ratio: 1200 \/ 675;\"\/><\/p>\n<p>      Politiet er p\u00e5 Storo med store styrker etter at det skal ha blitt avfyrt inne p\u00e5 senteret.<br \/>\n      Foto: Martin Jutkvam\n    <\/p>\n<p>  \u00abSkutt mot taket\u00bb<\/p>\n<p>\u2013 Vi fikk innledningsvis opplysninger om at mistenkte var skadet, men situasjonen hans er litt uavklart. Han er ikke alvorlig skadet, men vi unders\u00f8ker vedkommende, sier operasjonsleder Tor Gr\u00f8ttum<\/p>\n<p>\u2013 Vi jobber ut fra at det ikke er flere involverte. Vi jobber bredt og er massivt til stede, og avh\u00f8rer vitner. Det er for tidlig \u00e5 si noe om mistenkte, v\u00e5penet og motiv.<\/p>\n<p>\u2013 Er det skutt mot personer?<\/p>\n<p>\u2013 Det er for tidlig \u00e5 si hva som er skutt mot, men v\u00e5r forst\u00e5else er at det er skutt i taket.<\/p>\n<p>   <img decoding=\"async\" width=\"4032\" height=\"3024\" fetchpriority=\"low\"  loading=\"lazy\"  src=\"https:\/\/www.europesays.com\/no\/wp-content\/uploads\/2025\/12\/photo+-+2025-12-08T113713.629.jpg\" alt=\"\" class=\"brick-c-cFOWSL\" style=\"--brick-image-ratio: 4032 \/ 3024;\"\/><\/p>\n<p>   <img decoding=\"async\" width=\"4032\" height=\"3024\" fetchpriority=\"low\"  loading=\"lazy\"  src=\"https:\/\/www.europesays.com\/no\/wp-content\/uploads\/2025\/12\/photo+-+2025-12-08T113647.320.jpg\" alt=\"\" class=\"brick-c-cFOWSL\" style=\"--brick-image-ratio: 4032 \/ 3024;\"\/><\/p>\n<p>Hold avstand<\/p>\n<p><b>Politiet ba folk holde seg unna senteret, men klokken 11.27 melder de at omr\u00e5det er trygt og senteret kan \u00e5pne for normal handel. Kun et mindre omr\u00e5det inne p\u00e5 senteret er avsperret.<\/b><\/p>\n<p>   <img decoding=\"async\" width=\"1200\" height=\"675\" fetchpriority=\"low\"  loading=\"lazy\"  src=\"https:\/\/www.europesays.com\/no\/wp-content\/uploads\/2025\/12\/eda9df91-73d8-4d0a-b02e-9016f67060ae_1.jpg\" alt=\"\" class=\"brick-c-cFOWSL\" style=\"--brick-image-ratio: 1200 \/ 675;\"\/><\/p>\n<p>      Hele senteret er evakuert.<br \/>\n      Foto: Martin Jutkvam\n    <\/p>\n<p>Det er s\u00e5 langt ikke \u00f8kt beredskap ved Oslo universitetssykehus. Det opplyser pressevakt Ivar Greiner til Nordre Aker Budstikke.<\/p>\n<p>Han kan ikke uttale seg om pasienter, men opplyser at det skal mye til f\u00f8r de \u00f8ker beredskapen.\u2013 Da m\u00e5 det v\u00e6re mer enn fem alvorlig skadde.<\/p>\n<p>\u2013 Evakuert<\/p>\n<p>Senterleder Unni Merethe Aasgaard hos Storo Storsenter sier f\u00f8lgende til Avisa Oslo.<\/p>\n<p>\u2013 Det har v\u00e6rt en hendelse hos oss. Det er politiet som kan uttale seg. Det jeg kan si er at vi har evakuert alle bes\u00f8kende.<\/p>\n<p>Hun viser til politiet p\u00e5 sp\u00f8rsm\u00e5l om hvorvidt noen er skadet.<\/p>\n<p>Thon Gruppens sikkerhetssjef sier til Avisa Oslo at det er for tidlig for dem \u00e5 kommentere hendelsen<\/p>\n<p><b>LES OGS\u00c5:<\/b><\/p>\n<p>  <a href=\"https:\/\/www.ao.no\/5-128-1205500\" class=\"related-teaser has-image default-story-teaser article--c-eRUmMG article--c-eRUmMG-jKCPdD-design-default\" rel=\"nofollow noopener\" target=\"_blank\"><\/p>\n<p>    <img decoding=\"async\" loading=\"lazy\"  src=\"https:\/\/www.europesays.com\/no\/wp-content\/uploads\/2025\/12\/IMG_1236.jpeg\" alt=\"\" class=\"brick-c-cFOWSL\" style=\"\"\/><\/p>\n<p>\n            Les ogs\u00e5<\/p>\n<p>              Den spesielle butikken har \u00e5pnet midt p\u00e5 Gr\u00fcnerl\u00f8kka: \u2013 Alltid v\u00e6rt en dr\u00f8m\n        <\/p>\n<p>  <\/a><\/p>\n<p>  <a href=\"https:\/\/www.ao.no\/5-128-1208208\" class=\"related-teaser has-image default-story-teaser article--c-eRUmMG article--c-eRUmMG-jKCPdD-design-default\" rel=\"nofollow noopener\" target=\"_blank\"><\/p>\n<p>    <img decoding=\"async\" loading=\"lazy\"  src=\"https:\/\/www.europesays.com\/no\/wp-content\/uploads\/2025\/12\/1764871149_532_0A0A9188.jpg\" alt=\"\" class=\"brick-c-cFOWSL\" style=\"\"\/><\/p>\n<p>\n            Les ogs\u00e5<\/p>\n<p>              Jubler: \u2013 Kan sikre 100 kroner billigere m\u00e5nedskort\n        <\/p>\n<p>  <\/a><\/p>\n","protected":false},"excerpt":{"rendered":"N\u00f8detatene har rykket ut til Storo Storsenter etter at et skudd fra en hagle ble avfyrt inne p\u00e5&hellip;\n","protected":false},"author":2,"featured_media":107348,"comment_status":"","ping_status":"","sticky":false,"template":"","format":"standard","meta":{"footnotes":""},"categories":[5],"tags":[36,20,21,24,25,15,19,983,22,23,17,18,13,30,28,29,14,16,468,10024,1510,26,27],"class_list":{"0":"post-107347","1":"post","2":"type-post","3":"status-publish","4":"format-standard","5":"has-post-thumbnail","7":"category-overskrifter","8":"tag-art","9":"tag-breaking-news","10":"tag-breakingnews","11":"tag-featured-news","12":"tag-featurednews","13":"tag-headlines","14":"tag-hovedoppslag","15":"tag-krim","16":"tag-latest-news","17":"tag-latestnews","18":"tag-main-news","19":"tag-mainnews","20":"tag-news","21":"tag-no","22":"tag-norge","23":"tag-norway","24":"tag-nyheter","25":"tag-overskrifter","26":"tag-politiet","27":"tag-storo","28":"tag-story","29":"tag-top-stories","30":"tag-topstories"},"share_on_mastodon":{"url":"https:\/\/pubeurope.com\/@no\/115683522326159091","error":""},"_links":{"self":[{"href":"https:\/\/www.europesays.com\/no\/wp-json\/wp\/v2\/posts\/107347","targetHints":{"allow":["GET"]}}],"collection":[{"href":"https:\/\/www.europesays.com\/no\/wp-json\/wp\/v2\/posts"}],"about":[{"href":"https:\/\/www.europesays.com\/no\/wp-json\/wp\/v2\/types\/post"}],"author":[{"embeddable":true,"href":"https:\/\/www.europesays.com\/no\/wp-json\/wp\/v2\/users\/2"}],"replies":[{"embeddable":true,"href":"https:\/\/www.europesays.com\/no\/wp-json\/wp\/v2\/comments?post=107347"}],"version-history":[{"count":0,"href":"https:\/\/www.europesays.com\/no\/wp-json\/wp\/v2\/posts\/107347\/revisions"}],"wp:featuredmedia":[{"embeddable":true,"href":"https:\/\/www.europesays.com\/no\/wp-json\/wp\/v2\/media\/107348"}],"wp:attachment":[{"href":"https:\/\/www.europesays.com\/no\/wp-json\/wp\/v2\/media?parent=107347"}],"wp:term":[{"taxonomy":"category","embeddable":true,"href":"https:\/\/www.europesays.com\/no\/wp-json\/wp\/v2\/categories?post=107347"},{"taxonomy":"post_tag","embeddable":true,"href":"https:\/\/www.europesays.com\/no\/wp-json\/wp\/v2\/tags?post=107347"}],"curies":[{"name":"wp","href":"https:\/\/api.w.org\/{rel}","templated":true}]}}