{"id":107349,"date":"2025-12-08T10:40:27","date_gmt":"2025-12-08T10:40:27","guid":{"rendered":"https:\/\/www.europesays.com\/no\/107349\/"},"modified":"2025-12-08T10:40:27","modified_gmt":"2025-12-08T10:40:27","slug":"botn-skuffet-over-3-plass-etter-fransk-veteranseier-kalte-nedturen-surrealistisk","status":"publish","type":"post","link":"https:\/\/www.europesays.com\/no\/107349\/","title":{"rendered":"Botn skuffet over 3.-plass etter fransk veteranseier \u2013 kalte nedturen \u00absurrealistisk\u00bb"},"content":{"rendered":"<p>Botn \u00e5pnet verdenscupsesongen med \u00e5 vinne normaldistansen over 20 kilometer f\u00f8r han fortsatte med \u00e5 vinne sprinten. Det gjorde at han gikk f\u00f8rst ut i jaktstarten if\u00f8rt den gule ledertr\u00f8ya.<\/p>\n<p>Der ble det to bom totalt, og det samme hadde vinneren Quentin Fillon Maillet fra Frankrike, som vant med 6,7 sekunder ned til Sebastian Samuelsson. Svensken hadde ogs\u00e5 to bom, men gikk fortere enn Botn i sporet p\u00e5 sisterunden.<\/p>\n<p>Botn traff alle blinkene b\u00e5de p\u00e5 20-kilometeren og i sprinten, men bommet f\u00f8rst \u00e9n gang p\u00e5 tredje skyting. Til tross for bommen s\u00e5 ledet han fortsatt inn til siste skyting, men med en ny bom der ble det for t\u00f8ft med \u00e5 ta en ny seier.<\/p>\n<p>\u2013 Jeg er egentlig ikke forn\u00f8yd. Det er egentlig litt surrealistisk det hele. Det ble litt halvveis og ikke godt nok. Men det har v\u00e6rt mye i bra i de siste dagene, og dette er kanskje en type litt barnslig skuffelse, sa Botn til NRK.<\/p>\n<p>Botn var klar p\u00e5 at dette hadde v\u00e6rt noen fantastiske dager i \u00d6stersund.<\/p>\n<p>\u2013 S\u00e5 jeg skal ikke st\u00e5 her og v\u00e6re altfor skuffet, sa 26-\u00e5ringen fra St\u00e5rheim.<\/p>\n<p>Denne dagen ble det ikke like stor norsk dominans som normalt. Vetle Sj\u00e5stad Christiansen, Sturla Holm L\u00e6greid, Sivert Guttorm Bakken, Isak Leknes Frey og Martin Uldal kom fra plassene fra sju til 11.<\/p>\n<p>Uldal fra Birkeland m\u00e5tte t\u00e5le tre bom p\u00e5 siste skyting og kom dermed i m\u00e5l ett minutt og tre sekund bak Fillon Maillet.<\/p>\n","protected":false},"excerpt":{"rendered":"Botn \u00e5pnet verdenscupsesongen med \u00e5 vinne normaldistansen over 20 kilometer f\u00f8r han fortsatte med \u00e5 vinne sprinten. Det&hellip;\n","protected":false},"author":2,"featured_media":107350,"comment_status":"","ping_status":"","sticky":false,"template":"","format":"standard","meta":{"footnotes":""},"categories":[59],"tags":[967,30,28,29,83,82],"class_list":{"0":"post-107349","1":"post","2":"type-post","3":"status-publish","4":"format-standard","5":"has-post-thumbnail","7":"category-sport","8":"tag-artikler-fra-ntb","9":"tag-no","10":"tag-norge","11":"tag-norway","12":"tag-sport","13":"tag-sports"},"share_on_mastodon":{"url":"https:\/\/pubeurope.com\/@no\/115683526232489727","error":""},"_links":{"self":[{"href":"https:\/\/www.europesays.com\/no\/wp-json\/wp\/v2\/posts\/107349","targetHints":{"allow":["GET"]}}],"collection":[{"href":"https:\/\/www.europesays.com\/no\/wp-json\/wp\/v2\/posts"}],"about":[{"href":"https:\/\/www.europesays.com\/no\/wp-json\/wp\/v2\/types\/post"}],"author":[{"embeddable":true,"href":"https:\/\/www.europesays.com\/no\/wp-json\/wp\/v2\/users\/2"}],"replies":[{"embeddable":true,"href":"https:\/\/www.europesays.com\/no\/wp-json\/wp\/v2\/comments?post=107349"}],"version-history":[{"count":0,"href":"https:\/\/www.europesays.com\/no\/wp-json\/wp\/v2\/posts\/107349\/revisions"}],"wp:featuredmedia":[{"embeddable":true,"href":"https:\/\/www.europesays.com\/no\/wp-json\/wp\/v2\/media\/107350"}],"wp:attachment":[{"href":"https:\/\/www.europesays.com\/no\/wp-json\/wp\/v2\/media?parent=107349"}],"wp:term":[{"taxonomy":"category","embeddable":true,"href":"https:\/\/www.europesays.com\/no\/wp-json\/wp\/v2\/categories?post=107349"},{"taxonomy":"post_tag","embeddable":true,"href":"https:\/\/www.europesays.com\/no\/wp-json\/wp\/v2\/tags?post=107349"}],"curies":[{"name":"wp","href":"https:\/\/api.w.org\/{rel}","templated":true}]}}