{"id":107351,"date":"2025-12-08T10:41:10","date_gmt":"2025-12-08T10:41:10","guid":{"rendered":"https:\/\/www.europesays.com\/no\/107351\/"},"modified":"2025-12-08T10:41:10","modified_gmt":"2025-12-08T10:41:10","slug":"skal-vi-danse-leah-isadora-behn","status":"publish","type":"post","link":"https:\/\/www.europesays.com\/no\/107351\/","title":{"rendered":"Skal vi danse, Leah isadora behn"},"content":{"rendered":"\n<p>L\u00f8rdag kveld imponerte Tale Torjussen (20) og dansepartner Antonio Careri p\u00e5 \u00abSkal vi danse\u00bb-parketten med sin \u00abBurlesque\u00bb-inspirerte dans.<\/p>\n<p><b>Les ogs\u00e5: <a href=\"https:\/\/www.nettavisen.no\/kjendis\/ute-av-skal-vi-danse\/s\/5-95-2766544\" rel=\"Follow nofollow noopener\" target=\"_blank\">Ekspert etter sjokk-exiten i \u00abSkal vi danse\u00bb: \u2013 Jeg kan ikke tro det<\/a><\/b><\/p>\n<p>Til dansenummeret fikk Torjussen med seg tre av sine n\u00e6rmeste venninner, blant andre Leah Behn (20).<\/p>\n<p>Torjussen fikk full pott av dommerne l\u00f8rdag kveld, og tilbakemeldingene var tydelige p\u00e5 at 20-\u00e5ringen \u00abeide dansen\u00bb.<\/p>\n<p>Opptreden har f\u00e5tt mye oppmerksomhet, og noen har til og med beskrevet det som \u00abhistorisk\u00bb.<\/p>\n<p>Skryt fra programlederen<\/p>\n<p>Det tok ikke lang tid f\u00f8r reaksjonene etter dansen meldte seg.<\/p>\n<p>Programleder Helene Olafsen (35) delte en bildeserie fra l\u00f8rdagens \u00abSkal vi danse\u00bb-sending der jentenes dans fikk oppmerksomhet \u2013 og skryt av Olafsen selv.<\/p>\n<p><b>Les ogs\u00e5: <a href=\"https:\/\/www.nettavisen.no\/kjendis\/tiril-eckhoff-botelagt-for-flere-tusen-na-har-hun-tatt-grep\/s\/5-95-2760905\" rel=\"Follow nofollow noopener\" target=\"_blank\">B\u00f8telagt for flere tusen: N\u00e5 har hun tatt grep<\/a><\/b><\/p>\n<p>Som svar p\u00e5 Behns kommentar om at det var en utrolig kveld, <a href=\"https:\/\/www.instagram.com\/p\/DR9jbV5CDTB\/?hl=nb&amp;img_index=1\" rel=\"Follow nofollow noopener\" target=\"_blank\">skrev Olafsen<\/a>:<\/p>\n<p>\u2013 Rett inn i historieb\u00f8kene! Kommer ikke over nummeret deres.<\/p>\n<p>Prinsesse M\u00e4rtha Louise (54) tok ogs\u00e5 til Instagram for \u00e5 rose datteren og venninnene:<\/p>\n<p>\u2013 S\u00e5 stolt av dere alle, skrev hun.<\/p>\n<p>   <img decoding=\"async\" width=\"405\" height=\"720\" fetchpriority=\"low\"  loading=\"lazy\"  src=\"https:\/\/www.europesays.com\/no\/wp-content\/uploads\/2025\/12\/img_6781_720.jpg\" alt=\"\" class=\"brick-c-cFOWSL\" style=\"--brick-image-ratio: 405 \/ 720;\"\/><\/p>\n<p>      STOLT MOR: Prinsesse M\u00e4rtha Louise var r\u00f8rt over leveransen.<br \/>\n      Foto: Skjermdump\n    <\/p>\n<p>Leah Behns s\u00f8ster, Maud Angelica Behn (22) var til stede i salen l\u00f8rdag kveld og fulgte spent med fra sidelinjen:<\/p>\n<p>\u2013 Jeg er utrolig stolt og begynte \u00e5 gr\u00e5te, sa hun til Nettavisen.<\/p>\n<p>   <img decoding=\"async\" width=\"4032\" height=\"3024\" fetchpriority=\"low\"  loading=\"lazy\"  src=\"https:\/\/www.europesays.com\/no\/wp-content\/uploads\/2025\/12\/img_5244.jpg\" alt=\"\" class=\"brick-c-cFOWSL\" style=\"--brick-image-ratio: 4032 \/ 3024;\"\/><\/p>\n<p>      R\u00d8RT: Maud Angelica Behn var sv\u00e6rt stolt over s\u00f8steren og vennene.<br \/>\n      Foto: Marte Skogstad (Nettaivsen)\n    <\/p>\n<p>I kommentarfeltet til <a href=\"https:\/\/www.facebook.com\/reel\/860737796461976\" rel=\"Follow nofollow noopener\" target=\"_blank\">TV 2<\/a> har diskusjonen om dansen g\u00e5tt sin gang, og det var ikke alle som var forn\u00f8yde:<\/p>\n<p>\u2013 Var ikke s\u00e5 bra. Fikk vel mye cred for kongelig opptreden. Dommere, skjerp dere, skriver en bruker.<\/p>\n<p>Flere g\u00e5r til jentenes forsvar og mener at \u00abkongelig opptreden\u00bb ikke har noe med niv\u00e5et som ble vist l\u00f8rdag:<\/p>\n<p>\u2013 Personlig har jeg drevet med show og dans i mange \u00e5r. Jeg er helt enig i 10erne hun fikk. S\u00e5 har ingenting med kongelig opptreden \u00e5 gj\u00f8re, skriver en annen.<\/p>\n<p>\u2013 Eufori<\/p>\n<p>Det er ingen tvil om at Torjussen og de tre venninnene var sv\u00e6rt stolte over det de leverte, og bakgrunnsdanserne virket n\u00e6rmest i eufori etter dansen.<\/p>\n<p>Leah Behn fortalte til Nettavisens reporter l\u00f8rdag kveld at det var en \u00e6re \u00e5 danse for venninnen og Careri:<\/p>\n<p>\u2013 Jeg er s\u00e5 glad, og for at dere stolte p\u00e5 oss. Men Tale og Antonio leverte, sa en entusiastisk Behn.<\/p>\n<p>    Vil du se neste video?<\/p>\n<p>    <a href=\"https:\/\/www.nettavisen.no\/nyheter\/ukrainske-spesialstyrker-skal-ha-tatt-ut-russiske-mal-pa-krim-halvoya\/v\/5-95-2764466\" class=\"recommend-poster\" data-adp-clicklabel=\"video-recommend\" data-adp-clickvalue=\"poster\" rel=\"nofollow noopener\" target=\"_blank\"><br \/>\n      <img decoding=\"async\" width=\"200\" height=\"200\" loading=\"lazy\" src=\"https:\/\/www.europesays.com\/no\/wp-content\/uploads\/2025\/12\/KAMPFLY+BREDDE.jpg\" alt=\"\" class=\"brick-c-cFOWSL\" style=\"--brick-image-ratio: 200 \/ 200;\"\/><\/p>\n<p>Tar ut russisk kampfly p\u00e5 Krim0:24<\/p>\n<p>    <\/a><\/p>\n<p>        Leah Behn etter \u00abSkal vi danse\u00bb debuten.<\/p>\n<p>If\u00f8lge Behn og venninnen Julia Fiala var det stort nok \u00e5 gj\u00f8re debut i \u00abSkal vi danse\u00bb, men da Torjussen fikk fire 10-ere av dommerne ble det mildt sagt ekstase i jentegjengen:<\/p>\n<p>\u2013 Det var eufori! Vi tenkte at vi m\u00e5 levere, og hva enn som skjer etter det har ikke noe \u00e5 si for oss, sa Behn, mens Fiala supplerte:<\/p>\n<p>\u2013 Det kom veldig uventet fordi vi var s\u00e5 fokuserte p\u00e5 selve nummeret.<\/p>\n<p>   <img decoding=\"async\" width=\"4500\" height=\"3002\" fetchpriority=\"low\"  loading=\"lazy\"  src=\"https:\/\/www.europesays.com\/no\/wp-content\/uploads\/2025\/12\/NTB__R03Bhk3GoA.jpg\" alt=\"Tale Torjussen og Antonio Careri opptrer under generalpr\u00f8ven til program 10 av Skal vi danse 2025.&#10;Foto: Jesper Malthus-Andersen  \/ TV 2\" class=\"brick-c-cFOWSL\" style=\"--brick-image-ratio: 4500 \/ 3002;\"\/><\/p>\n<p>      FULL POTT: Venninnene til Tale Torjussen var i ekstase etter at de bidro til den h\u00f8ye poengsummen fra dommerne.<br \/>\n      Foto: Jesper Malthus-Andersen (TV 2)\n    <\/p>\n<p>Torjussen selv var ogs\u00e5 sv\u00e6rt r\u00f8rt over gjennomf\u00f8ringen og dedikasjonen til vennene:<\/p>\n<p>\u2013 Vi er s\u00e5 takknemlige, stolte og r\u00f8rte. Det betyr s\u00e5 mye, sa Torjussen.<\/p>\n<p><script async src=\"\/\/www.instagram.com\/embed.js\"><\/script><\/p>\n","protected":false},"excerpt":{"rendered":"L\u00f8rdag kveld imponerte Tale Torjussen (20) og dansepartner Antonio Careri p\u00e5 \u00abSkal vi danse\u00bb-parketten med sin \u00abBurlesque\u00bb-inspirerte dans.&hellip;\n","protected":false},"author":2,"featured_media":107352,"comment_status":"","ping_status":"","sticky":false,"template":"","format":"standard","meta":{"footnotes":""},"categories":[58],"tags":[71,30,28,29,72],"class_list":{"0":"post-107351","1":"post","2":"type-post","3":"status-publish","4":"format-standard","5":"has-post-thumbnail","7":"category-underholdning","8":"tag-entertainment","9":"tag-no","10":"tag-norge","11":"tag-norway","12":"tag-underholdning"},"share_on_mastodon":{"url":"https:\/\/pubeurope.com\/@no\/115683530305881842","error":""},"_links":{"self":[{"href":"https:\/\/www.europesays.com\/no\/wp-json\/wp\/v2\/posts\/107351","targetHints":{"allow":["GET"]}}],"collection":[{"href":"https:\/\/www.europesays.com\/no\/wp-json\/wp\/v2\/posts"}],"about":[{"href":"https:\/\/www.europesays.com\/no\/wp-json\/wp\/v2\/types\/post"}],"author":[{"embeddable":true,"href":"https:\/\/www.europesays.com\/no\/wp-json\/wp\/v2\/users\/2"}],"replies":[{"embeddable":true,"href":"https:\/\/www.europesays.com\/no\/wp-json\/wp\/v2\/comments?post=107351"}],"version-history":[{"count":0,"href":"https:\/\/www.europesays.com\/no\/wp-json\/wp\/v2\/posts\/107351\/revisions"}],"wp:featuredmedia":[{"embeddable":true,"href":"https:\/\/www.europesays.com\/no\/wp-json\/wp\/v2\/media\/107352"}],"wp:attachment":[{"href":"https:\/\/www.europesays.com\/no\/wp-json\/wp\/v2\/media?parent=107351"}],"wp:term":[{"taxonomy":"category","embeddable":true,"href":"https:\/\/www.europesays.com\/no\/wp-json\/wp\/v2\/categories?post=107351"},{"taxonomy":"post_tag","embeddable":true,"href":"https:\/\/www.europesays.com\/no\/wp-json\/wp\/v2\/tags?post=107351"}],"curies":[{"name":"wp","href":"https:\/\/api.w.org\/{rel}","templated":true}]}}