{"id":107353,"date":"2025-12-08T10:45:10","date_gmt":"2025-12-08T10:45:10","guid":{"rendered":"https:\/\/www.europesays.com\/no\/107353\/"},"modified":"2025-12-08T10:45:10","modified_gmt":"2025-12-08T10:45:10","slug":"eu-asyl-eu-landene-sier-ja-til-lovgiving-som-apner-for-asylbehandling-i-tredjeland","status":"publish","type":"post","link":"https:\/\/www.europesays.com\/no\/107353\/","title":{"rendered":"EU, Asyl | EU-landene sier ja til lovgiving som \u00e5pner for asylbehandling i tredjeland"},"content":{"rendered":"\n<p>Danmarks utlendings- og integrasjonsminister Rasmus Stoklund (S) bekrefter nyheten.<\/p>\n<p>\u2013 Det har v\u00e6rt en hovedprioritet for v\u00e5rt EU-formannskap. I Danmark har vi i mange \u00e5r hatt et \u00f8nske om \u00e5 skape et grunnleggende nytt asylsystem i Europa, sier han.<\/p>\n<p>N\u00e5 skal avtalen forhandles p\u00e5 plass i EU-parlamentet, f\u00f8r den til slutt kan bli en permanent lov.<\/p>\n<p>Deretter skal EU-landene, if\u00f8lge Ritzau muligens i noen mindre grupper, i gang med \u00e5 finne land utenfor EU som er villige til \u00e5 huse mottakssentre.<\/p>\n<p>Dit skal asyls\u00f8kere kunne bli overf\u00f8rt til mens de f\u00e5r behandlet sin s\u00f8knad om asyl i EU.<\/p>\n<p><b>Les ogs\u00e5: <a href=\"https:\/\/www.nettavisen.no\/nyheter\/sylvi-listhaug-roser-sverige-ber-norge-ta-tak\/s\/5-95-2768044\" rel=\"Follow nofollow noopener\" target=\"_blank\">Sylvi roser Sverige: Ber Norge ta tak<\/a><\/b><\/p>\n<p>Liste over \u00absikre opprinnelsesland\u00bb<\/p>\n<p>Ritzau skriver ogs\u00e5 at EU-landene p\u00e5 mandagens ministerm\u00f8te er blitt enige om en felles liste over sikre opprinnelsesland.<\/p>\n<p>Denne skal sikre hurtig behandling og utsendelse av asyls\u00f8kere fra land som er p\u00e5 lista og ikke har behov for beskyttelse i EU.<\/p>\n<p>De foresl\u00e5tte sikre opprinnelseslandene best\u00e5r av EU-kandidatlandene samt Kosovo, Bangladesh, Colombia, Egypt, India, Marokko og Tunisia.<\/p>\n<p>I alt er det ni kandidatland som st\u00e5r i k\u00f8 for \u00e5 komme inn i EU: Albania, Bosnia-Hercegovina, Kosovo, Montenegro, Nord-Makedonia, Serbia, Georgia, Moldova og Ukraina.<\/p>\n<p>F\u00e5tt kritikk<\/p>\n<p>Danmark har i flere \u00e5r jobbet i EU for b\u00e5de mottakssentre og retursentre utenfor EU. I mottakssentrene f\u00e5r asyls\u00f8kere s\u00f8knaden behandlet f\u00f8r de kommer inn i EU, mens det i retursentre vil samles folk som har f\u00e5tt avslag p\u00e5 s\u00f8knaden og venter p\u00e5 \u00e5 bli sendt tilbake til sitt hjemland.<\/p>\n<p>Den danske regjeringen mener tiltaket vil bidra til \u00e5 minske innvandringen til Europa og samtidig s\u00f8rge for at de som f\u00e5r adgang, har reelle krav p\u00e5 beskyttelse.<\/p>\n<p>En slik l\u00f8sning er imidlertid m\u00f8tt med sterk kritikk fra <a rel=\"noopener nofollow\" href=\"https:\/\/www.amnesty.org\/en\/latest\/news\/2025\/03\/eu-return-proposals-a-new-low-for-europes-treatment-of-migrants\/\" target=\"_blank\">menneskerettsorganisasjoner<\/a> , <a rel=\"noopener nofollow\" href=\"https:\/\/www.unhcr.org\/news\/press-releases\/uk-rwanda-asylum-law-un-leaders-warn-harmful-consequences\" target=\"_blank\">FN<\/a> og EU-politikere p\u00e5 venstresiden. De mener at slike sentre kan f\u00f8re til menneskerettsbrudd og inneb\u00e6re brudd p\u00e5 folkeretten.<\/p>\n<p>    Vil du se neste video?<\/p>\n<p>    <a href=\"https:\/\/www.nettavisen.no\/nyheter\/ukrainske-spesialstyrker-skal-ha-tatt-ut-russiske-mal-pa-krim-halvoya\/v\/5-95-2764466\" class=\"recommend-poster\" data-adp-clicklabel=\"video-recommend\" data-adp-clickvalue=\"poster\" rel=\"nofollow noopener\" target=\"_blank\"><br \/>\n      <img decoding=\"async\" width=\"200\" height=\"200\" loading=\"lazy\" src=\"https:\/\/www.europesays.com\/no\/wp-content\/uploads\/2025\/12\/KAMPFLY+BREDDE.jpg\" alt=\"\" class=\"brick-c-cFOWSL\" style=\"--brick-image-ratio: 200 \/ 200;\"\/><\/p>\n<p>Tar ut russisk kampfly p\u00e5 Krim0:24<\/p>\n<p>    <\/a><\/p>\n","protected":false},"excerpt":{"rendered":"Danmarks utlendings- og integrasjonsminister Rasmus Stoklund (S) bekrefter nyheten. \u2013 Det har v\u00e6rt en hovedprioritet for v\u00e5rt EU-formannskap.&hellip;\n","protected":false},"author":2,"featured_media":107354,"comment_status":"","ping_status":"","sticky":false,"template":"","format":"standard","meta":{"footnotes":""},"categories":[12],"tags":[20,21,24,25,15,22,23,13,30,28,29,14,16,26,27,42,43,44,45],"class_list":{"0":"post-107353","1":"post","2":"type-post","3":"status-publish","4":"format-standard","5":"has-post-thumbnail","7":"category-verden","8":"tag-breaking-news","9":"tag-breakingnews","10":"tag-featured-news","11":"tag-featurednews","12":"tag-headlines","13":"tag-latest-news","14":"tag-latestnews","15":"tag-news","16":"tag-no","17":"tag-norge","18":"tag-norway","19":"tag-nyheter","20":"tag-overskrifter","21":"tag-top-stories","22":"tag-topstories","23":"tag-verden","24":"tag-world","25":"tag-world-news","26":"tag-worldnews"},"share_on_mastodon":{"url":"https:\/\/pubeurope.com\/@no\/115683546074988336","error":""},"_links":{"self":[{"href":"https:\/\/www.europesays.com\/no\/wp-json\/wp\/v2\/posts\/107353","targetHints":{"allow":["GET"]}}],"collection":[{"href":"https:\/\/www.europesays.com\/no\/wp-json\/wp\/v2\/posts"}],"about":[{"href":"https:\/\/www.europesays.com\/no\/wp-json\/wp\/v2\/types\/post"}],"author":[{"embeddable":true,"href":"https:\/\/www.europesays.com\/no\/wp-json\/wp\/v2\/users\/2"}],"replies":[{"embeddable":true,"href":"https:\/\/www.europesays.com\/no\/wp-json\/wp\/v2\/comments?post=107353"}],"version-history":[{"count":0,"href":"https:\/\/www.europesays.com\/no\/wp-json\/wp\/v2\/posts\/107353\/revisions"}],"wp:featuredmedia":[{"embeddable":true,"href":"https:\/\/www.europesays.com\/no\/wp-json\/wp\/v2\/media\/107354"}],"wp:attachment":[{"href":"https:\/\/www.europesays.com\/no\/wp-json\/wp\/v2\/media?parent=107353"}],"wp:term":[{"taxonomy":"category","embeddable":true,"href":"https:\/\/www.europesays.com\/no\/wp-json\/wp\/v2\/categories?post=107353"},{"taxonomy":"post_tag","embeddable":true,"href":"https:\/\/www.europesays.com\/no\/wp-json\/wp\/v2\/tags?post=107353"}],"curies":[{"name":"wp","href":"https:\/\/api.w.org\/{rel}","templated":true}]}}