{"id":107357,"date":"2025-12-08T10:47:34","date_gmt":"2025-12-08T10:47:34","guid":{"rendered":"https:\/\/www.europesays.com\/no\/107357\/"},"modified":"2025-12-08T10:47:34","modified_gmt":"2025-12-08T10:47:34","slug":"stjordal-to-pagrepet-etter-pakketyveri","status":"publish","type":"post","link":"https:\/\/www.europesays.com\/no\/107357\/","title":{"rendered":"Stj\u00f8rdal | To p\u00e5grepet etter pakketyveri"},"content":{"rendered":"\n<p>Mandag morgen ble over 150 pakker stj\u00e5let fr et pakkedistribusjonsfirma i Stj\u00f8rdal. Tyvene skal ha klatret over en h\u00f8y vegg for \u00e5 f\u00e5 tak i pakkene. <\/p>\n<p>\u2013 Patruljer har v\u00e6rt p\u00e5 stedet, og blant annet s\u00f8kt etter tyven med hund, uten funn. \u00c5stedsunders\u00f8kelse er foretatt, og sak opprettes, sa operasjonsleder Trond Hangaas, if\u00f8lge <a rel=\"Follow nofollow noopener\" href=\"https:\/\/www.nrk.no\/\" target=\"_blank\">NRK.<\/a><\/p>\n<p>N\u00e5, fire timer etter f\u00f8rste melding om hendelsen, er to menn p\u00e5grepet. <\/p>\n<p>\u2013 To menn i 20-\u00e5rene er p\u00e5grepet og blir fraktet til politihuset. Det er funnet store mengder formentlig tyvegods som det vil ta tid \u00e5 g\u00e5 igjennom, skriver operasjonsleder Trond Volden i politiloggen mandag morgen.<\/p>\n<p>Les ogs\u00e5: <a href=\"https:\/\/www.nettavisen.no\/nyheter\/politiet-advarer-pakketyver-gar-rundt-og-sjekker-postkasser\/s\/5-95-2766328\" rel=\"Follow nofollow noopener\" target=\"_blank\">Politiet advarer: Pakketyver sjekker postkasser<\/a><\/p>\n","protected":false},"excerpt":{"rendered":"Mandag morgen ble over 150 pakker stj\u00e5let fr et pakkedistribusjonsfirma i Stj\u00f8rdal. Tyvene skal ha klatret over en&hellip;\n","protected":false},"author":2,"featured_media":3844,"comment_status":"","ping_status":"","sticky":false,"template":"","format":"standard","meta":{"footnotes":""},"categories":[5],"tags":[20,21,24,25,15,19,22,23,17,18,13,30,28,29,14,16,26,27],"class_list":{"0":"post-107357","1":"post","2":"type-post","3":"status-publish","4":"format-standard","5":"has-post-thumbnail","7":"category-overskrifter","8":"tag-breaking-news","9":"tag-breakingnews","10":"tag-featured-news","11":"tag-featurednews","12":"tag-headlines","13":"tag-hovedoppslag","14":"tag-latest-news","15":"tag-latestnews","16":"tag-main-news","17":"tag-mainnews","18":"tag-news","19":"tag-no","20":"tag-norge","21":"tag-norway","22":"tag-nyheter","23":"tag-overskrifter","24":"tag-top-stories","25":"tag-topstories"},"share_on_mastodon":{"url":"https:\/\/pubeurope.com\/@no\/115683553627968990","error":""},"_links":{"self":[{"href":"https:\/\/www.europesays.com\/no\/wp-json\/wp\/v2\/posts\/107357","targetHints":{"allow":["GET"]}}],"collection":[{"href":"https:\/\/www.europesays.com\/no\/wp-json\/wp\/v2\/posts"}],"about":[{"href":"https:\/\/www.europesays.com\/no\/wp-json\/wp\/v2\/types\/post"}],"author":[{"embeddable":true,"href":"https:\/\/www.europesays.com\/no\/wp-json\/wp\/v2\/users\/2"}],"replies":[{"embeddable":true,"href":"https:\/\/www.europesays.com\/no\/wp-json\/wp\/v2\/comments?post=107357"}],"version-history":[{"count":0,"href":"https:\/\/www.europesays.com\/no\/wp-json\/wp\/v2\/posts\/107357\/revisions"}],"wp:featuredmedia":[{"embeddable":true,"href":"https:\/\/www.europesays.com\/no\/wp-json\/wp\/v2\/media\/3844"}],"wp:attachment":[{"href":"https:\/\/www.europesays.com\/no\/wp-json\/wp\/v2\/media?parent=107357"}],"wp:term":[{"taxonomy":"category","embeddable":true,"href":"https:\/\/www.europesays.com\/no\/wp-json\/wp\/v2\/categories?post=107357"},{"taxonomy":"post_tag","embeddable":true,"href":"https:\/\/www.europesays.com\/no\/wp-json\/wp\/v2\/tags?post=107357"}],"curies":[{"name":"wp","href":"https:\/\/api.w.org\/{rel}","templated":true}]}}