{"id":107368,"date":"2025-12-08T11:03:08","date_gmt":"2025-12-08T11:03:08","guid":{"rendered":"https:\/\/www.europesays.com\/no\/107368\/"},"modified":"2025-12-08T11:03:08","modified_gmt":"2025-12-08T11:03:08","slug":"molde-hoyre-er-for-eiendomsskatt","status":"publish","type":"post","link":"https:\/\/www.europesays.com\/no\/107368\/","title":{"rendered":"Molde H\u00f8yre er for eiendomsskatt"},"content":{"rendered":"<p data-testid=\"textWithMarkup-text\" data-v-ca17de6b=\"\" data-v-62d58f52=\"\">I etterkant av budsjettbehandlinga i kommunestyret har Molde H\u00f8yre satt seg p\u00e5 sin h\u00f8ye hest og n\u00e6rmest harselerer med opposisjonens budsjettforslag. N\u00e5 gjorde Randi Gunner\u00f8d fra Senterpartiet godt rede for opposisjonens ambisjoner og tanker for \u00e5 gj\u00f8re et stramt budsjett noe bedre for de som trenger det mest. <\/p>\n<p data-testid=\"textWithMarkup-text\" data-v-ca17de6b=\"\" data-v-62d58f52=\"\">Det er riktig at vi valgte \u00e5 \u00f8ke eiendomsskatten med 0,3 promille. Dette er ingen lett avveining, men vi vurderte her at viktigheten av \u00e5 gi s\u00e5rbare grupper og frivilligheten noen ekstra midler var viktigere enn at innbyggere blir belastet med noen hundrelapper ekstra i \u00e5ret.<\/p>\n<p data-testid=\"textWithMarkup-text\" data-v-ca17de6b=\"\" data-v-62d58f52=\"\">Dette er jo akkurat den samme tenkingen som ligger bak Molde H\u00f8yre sin politikk gjennom flere ti\u00e5r i moldepolitikken. Molde H\u00f8yre har gjennom sine godt over 20 \u00e5r ved roret hatt gode muligheter til \u00e5 avvikle eiendomsskatten i Molde. Men de har gjort det stikk motsatte, i dag er eiendomsskatten p\u00e5 3,6 promille, alts\u00e5 0,4 promille unna det som er lov \u00e5 belaste innbyggerne i utskriving av eiendomsskatt. Da blir det urimelig av Molde H\u00f8yre \u00e5 g\u00e5 s\u00e5 h\u00f8yt p\u00e5 banen i kritikken av opposisjonen i denne saken.<\/p>\n<p data-testid=\"textWithMarkup-text\" data-v-ca17de6b=\"\" data-v-62d58f52=\"\">Vi er alle i samme b\u00e5t, i en kommune med store \u00f8konomiske utfordringer bruker b\u00e5de posisjonen og opposisjonen eiendomsskatten aktivt for \u00e5 oppfylle sine politiske ambisjoner. Denne gangen vurderte vi at det var n\u00f8dvendig \u00e5 \u00f8ke med noen sm\u00e5 promille for \u00e5 gi noe ekstra til s\u00e5rt tiltrengte grupper.<\/p>\n","protected":false},"excerpt":{"rendered":"I etterkant av budsjettbehandlinga i kommunestyret har Molde H\u00f8yre satt seg p\u00e5 sin h\u00f8ye hest og n\u00e6rmest harselerer&hellip;\n","protected":false},"author":2,"featured_media":107369,"comment_status":"","ping_status":"","sticky":false,"template":"","format":"standard","meta":{"footnotes":""},"categories":[10],"tags":[20,21,24,25,15,22,23,13,30,28,29,14,16,26,27],"class_list":{"0":"post-107368","1":"post","2":"type-post","3":"status-publish","4":"format-standard","5":"has-post-thumbnail","7":"category-norge","8":"tag-breaking-news","9":"tag-breakingnews","10":"tag-featured-news","11":"tag-featurednews","12":"tag-headlines","13":"tag-latest-news","14":"tag-latestnews","15":"tag-news","16":"tag-no","17":"tag-norge","18":"tag-norway","19":"tag-nyheter","20":"tag-overskrifter","21":"tag-top-stories","22":"tag-topstories"},"share_on_mastodon":{"url":"https:\/\/pubeurope.com\/@no\/115683616538678217","error":""},"_links":{"self":[{"href":"https:\/\/www.europesays.com\/no\/wp-json\/wp\/v2\/posts\/107368","targetHints":{"allow":["GET"]}}],"collection":[{"href":"https:\/\/www.europesays.com\/no\/wp-json\/wp\/v2\/posts"}],"about":[{"href":"https:\/\/www.europesays.com\/no\/wp-json\/wp\/v2\/types\/post"}],"author":[{"embeddable":true,"href":"https:\/\/www.europesays.com\/no\/wp-json\/wp\/v2\/users\/2"}],"replies":[{"embeddable":true,"href":"https:\/\/www.europesays.com\/no\/wp-json\/wp\/v2\/comments?post=107368"}],"version-history":[{"count":0,"href":"https:\/\/www.europesays.com\/no\/wp-json\/wp\/v2\/posts\/107368\/revisions"}],"wp:featuredmedia":[{"embeddable":true,"href":"https:\/\/www.europesays.com\/no\/wp-json\/wp\/v2\/media\/107369"}],"wp:attachment":[{"href":"https:\/\/www.europesays.com\/no\/wp-json\/wp\/v2\/media?parent=107368"}],"wp:term":[{"taxonomy":"category","embeddable":true,"href":"https:\/\/www.europesays.com\/no\/wp-json\/wp\/v2\/categories?post=107368"},{"taxonomy":"post_tag","embeddable":true,"href":"https:\/\/www.europesays.com\/no\/wp-json\/wp\/v2\/tags?post=107368"}],"curies":[{"name":"wp","href":"https:\/\/api.w.org\/{rel}","templated":true}]}}