{"id":107374,"date":"2025-12-08T11:11:09","date_gmt":"2025-12-08T11:11:09","guid":{"rendered":"https:\/\/www.europesays.com\/no\/107374\/"},"modified":"2025-12-08T11:11:09","modified_gmt":"2025-12-08T11:11:09","slug":"snart-blir-det-forbudt-synes-det-er-bra-mn24-no","status":"publish","type":"post","link":"https:\/\/www.europesays.com\/no\/107374\/","title":{"rendered":"Snart blir det forbudt: \u2013 Synes det er bra &#8211; mn24.no"},"content":{"rendered":"<ol>\n<li><a href=\"https:\/\/news.google.com\/rss\/articles\/CBMifkFVX3lxTE1YVDhUSjNWTUtBRFk1dEYwMmtNRDZGVGZLdmh2SUQtWFJUQnBRNXVpRHhYY19xUnBwbUwyYjZEMWtrZC1VVHlDU1pvX2FaQlZ6UjdSTnhlOFZRU3BYNzdLcVV0dWJ4NlFLaV9aT1pTQlE2dnhMaF9SYm1Ca0hYZw?oc=5\" target=\"_blank\" rel=\"nofollow noopener\">Snart blir det forbudt: \u2013 Synes det er bra<\/a>&nbsp;&nbsp;mn24.no<\/li>\n<li><a href=\"https:\/\/news.google.com\/rss\/articles\/CBMijgFBVV95cUxNY0tsVXAtNzJwQVFYYmJHTWU5WGJyMHBHZk83MmwycHFJOHU3YTc5VXBaWExXNWF4OUxORFJLNnF6T1pUM0t0eFJEQ3ktelIyTFh2WmxEaGhQaUo3YkJ4MXhYX0lDcUdHd0FObnotcUNGQnhDRlBVc0I2OVlsa2ZMWXVsTUpab2Z0UVVwampB?oc=5\" target=\"_blank\" rel=\"nofollow noopener\">Snart blir det forbudt: \u2013 Veldig dumt<\/a>&nbsp;&nbsp;innherred.no<\/li>\n<li><a href=\"https:\/\/news.google.com\/rss\/articles\/CBMirAFBVV95cUxQUlcyZFBpUlFJaE5Ec094dFVWWHBaSkZuYUlRNXRYUFNvbXN3Z1VsY1FXR2lKNV93NGtOVng1dnoxOWhSdUdmVF9yN05xVnZQZmp1QUM0U3VVZUVyZ3J2aldGWmVGWGxaY3NjY1drZUE1NkJRYW1BUVlQa0cxSTRnVG1qNVE2VnRYWWlFb0FVN2t1ZWIxZmY4U1NuOGg4SWwzdkJIOFQyQzFzMEpP?oc=5\" target=\"_blank\" rel=\"nofollow noopener\">(+) N\u00e5 er det slutt: \u2013 Vi har solgt ut det vi har<\/a>&nbsp;&nbsp;varden.no<\/li>\n<li><a href=\"https:\/\/news.google.com\/rss\/articles\/CBMinAFBVV95cUxPWWo0aHJrOHZuRDFidkl3ckE1MnktZ1pSTEpkWlloVndsOVVYaTdRclVyc1V4bkpzMVhYaFYxbjlqdXU0OHMzSUhZVHpKZHhNSDVhSHJJNHNpYjFZTWp2VWZyZjBWUE1laWNxNGFKSHRfNnZMRENBSjVtM01JMFBiU01BQXN1R21MZGJ2QldEVFY2TV9Qd09KZEJwS3c?oc=5\" target=\"_blank\" rel=\"nofollow noopener\">Raser mot forbud mot energidrikk: \u2013 Folk burde ha st\u00f8rre problemer<\/a>&nbsp;&nbsp;T\u00f8nsbergs Blad<\/li>\n<li><a href=\"https:\/\/news.google.com\/rss\/articles\/CBMinAFBVV95cUxOZDdGbXQ2VTllbGFZeXVhR19ldTAyWFVKWUtKc1hZUG9jR0QzLWhDMTc5QzJaZk5BQ01KRkdaZm4wUHhyRXMwaGxkaGtBSUNNejFrbkNHTmhDdERyN2N0VlIxM25RdlVaMVBjbXZtSFpyaW1oSE9MZG9OSGdmcXpxWmRjQUQta2V6TEJEdENJQnh0UW5EdU5sVWFDQVg?oc=5\" target=\"_blank\" rel=\"nofollow noopener\">Strand, J\u00f8rpeland | Aldersgrensen p\u00e5 popul\u00e6r drikke \u00f8ker: \u2013 Det er veldig dumt<\/a>&nbsp;&nbsp;Strandbuen<\/li>\n<\/ol>\n","protected":false},"excerpt":{"rendered":"Snart blir det forbudt: \u2013 Synes det er bra&nbsp;&nbsp;mn24.no Snart blir det forbudt: \u2013 Veldig dumt&nbsp;&nbsp;innherred.no (+) N\u00e5&hellip;\n","protected":false},"author":2,"featured_media":107375,"comment_status":"","ping_status":"","sticky":false,"template":"","format":"standard","meta":{"footnotes":""},"categories":[10],"tags":[20,21,12510,24,25,15,22,23,13,30,28,29,14,16,26,27,2133],"class_list":{"0":"post-107374","1":"post","2":"type-post","3":"status-publish","4":"format-standard","5":"has-post-thumbnail","7":"category-norge","8":"tag-breaking-news","9":"tag-breakingnews","10":"tag-energidrikke","11":"tag-featured-news","12":"tag-featurednews","13":"tag-headlines","14":"tag-latest-news","15":"tag-latestnews","16":"tag-news","17":"tag-no","18":"tag-norge","19":"tag-norway","20":"tag-nyheter","21":"tag-overskrifter","22":"tag-top-stories","23":"tag-topstories","24":"tag-verdal"},"share_on_mastodon":{"url":"https:\/\/pubeurope.com\/@no\/115683648153194121","error":""},"_links":{"self":[{"href":"https:\/\/www.europesays.com\/no\/wp-json\/wp\/v2\/posts\/107374","targetHints":{"allow":["GET"]}}],"collection":[{"href":"https:\/\/www.europesays.com\/no\/wp-json\/wp\/v2\/posts"}],"about":[{"href":"https:\/\/www.europesays.com\/no\/wp-json\/wp\/v2\/types\/post"}],"author":[{"embeddable":true,"href":"https:\/\/www.europesays.com\/no\/wp-json\/wp\/v2\/users\/2"}],"replies":[{"embeddable":true,"href":"https:\/\/www.europesays.com\/no\/wp-json\/wp\/v2\/comments?post=107374"}],"version-history":[{"count":0,"href":"https:\/\/www.europesays.com\/no\/wp-json\/wp\/v2\/posts\/107374\/revisions"}],"wp:featuredmedia":[{"embeddable":true,"href":"https:\/\/www.europesays.com\/no\/wp-json\/wp\/v2\/media\/107375"}],"wp:attachment":[{"href":"https:\/\/www.europesays.com\/no\/wp-json\/wp\/v2\/media?parent=107374"}],"wp:term":[{"taxonomy":"category","embeddable":true,"href":"https:\/\/www.europesays.com\/no\/wp-json\/wp\/v2\/categories?post=107374"},{"taxonomy":"post_tag","embeddable":true,"href":"https:\/\/www.europesays.com\/no\/wp-json\/wp\/v2\/tags?post=107374"}],"curies":[{"name":"wp","href":"https:\/\/api.w.org\/{rel}","templated":true}]}}