{"id":107376,"date":"2025-12-08T11:12:07","date_gmt":"2025-12-08T11:12:07","guid":{"rendered":"https:\/\/www.europesays.com\/no\/107376\/"},"modified":"2025-12-08T11:12:07","modified_gmt":"2025-12-08T11:12:07","slug":"over-100-pakker-forsvant-i-stjordal-kan-ramme-mange-innherred-no","status":"publish","type":"post","link":"https:\/\/www.europesays.com\/no\/107376\/","title":{"rendered":"Over 100 pakker forsvant i Stj\u00f8rdal: &#8211; Kan ramme mange &#8211; innherred.no"},"content":{"rendered":"<ol>\n<li><a href=\"https:\/\/news.google.com\/rss\/articles\/CBMimwFBVV95cUxQVDR2ZWQ0amNCNkY5TVdWM2k4RHJFUzQ5a3dZZlVFb05FVm5KWlpZVkNxeFIxTnc2bm1naG1ldVBNaHNCV0JwenROTTlvTXRkZDZJdlVOWUh2YldHQklRNHdtekxURkNMOFpuZWhUemVPVVZXQmNyZHdUdG4zY3k5RjBfNXVPVWNRY1dJRWZQSUkya1FVMEQ1eHotWQ?oc=5\" target=\"_blank\" rel=\"nofollow noopener\">Over 100 pakker forsvant i Stj\u00f8rdal: &#8211; Kan ramme mange<\/a>&nbsp;&nbsp;innherred.no<\/li>\n<li><a href=\"https:\/\/news.google.com\/rss\/articles\/CBMie0FVX3lxTFBUdklUbmFMTEJSQmZzX0JTSDVYSVlxaTlvLVQyT1U5SDFnVzVXdFNaVHd2UlI5d3lWSlA4MGRmLVZTeVpqSEpOcXppdzNwdnVxRm1Ob2ZYalZFMkRQSDdxUXdmT1FRRXRuWUIxazU2QnFEOVhzY0x3ZnMxOA?oc=5\" target=\"_blank\" rel=\"nofollow noopener\">siste: Over 100 pakker stj\u00e5let i Stj\u00f8rdal \u2013 kan v\u00e6re funnet<\/a>&nbsp;&nbsp;VG<\/li>\n<li><a href=\"https:\/\/news.google.com\/rss\/articles\/CBMihgFBVV95cUxPWER1N19TQWV3Wjd4aDdzQTJ1bXI1U29LWlpWQWJxQjdCbmd3SHphUlJEbUxqRXlLUVVQQmFTNVFIakt6ak14akppYU1hV2M1Qk1UTXp1cnBTQzZHQk9vRzctMGptRzZlalR2R1A2dHNnUHJSOU9zekJVZmg3U3VoS2NLbC02UQ?oc=5\" target=\"_blank\" rel=\"nofollow noopener\">Omfattende tyveri av pakker p\u00e5 Stj\u00f8rdal<\/a>&nbsp;&nbsp;NRK<\/li>\n<li><a href=\"https:\/\/news.google.com\/rss\/articles\/CBMiiwFBVV95cUxNTTY0U09nR2hNQU1WMVMzTmc1Z1Y4em1BeDZuWm92clZYLVNwQi1EbUg4VEhjZldUOXNUT2hZWTJvVGtMajJfNDR3Y21fOEhfM2IwVllrY1VyMFF0enFMb1pLRld1MEtSOVZFRVFYVlJnNXJobnp5eVI3Y0JHcnBlUGZhcGVhRUIzalJN?oc=5\" target=\"_blank\" rel=\"nofollow noopener\">100 pakker stj\u00e5let \u2013 n\u00e5 kan mysteriet v\u00e6re l\u00f8st<\/a>&nbsp;&nbsp;TV2.no<\/li>\n<li><a href=\"https:\/\/news.google.com\/rss\/articles\/CBMinAFBVV95cUxNVzI2c3BIQ3AtOFRFb3pVTDJvVUQ4SkEzRVAtTkU4MnQ3T25IUldlVXNBNlg1a3JCeGp0T3duc3ltdUx0NV9kOHh5NW1KOFF1VURPNm11YkdST1JpOHc2ZmsxbE16bkc0eW1qNEQzaU14bC1aekdCS2lweDFYTVhlcmQ4ZEtQaUs4T1NYNnJVLWVDbEJzSUg0RlZBZjQ?oc=5\" target=\"_blank\" rel=\"nofollow noopener\">Rundt 100 julegaver ble borte fra pakkesentral<\/a>&nbsp;&nbsp;agderposten.no<\/li>\n<\/ol>\n","protected":false},"excerpt":{"rendered":"Over 100 pakker forsvant i Stj\u00f8rdal: &#8211; Kan ramme mange&nbsp;&nbsp;innherred.no siste: Over 100 pakker stj\u00e5let i Stj\u00f8rdal \u2013&hellip;\n","protected":false},"author":2,"featured_media":107377,"comment_status":"","ping_status":"","sticky":false,"template":"","format":"standard","meta":{"footnotes":""},"categories":[5],"tags":[20,21,24,25,15,19,22,23,17,18,13,30,28,29,14,16,26,27],"class_list":{"0":"post-107376","1":"post","2":"type-post","3":"status-publish","4":"format-standard","5":"has-post-thumbnail","7":"category-overskrifter","8":"tag-breaking-news","9":"tag-breakingnews","10":"tag-featured-news","11":"tag-featurednews","12":"tag-headlines","13":"tag-hovedoppslag","14":"tag-latest-news","15":"tag-latestnews","16":"tag-main-news","17":"tag-mainnews","18":"tag-news","19":"tag-no","20":"tag-norge","21":"tag-norway","22":"tag-nyheter","23":"tag-overskrifter","24":"tag-top-stories","25":"tag-topstories"},"share_on_mastodon":{"url":"https:\/\/pubeurope.com\/@no\/115683652013605394","error":""},"_links":{"self":[{"href":"https:\/\/www.europesays.com\/no\/wp-json\/wp\/v2\/posts\/107376","targetHints":{"allow":["GET"]}}],"collection":[{"href":"https:\/\/www.europesays.com\/no\/wp-json\/wp\/v2\/posts"}],"about":[{"href":"https:\/\/www.europesays.com\/no\/wp-json\/wp\/v2\/types\/post"}],"author":[{"embeddable":true,"href":"https:\/\/www.europesays.com\/no\/wp-json\/wp\/v2\/users\/2"}],"replies":[{"embeddable":true,"href":"https:\/\/www.europesays.com\/no\/wp-json\/wp\/v2\/comments?post=107376"}],"version-history":[{"count":0,"href":"https:\/\/www.europesays.com\/no\/wp-json\/wp\/v2\/posts\/107376\/revisions"}],"wp:featuredmedia":[{"embeddable":true,"href":"https:\/\/www.europesays.com\/no\/wp-json\/wp\/v2\/media\/107377"}],"wp:attachment":[{"href":"https:\/\/www.europesays.com\/no\/wp-json\/wp\/v2\/media?parent=107376"}],"wp:term":[{"taxonomy":"category","embeddable":true,"href":"https:\/\/www.europesays.com\/no\/wp-json\/wp\/v2\/categories?post=107376"},{"taxonomy":"post_tag","embeddable":true,"href":"https:\/\/www.europesays.com\/no\/wp-json\/wp\/v2\/tags?post=107376"}],"curies":[{"name":"wp","href":"https:\/\/api.w.org\/{rel}","templated":true}]}}