{"id":107378,"date":"2025-12-08T11:13:11","date_gmt":"2025-12-08T11:13:11","guid":{"rendered":"https:\/\/www.europesays.com\/no\/107378\/"},"modified":"2025-12-08T11:13:11","modified_gmt":"2025-12-08T11:13:11","slug":"marko-farji-om-norge-trekning-det-er-helt-vilt","status":"publish","type":"post","link":"https:\/\/www.europesays.com\/no\/107378\/","title":{"rendered":"Marko Farji om Norge-trekning: &#8211; Det er helt vilt"},"content":{"rendered":"<p>Norge m\u00f8ter Frankrike og Senegal i fotball-VM 2026. Det siste laget i gruppen m\u00e5 man sm\u00f8re seg med t\u00e5lmodighet for \u00e5 finne ut av.<\/p>\n<p>Surinam og Bolivia skal spille playoff-semifinale. Vinneren m\u00f8ter Irak i finalen. Vinneren av det oppgj\u00f8ret kommer til VM.<\/p>\n<p>Oppvokst i Norge<\/p>\n<p>Str\u00f8msgodsets Marko Farji har v\u00e6rt en viktig brikke for Irak den siste tiden. Farji ble f\u00f8dt i Kristiansand. Da han var fire \u00e5r, etablerte familien seg i Grimstad. Der vokste han opp og slet ut sine f\u00f8rste fotballsko.\u00a0<\/p>\n<p>        <img class=\"image__img lazyload\" itemprop=\"image\" title=\"Foto: Privat\" alt=\"STORTALENT: Marjo Farji forelsket seg umiddelbart i fotballen da faren tok han med p\u00e5 banen som fem\u00e5ring. Tidlig utmerket han seg ogs\u00e5 som et stort talent. Foto: Privat\" width=\"675\" height=\"507\" bad-src=\"https:\/\/www.europesays.com\/no\/wp-content\/uploads\/2025\/12\/18357418.webp\" fetchpriority=\"auto\" \/><\/p>\n<p>      STORTALENT: Marjo Farji forelsket seg umiddelbart i fotballen da faren tok han med p\u00e5 banen som fem\u00e5ring. Tidlig utmerket han seg ogs\u00e5 som et stort talent.<br \/>\n         Foto: Privat<\/p>\n<p>I Grimstad danset han med ballen forbi jevnaldrende og dunket kula i krysset med en teknikk man sjelden ser hos et barn.<\/p>\n<p>\u2013 Det var jeg og pappa p\u00e5 Levermyr i Grimstad, da. Hver dag. Han hadde egne planer. Det kunne v\u00e6re noe l\u00f8ping eller trappegreier, ogs\u00e5 gikk vi p\u00e5 fotballbanen etterp\u00e5 og skulle drible, har Farji tidligere uttalt til TV 2.\u00a0<\/p>\n<p>Sommeren 2020 flyttet familien til Gulskogen i Drammen.\u00a0<\/p>\n<p>Farji hadde den gangen proffkontrakt i Jerv, men valgte da heller \u00e5 bli en del av utviklingsavdelingen til Str\u00f8msgodset.<\/p>\n<p>\u2013 G\u00f8yeste kampen<\/p>\n<p>Tre \u00e5r senere fikk han debuten for de m\u00f8rkebl\u00e5. I desember 2024 debuterte han for A-landslaget til Irak.<\/p>\n<p>B\u00e5de moren og faren er derfra. Farji er f\u00f8dt og oppvokst i Norge, men han har dobbelt statsborgerskap, kan kurdisk og har v\u00e6rt p\u00e5 bes\u00f8k hos familie i Irak noen ganger.\u00a0<\/p>\n<p>\u2013 Det \u00e5 komme inn foran 60.000 tilskuere mot Saudi-Arabia var stort, sier Farji.<\/p>\n<p>Farji fulgte fredagens trekning med spenning. Og utfallet ble bedre enn han kunne dr\u00f8mme om.\u00a0<\/p>\n<p>\u2013 N\u00e5 m\u00e5 vi jo \u00e5 pr\u00f8ve \u00e5 kvalifisere oss slik at vi f\u00e5r muligheten til \u00e5 m\u00f8te Norge. Det er helt vilt, sier han.<\/p>\n<p>\u2013 Det er den g\u00f8yeste kampen. \u00c5pningskamp. Det er helt fantastisk, legger han til.<\/p>\n<p>Trekningen kunne knapt v\u00e6rt verre fra et rent sportslig st\u00e5sted.\u00a0<\/p>\n<p>\u2013 Om vi kvalifiserer oss er det er en av de t\u00f8ffeste gruppene vi kunne f\u00e5tt. Det er tre gode lag. Alt kan skje i den gruppen. Senegal er gode, Norge er et av de beste lagene og Frankrike har vunnet EM og VM tidligere, sier Farji.<\/p>\n<p>F\u00e5r tillit<\/p>\n<p>Han forteller at han har f\u00e5tt mye tillit under trener\u00a0Graham Arnold.<\/p>\n<p>\u2013 Jeg har startet de to siste kvalikkampene mot Emiratene som gj\u00f8r at vi n\u00e5 er i siste playoff. Jeg hadde en fin rolle der, b\u00e5de som h\u00f8yre- og venstrekant. Det blir g\u00f8y. Vi skal pr\u00f8ve \u00e5 vinne mot enten Surinam eller Bolivia, sier Farji.\u00a0<\/p>\n<p>Semifinalen spilles 26. mars. Irak m\u00f8ter vinneren av Bolivia-Surinam fem dager seinere.\u00a0<\/p>\n<p>\u2013 Det er p\u00e5 n\u00f8ytral bane. Det er kanskje en fordel av vi skal spille \u00e9n kamp, mens de andre skal spille to. Men i \u00e9n kamp kan alt skje, sier han.<\/p>\n<p>Farji har god oversikt over det norske landslaget.<\/p>\n<p>\u2013 Jeg f\u00f8lger jo med p\u00e5 Norge hver landskamp. Men det gj\u00f8r ogs\u00e5 analytikerne p\u00e5 landslaget, sier han.\u00a0<\/p>\n","protected":false},"excerpt":{"rendered":"Norge m\u00f8ter Frankrike og Senegal i fotball-VM 2026. Det siste laget i gruppen m\u00e5 man sm\u00f8re seg med&hellip;\n","protected":false},"author":2,"featured_media":107379,"comment_status":"","ping_status":"","sticky":false,"template":"","format":"standard","meta":{"footnotes":""},"categories":[59],"tags":[30,28,29,83,82],"class_list":{"0":"post-107378","1":"post","2":"type-post","3":"status-publish","4":"format-standard","5":"has-post-thumbnail","7":"category-sport","8":"tag-no","9":"tag-norge","10":"tag-norway","11":"tag-sport","12":"tag-sports"},"share_on_mastodon":{"url":"https:\/\/pubeurope.com\/@no\/115683655853257183","error":""},"_links":{"self":[{"href":"https:\/\/www.europesays.com\/no\/wp-json\/wp\/v2\/posts\/107378","targetHints":{"allow":["GET"]}}],"collection":[{"href":"https:\/\/www.europesays.com\/no\/wp-json\/wp\/v2\/posts"}],"about":[{"href":"https:\/\/www.europesays.com\/no\/wp-json\/wp\/v2\/types\/post"}],"author":[{"embeddable":true,"href":"https:\/\/www.europesays.com\/no\/wp-json\/wp\/v2\/users\/2"}],"replies":[{"embeddable":true,"href":"https:\/\/www.europesays.com\/no\/wp-json\/wp\/v2\/comments?post=107378"}],"version-history":[{"count":0,"href":"https:\/\/www.europesays.com\/no\/wp-json\/wp\/v2\/posts\/107378\/revisions"}],"wp:featuredmedia":[{"embeddable":true,"href":"https:\/\/www.europesays.com\/no\/wp-json\/wp\/v2\/media\/107379"}],"wp:attachment":[{"href":"https:\/\/www.europesays.com\/no\/wp-json\/wp\/v2\/media?parent=107378"}],"wp:term":[{"taxonomy":"category","embeddable":true,"href":"https:\/\/www.europesays.com\/no\/wp-json\/wp\/v2\/categories?post=107378"},{"taxonomy":"post_tag","embeddable":true,"href":"https:\/\/www.europesays.com\/no\/wp-json\/wp\/v2\/tags?post=107378"}],"curies":[{"name":"wp","href":"https:\/\/api.w.org\/{rel}","templated":true}]}}