{"id":107382,"date":"2025-12-08T11:19:34","date_gmt":"2025-12-08T11:19:34","guid":{"rendered":"https:\/\/www.europesays.com\/no\/107382\/"},"modified":"2025-12-08T11:19:34","modified_gmt":"2025-12-08T11:19:34","slug":"en-person-dod-etter-arbeidsulykke-pa-stange-nrk-innlandet-lokale-nyheter-tv-og-radio","status":"publish","type":"post","link":"https:\/\/www.europesays.com\/no\/107382\/","title":{"rendered":"En person d\u00f8d etter arbeidsulykke p\u00e5 Stange \u2013 NRK Innlandet \u2013 Lokale nyheter, TV og radio"},"content":{"rendered":"<p>En mann i 50-\u00e5rene er bekreftet d\u00f8d etter arbeidsulykken p\u00e5 Stange mandag formiddag.<\/p>\n<p>Avd\u00f8de, som var ansatt ved den aktuelle bedriften, vil bli obdusert.<\/p>\n<p>De p\u00e5r\u00f8rende er varslet om d\u00f8dsfallet. Kriseteamet er varslet for oppf\u00f8lging av de involverte.<\/p>\n<p>\u2013 Vi ble varslet klokken 08.40 av kolleger p\u00e5 stedet, sier operasjonsleder i Innlandet politidistrikt, Frode \u00d8vre\u00e5s, til NRK.<\/p>\n<p>En person er involvert, og ulykken betegnes som alvorlig.<\/p>\n<p>\u2013 Det opprettes sak p\u00e5 hendelsen og Arbeidstilsynet er varslet, sier \u00d8vre\u00e5s.<\/p>\n<p><a class=\"login-banner-hack\" href=\"https:\/\/www.nrk.no\/logginn?context=article-plug\" style=\"padding: 0; border: none; display: none\" rel=\"nofollow noopener\" target=\"_blank\"><\/p>\n<p>            <img decoding=\"async\"   src=\"data:image\/gif;base64,R0lGODlhAQABAIAAAAAAAP\/\/\/yH5BAEAAAAALAAAAAABAAEAAAIBRAA7\" alt=\"Oppfordring til \u00e5 logge p\u00e5 NRKs tjenester\" title=\"Foto: Odd Arne Olderbakk\"\/><\/p>\n<p>            <img decoding=\"async\"   src=\"data:image\/gif;base64,R0lGODlhAQABAIAAAAAAAP\/\/\/yH5BAEAAAAALAAAAAABAAEAAAIBRAA7\" alt=\"Oppfordring til \u00e5 logge p\u00e5 NRKs tjenester\" title=\"Foto: Odd Arne Olderbakk\"\/><\/p>\n<p><\/a><\/p>\n<p>Publisert<\/p>\n<p>08.12.2025, kl. 09.21<\/p>\n<p>Oppdatert<\/p>\n<p>08.12.2025, kl. 11.57<\/p>\n","protected":false},"excerpt":{"rendered":"En mann i 50-\u00e5rene er bekreftet d\u00f8d etter arbeidsulykken p\u00e5 Stange mandag formiddag. Avd\u00f8de, som var ansatt ved&hellip;\n","protected":false},"author":2,"featured_media":107383,"comment_status":"","ping_status":"","sticky":false,"template":"","format":"standard","meta":{"footnotes":""},"categories":[5],"tags":[20,21,24,25,15,19,22,23,17,18,13,30,28,29,14,16,26,27],"class_list":{"0":"post-107382","1":"post","2":"type-post","3":"status-publish","4":"format-standard","5":"has-post-thumbnail","7":"category-overskrifter","8":"tag-breaking-news","9":"tag-breakingnews","10":"tag-featured-news","11":"tag-featurednews","12":"tag-headlines","13":"tag-hovedoppslag","14":"tag-latest-news","15":"tag-latestnews","16":"tag-main-news","17":"tag-mainnews","18":"tag-news","19":"tag-no","20":"tag-norge","21":"tag-norway","22":"tag-nyheter","23":"tag-overskrifter","24":"tag-top-stories","25":"tag-topstories"},"share_on_mastodon":{"url":"https:\/\/pubeurope.com\/@no\/115683679659478305","error":""},"_links":{"self":[{"href":"https:\/\/www.europesays.com\/no\/wp-json\/wp\/v2\/posts\/107382","targetHints":{"allow":["GET"]}}],"collection":[{"href":"https:\/\/www.europesays.com\/no\/wp-json\/wp\/v2\/posts"}],"about":[{"href":"https:\/\/www.europesays.com\/no\/wp-json\/wp\/v2\/types\/post"}],"author":[{"embeddable":true,"href":"https:\/\/www.europesays.com\/no\/wp-json\/wp\/v2\/users\/2"}],"replies":[{"embeddable":true,"href":"https:\/\/www.europesays.com\/no\/wp-json\/wp\/v2\/comments?post=107382"}],"version-history":[{"count":0,"href":"https:\/\/www.europesays.com\/no\/wp-json\/wp\/v2\/posts\/107382\/revisions"}],"wp:featuredmedia":[{"embeddable":true,"href":"https:\/\/www.europesays.com\/no\/wp-json\/wp\/v2\/media\/107383"}],"wp:attachment":[{"href":"https:\/\/www.europesays.com\/no\/wp-json\/wp\/v2\/media?parent=107382"}],"wp:term":[{"taxonomy":"category","embeddable":true,"href":"https:\/\/www.europesays.com\/no\/wp-json\/wp\/v2\/categories?post=107382"},{"taxonomy":"post_tag","embeddable":true,"href":"https:\/\/www.europesays.com\/no\/wp-json\/wp\/v2\/tags?post=107382"}],"curies":[{"name":"wp","href":"https:\/\/api.w.org\/{rel}","templated":true}]}}