{"id":107384,"date":"2025-12-08T11:20:08","date_gmt":"2025-12-08T11:20:08","guid":{"rendered":"https:\/\/www.europesays.com\/no\/107384\/"},"modified":"2025-12-08T11:20:08","modified_gmt":"2025-12-08T11:20:08","slug":"bekreftet-deres-anti-russiske-holdning","status":"publish","type":"post","link":"https:\/\/www.europesays.com\/no\/107384\/","title":{"rendered":"\u2013 Bekreftet deres anti-russiske holdning"},"content":{"rendered":"\n<p class=\"_lead_o9xde_2 _lead_xtcu6_50 layout-component text-serif-m layout-normal text-serif-l layout-component layout-wide layout-padded _wide_17hqh_1 layout-padded\">Russlands ambassad\u00f8r i Norge er kritisk til reaksjonene deler av det norske idrettsmilj\u00f8et kom med etter at russisk skisport nylig vant fram i Idrettens voldgiftsrett.<\/p>\n<p><img alt=\"Russlands nye ambassad\u00f8r Nikolaj Kortsjunov reagerer p\u00e5 mottakelsen CAS-dommen i deler av den norske idrettsbevegelsen.  Foto: Ole Berg-Rusten \/ NTB\" class=\"_image_qp4xg_65 layout-component layout-wide\" data-fullscreen- data-track-element-type=\"Article image fullscreen\" data-track-name=\"ImageFullscreen\" fetchpriority=\"high\" decoding=\"sync\" loading=\"eager\" height=\"3921\" itemprop=\"image\"  src=\"https:\/\/www.europesays.com\/no\/wp-content\/uploads\/2025\/12\/ccaf0741-3081-468e-9984-a20af405e708\"  style=\"object-position:0% 0%\" width=\"5807\"\/>Russlands nye ambassad\u00f8r Nikolaj Kortsjunov reagerer p\u00e5 mottakelsen CAS-dommen i deler av den norske idrettsbevegelsen.  Foto: Ole Berg-Rusten \/ NTB<\/p>\n<ul aria-hidden=\"true\" class=\"_images_ntbth_112\">\n<li><a class=\"_link_ntbth_117\" href=\"https:\/\/www.vg.no\/forfatter\/ntb\" style=\"z-index:1\" title=\"NTB\" rel=\"nofollow noopener\" target=\"_blank\"><img alt=\"Bilde av NTB\" class=\"_image_ntbth_93\" fetchpriority=\"low\" loading=\"lazy\" decoding=\"async\" itemprop=\"image\"  src=\"https:\/\/www.europesays.com\/no\/wp-content\/uploads\/2025\/12\/1765192808_0_c33980b0-5d07-4027-84a1-813f90a7c8d6\"  width=\"480\"\/><\/a><\/li>\n<\/ul>\n<p> Oppdatert mandag 8. desember kl. 11:52     <\/p>\n<p class=\"_paragraph_o9xde_4 _paragraph_xtcu6_10 layout-component text-serif-m layout-normal text-serif-m layout-padded\">I forrige uke kom beskjeden om at Det internasjonale skiforbundet (<a href=\"https:\/\/www.vg.no\/tag\/fis?utm_source=vg-article&amp;utm_medium=auto-tagger&amp;utm_campaign=16kqmM\" class=\"_link_o9xde_39\" rel=\"nofollow noopener\" target=\"_blank\">FIS<\/a>) n\u00e5 skal \u00e5pne d\u00f8ren for l\u00f8pere fra Russland og Belarus. Beslutningen kom som et resultat av at Idrettens voldgiftsrett (CAS) tok en anke fra de to aktuelle nasjonene til f\u00f8lge.<\/p>\n<p class=\"_paragraph_o9xde_4 _paragraph_xtcu6_10 layout-component text-serif-m layout-normal text-serif-m layout-padded\"> I kj\u00f8lvannet av den avgj\u00f8relsen har det statlige nyhetsbyr\u00e5et <a href=\"https:\/\/ria.ru\/20251206\/lyzhniki-2060299133.html\" class=\"_link_o9xde_39\" rel=\"nofollow noopener\" target=\"_blank\">RIA Novosti<\/a> intervjuet Russlands ambassad\u00f8r i Norge, Nikolaj Kortsjunov, om hvordan reaksjonene har v\u00e6rt i Norge.<\/p>\n<p class=\"_paragraph_o9xde_4 _paragraph_xtcu6_10 layout-component text-serif-m layout-normal text-serif-m layout-padded\">\u2013 Vi ser p\u00e5 Idrettens voldgiftsretts avgj\u00f8relse om \u00e5 tillate russiske idrettsut\u00f8vere \u00e5 konkurrere som et nytt skritt mot en gradvis gjenopprettelse av rettferdighet og en tilbakevending til idrettsprinsippene, begynner han.<\/p>\n<p>   \u00abVoldsom heksejakt\u00bb<\/p>\n<p class=\"_paragraph_o9xde_4 _paragraph_xtcu6_10 layout-component text-serif-m layout-normal text-serif-m layout-padded\">Deretter retter han kritikk mot deler av det norske idrettsmilj\u00f8et.<\/p>\n<p class=\"_paragraph_o9xde_4 _paragraph_xtcu6_10 layout-component text-serif-m layout-normal text-serif-m layout-padded\">\u2013 Samtidig beklager vi \u00e5 m\u00e5tte konstatere at den negative reaksjonen fra enkelte representanter for det norske idrettsmilj\u00f8et p\u00e5 dommen bare bekreftet deres anti-russiske holdning og manglende vilje til \u00e5 avslutte konfrontasjonen i det som opprinnelig var et helt upolitisk omr\u00e5de, sier Kortsjunov \u2013 og legger til:<\/p>\n<p class=\"_paragraph_o9xde_4 _paragraph_xtcu6_10 layout-component text-serif-m layout-normal text-serif-m layout-padded\">\u2013 Lokale myndigheter og journalister legger ikke skjul p\u00e5 sin skuffelse.<\/p>\n<p class=\"_paragraph_o9xde_4 _paragraph_xtcu6_10 layout-component text-serif-m layout-normal text-serif-m layout-padded\"> Uttalelsene er ogs\u00e5 gjengitt p\u00e5 den russiske ambassadens <a href=\"https:\/\/x.com\/RusEmbNo\/status\/1997963514502087057\" class=\"_link_o9xde_39\" rel=\"nofollow\">X-konto<\/a>.<\/p>\n<p class=\"_paragraph_o9xde_4 _paragraph_xtcu6_10 layout-component text-serif-m layout-normal text-serif-m layout-padded\">Kortsjunov sier ogs\u00e5 at Russlands frav\u00e6r fra idretten de siste \u00e5rene er et resultat \u00abav en voldsom heksejakt\u00bb.<\/p>\n<p>   Skipresidenten skuffet<\/p>\n<p class=\"_paragraph_o9xde_4 _paragraph_xtcu6_10 layout-component text-serif-m layout-normal text-serif-m layout-padded\">Skipresident Tove Moe Dyrhaug er blant dem som har uttrykt skuffelse over at russiske og belarusiske ut\u00f8vere n\u00e5 kan bli tatt inn i varmen igjen som n\u00f8ytrale.<\/p>\n<p class=\"_paragraph_o9xde_4 _paragraph_xtcu6_10 layout-component text-serif-m layout-normal text-serif-m layout-padded\">Norsk skiidretts linje har hele tiden v\u00e6rt at utestengelsen burde videref\u00f8res. <\/p>\n<p class=\"_paragraph_o9xde_4 _paragraph_xtcu6_10 layout-component text-serif-m layout-normal text-serif-m layout-padded\">\u2013 Vi er ikke overrasket over beslutningen i CAS, men er naturligvis skuffet over at dette ble konklusjonen. Norges syn i denne saken st\u00e5r fast, sa Dyrhaug.<\/p>\n<p class=\"_paragraph_o9xde_4 _paragraph_xtcu6_10 layout-component text-serif-m layout-normal text-serif-m layout-padded\">Langrennsstjernen Erik Valnes reagerte ogs\u00e5.<\/p>\n<p class=\"_paragraph_o9xde_4 _paragraph_xtcu6_10 layout-component text-serif-m layout-normal text-serif-m layout-padded\"> \u2013 Jeg har ikke noe mot dem personlig, men det er j\u00e6kla dumt \u00e5 \u00e5pne opp f\u00f8r det har skjedd noe med situasjonen, sa han til <a href=\"https:\/\/www.adressa.no\/sport\/langrenn\/i\/Oknn6A\/skistjernene-reagerer-ja-jeg-er-skuffet\" class=\"_link_o9xde_39\" rel=\"nofollow noopener\" target=\"_blank\">Adresseavisen<\/a>.<\/p>\n","protected":false},"excerpt":{"rendered":"Russlands ambassad\u00f8r i Norge er kritisk til reaksjonene deler av det norske idrettsmilj\u00f8et kom med etter at russisk&hellip;\n","protected":false},"author":2,"featured_media":107385,"comment_status":"","ping_status":"","sticky":false,"template":"","format":"standard","meta":{"footnotes":""},"categories":[59],"tags":[772,398,30,28,29,188,3650,83,82],"class_list":{"0":"post-107384","1":"post","2":"type-post","3":"status-publish","4":"format-standard","5":"has-post-thumbnail","7":"category-sport","8":"tag-fis","9":"tag-langrenn","10":"tag-no","11":"tag-norge","12":"tag-norway","13":"tag-russland","14":"tag-ski","15":"tag-sport","16":"tag-sports"},"share_on_mastodon":{"url":"https:\/\/pubeurope.com\/@no\/115683683634545210","error":""},"_links":{"self":[{"href":"https:\/\/www.europesays.com\/no\/wp-json\/wp\/v2\/posts\/107384","targetHints":{"allow":["GET"]}}],"collection":[{"href":"https:\/\/www.europesays.com\/no\/wp-json\/wp\/v2\/posts"}],"about":[{"href":"https:\/\/www.europesays.com\/no\/wp-json\/wp\/v2\/types\/post"}],"author":[{"embeddable":true,"href":"https:\/\/www.europesays.com\/no\/wp-json\/wp\/v2\/users\/2"}],"replies":[{"embeddable":true,"href":"https:\/\/www.europesays.com\/no\/wp-json\/wp\/v2\/comments?post=107384"}],"version-history":[{"count":0,"href":"https:\/\/www.europesays.com\/no\/wp-json\/wp\/v2\/posts\/107384\/revisions"}],"wp:featuredmedia":[{"embeddable":true,"href":"https:\/\/www.europesays.com\/no\/wp-json\/wp\/v2\/media\/107385"}],"wp:attachment":[{"href":"https:\/\/www.europesays.com\/no\/wp-json\/wp\/v2\/media?parent=107384"}],"wp:term":[{"taxonomy":"category","embeddable":true,"href":"https:\/\/www.europesays.com\/no\/wp-json\/wp\/v2\/categories?post=107384"},{"taxonomy":"post_tag","embeddable":true,"href":"https:\/\/www.europesays.com\/no\/wp-json\/wp\/v2\/tags?post=107384"}],"curies":[{"name":"wp","href":"https:\/\/api.w.org\/{rel}","templated":true}]}}