{"id":107388,"date":"2025-12-08T11:25:16","date_gmt":"2025-12-08T11:25:16","guid":{"rendered":"https:\/\/www.europesays.com\/no\/107388\/"},"modified":"2025-12-08T11:25:16","modified_gmt":"2025-12-08T11:25:16","slug":"pakker-jul-over-100-pakker-er-stjalet-i-stjordal","status":"publish","type":"post","link":"https:\/\/www.europesays.com\/no\/107388\/","title":{"rendered":"Pakker, Jul | Over 100 pakker er stj\u00e5let i Stj\u00f8rdal"},"content":{"rendered":"\n<p>\u2013 Dette er en sak som kan ramme mange i verste fall, sier operasjonsleder Trond Hangaas i Tr\u00f8ndelag politidistrikt, til <a href=\"https:\/\/www.adressa.no\/nyheter\/trondelag\/i\/7plPbv\/mange-pakker-paa-avveie-kan-ramme-mange-i-verste-fall\" rel=\"Follow nofollow noopener\" target=\"_blank\">Adresseavisen. <\/a><\/p>\n<p>Mandag morgen meldte Tr\u00f8ndelag politidistrikt om at et pakkedistribusjonsfirma i Stj\u00f8rdal har v\u00e6rt utsatt for et omfattende tyveri.<\/p>\n<p>\u2013 Patruljer har v\u00e6rt p\u00e5 stedet, og blant annet s\u00f8kt etter tyven med hund, uten funn. \u00c5stedsunders\u00f8kelse er foretatt, og sak opprettes, sier operasjonsleder Trond Hangaas, if\u00f8lge <a href=\"https:\/\/www.nrk.no\/\" rel=\"Follow nofollow noopener\" target=\"_blank\">NRK. <\/a><\/p>\n<p>Adresseavisen melder at det var et bud som skulle hente pakkene som hadde oppdaget hva som hadde skjedd. Pakkene skal ikke ha v\u00e6rt lett tilgjengelig. <\/p>\n<p>\u2013 Pakkene skal egentlig v\u00e6re utilgjengelige, men noen har blant annet klatret over en h\u00f8y vegg og trolig stj\u00e5let mange pakker. Vi har sikret spor p\u00e5 stedet, sier han.<\/p>\n<p>Senere mandag morgen opplyser politiet om at politiet er p\u00e5 en adresse i Stj\u00f8rdal og har funnet gods som kan v\u00e6re disse pakkene.<\/p>\n<p>\u2013 Patruljene har kontroll p\u00e5 to personer og er i ferd med \u00e5 g\u00e5 igjennom godset, tilf\u00f8yer han.<\/p>\n","protected":false},"excerpt":{"rendered":"\u2013 Dette er en sak som kan ramme mange i verste fall, sier operasjonsleder Trond Hangaas i Tr\u00f8ndelag&hellip;\n","protected":false},"author":2,"featured_media":3844,"comment_status":"","ping_status":"","sticky":false,"template":"","format":"standard","meta":{"footnotes":""},"categories":[10],"tags":[20,21,24,25,15,22,23,13,30,28,29,14,16,26,27],"class_list":{"0":"post-107388","1":"post","2":"type-post","3":"status-publish","4":"format-standard","5":"has-post-thumbnail","7":"category-norge","8":"tag-breaking-news","9":"tag-breakingnews","10":"tag-featured-news","11":"tag-featurednews","12":"tag-headlines","13":"tag-latest-news","14":"tag-latestnews","15":"tag-news","16":"tag-no","17":"tag-norge","18":"tag-norway","19":"tag-nyheter","20":"tag-overskrifter","21":"tag-top-stories","22":"tag-topstories"},"share_on_mastodon":{"url":"https:\/\/pubeurope.com\/@no\/115683703210052236","error":""},"_links":{"self":[{"href":"https:\/\/www.europesays.com\/no\/wp-json\/wp\/v2\/posts\/107388","targetHints":{"allow":["GET"]}}],"collection":[{"href":"https:\/\/www.europesays.com\/no\/wp-json\/wp\/v2\/posts"}],"about":[{"href":"https:\/\/www.europesays.com\/no\/wp-json\/wp\/v2\/types\/post"}],"author":[{"embeddable":true,"href":"https:\/\/www.europesays.com\/no\/wp-json\/wp\/v2\/users\/2"}],"replies":[{"embeddable":true,"href":"https:\/\/www.europesays.com\/no\/wp-json\/wp\/v2\/comments?post=107388"}],"version-history":[{"count":0,"href":"https:\/\/www.europesays.com\/no\/wp-json\/wp\/v2\/posts\/107388\/revisions"}],"wp:featuredmedia":[{"embeddable":true,"href":"https:\/\/www.europesays.com\/no\/wp-json\/wp\/v2\/media\/3844"}],"wp:attachment":[{"href":"https:\/\/www.europesays.com\/no\/wp-json\/wp\/v2\/media?parent=107388"}],"wp:term":[{"taxonomy":"category","embeddable":true,"href":"https:\/\/www.europesays.com\/no\/wp-json\/wp\/v2\/categories?post=107388"},{"taxonomy":"post_tag","embeddable":true,"href":"https:\/\/www.europesays.com\/no\/wp-json\/wp\/v2\/tags?post=107388"}],"curies":[{"name":"wp","href":"https:\/\/api.w.org\/{rel}","templated":true}]}}