{"id":107391,"date":"2025-12-08T11:27:10","date_gmt":"2025-12-08T11:27:10","guid":{"rendered":"https:\/\/www.europesays.com\/no\/107391\/"},"modified":"2025-12-08T11:27:10","modified_gmt":"2025-12-08T11:27:10","slug":"derfor-feirer-de-ikke-jul-hjemme","status":"publish","type":"post","link":"https:\/\/www.europesays.com\/no\/107391\/","title":{"rendered":"Derfor feirer de ikke jul hjemme"},"content":{"rendered":"<p>Danseh\u00f8sten har g\u00e5tt unna, og snart er det duket for semifinale i \u00abSkal vi danse\u00bb.\u00a0<\/p>\n<p>For dansedommer Jan Thomas (58) blir det den nest siste sendingen i dommerstolen denne sesongen, hvor han skal sitte helt frem til finalen, 20. desember.<\/p>\n<p class=\"bold m-bold\" data-lab-font_weight=\"bold\">\u2013\u00a0Jeg trives veldig godt i dansesalen, og det er altoppslukende. \u00abSkal vi danse\u00bb er en fulltidsjobb, og jeg er i bobla, sier han til TV 2.<\/p>\n<p>\u2013 Funnet v\u00e5r tradisjon<\/p>\n<p>Med en finaledag s\u00e5 tett opp mot jul, er desember en travel m\u00e5ned for dansedommeren.<\/p>\n<p>\u2013 Dagen etter \u00abSkal vi danse\u00bb-finalen g\u00e5r flyet klokken seks om morgen, og da blir vi borte i fem uker, sier han.<\/p>\n<p>        <img class=\"image__img lazyload\" itemprop=\"image\" title=\"Foto: Aurora Pevik Haugnaess \/ TV 2\" alt=\"DOMMER: Jan Thomas har v\u00e6rt \u00e5 se som dommer i \u00abSkal vi danse\u00bb denne h\u00f8sten, sammen med Nadia Khamitskaya, Cengiz Al og Merete M\u00f8rk Lingj\u00e6rde. Foto: Aurora Pevik Haugnaess \/ TV 2\" width=\"675\" height=\"405\" bad-src=\"https:\/\/www.europesays.com\/no\/wp-content\/uploads\/2025\/12\/18355965.webp\" fetchpriority=\"auto\" \/><\/p>\n<p>      DOMMER: Jan Thomas har v\u00e6rt \u00e5 se som dommer i \u00abSkal vi danse\u00bb denne h\u00f8sten, sammen med Nadia Khamitskaya, Cengiz Al og Merete M\u00f8rk Lingj\u00e6rde.<br \/>\n         Foto: Aurora Pevik Haugnaess \/ TV 2<\/p>\n<p class=\"bold m-bold\" data-lab-font_weight=\"bold\">Da setter nemlig Jan Thomas og forloveden Harlem Alexander (38) kursen mot varmere str\u00f8k, og til et helt annet kontinent.<\/p>\n<p>\u2013 Vi feirer jul i Mexico hvert eneste \u00e5r, og det er det sjette \u00e5ret vi gj\u00f8r det sammen, sier han til TV 2.\u00a0<\/p>\n<p>For dansedommeren blir det tolvte \u00e5ret med julefeiring utenlands.<\/p>\n<p class=\"bold m-bold\" data-lab-font_weight=\"bold\">\u2013 Hadde min mor v\u00e6rt her enn\u00e5, s\u00e5 hadde vi v\u00e6rt i Norge og feiret en norsk jul, sier han.<\/p>\n<p>I juni 2013 <a href=\"https:\/\/www.tv2.no\/underholdning\/jan-thomas-om-morens-dodsfall-det-er-underlig-og-uvirkelig\/13756594\/\" target=\"_blank\" rel=\"nofollow noopener\">mistet<\/a> han moren sin, som han fortalte at var et sjokk.<\/p>\n<p>\u2013 Etter at mamma gikk bort ble det bare en tradisjon \u00e5 dra til Mexico, fordi det man forbinder med julen er familie, sier han og legger til:<\/p>\n<p>\u2013 S\u00e5 vi har funnet v\u00e5r tradisjon, og m\u00e5ten vi har lyst til \u00e5 gj\u00f8re det p\u00e5.<\/p>\n<p>Liker ikke julemat<\/p>\n<p>Kj\u00e6resteparet rekker likevel litt f\u00f8rjulstid i Norge, til Jan Thomas&#8217; store glede:<\/p>\n<p>\u2013\u00a0I fjor hadde jeg sju eller \u00e5tte pinnekj\u00f8ttmiddager p\u00e5 forskjellige restauranter, og i \u00e5r har jeg allerede rukket fire, sier han f\u00f8r kj\u00e6resten skyter inn:\u00a0<\/p>\n<p class=\"bold m-bold\" data-lab-font_weight=\"bold\">\u2013 Jan savner jo norsk julemat, noe jeg ikke spiser. S\u00e5 jeg spiser gjerne Grandiosa, laks eller et eller annet til jul. N\u00e5 blir det Mexico og taco.<\/p>\n<p>Men f\u00f8r kj\u00e6resteparet kan sette kursen mot det s\u00f8rlige Nord-Amerika, gjenst\u00e5r det fortsatt to dansesendinger til.<\/p>\n<p>Og denne h\u00f8sten har de ikke f\u00e5tt s\u00e6rlig mye tid sammen i helgene, med dansesendinger hver l\u00f8rdag.<\/p>\n<p class=\"bold m-bold\" data-lab-font_weight=\"bold\">\u2013 Vi er veldig bortskjemte, ved at vi alltid gj\u00f8r ting i helgene. Det har vi ikke kunnet n\u00e5, sier Jan Thomas.<\/p>\n<p>        <img class=\"image__img lazyload\" itemprop=\"image\" title=\"Foto: Kristoffer S\u00f8vik \/ TV 2\" alt=\"ST\u00d8TTESPILLER: Harlem Alexander har v\u00e6rt flere l\u00f8rdager i dansesalen for \u00e5 st\u00f8tte kj\u00e6resten. Foto: Kristoffer S\u00f8vik \/ TV 2\" width=\"978\" height=\"551\" bad-src=\"https:\/\/www.europesays.com\/no\/wp-content\/uploads\/2025\/12\/18355988.webp\" fetchpriority=\"auto\" \/><\/p>\n<p>      ST\u00d8TTESPILLER: Harlem Alexander har v\u00e6rt flere l\u00f8rdager i dansesalen for \u00e5 st\u00f8tte kj\u00e6resten.<br \/>\n         Foto: Kristoffer S\u00f8vik \/ TV 2<\/p>\n<p>Men kj\u00e6resten har likevel v\u00e6rt \u00e5 se i dansesalen.<\/p>\n<p>\u2013 Jeg er der ikke hver l\u00f8rdag, for det er ogs\u00e5 veldig fint \u00e5 f\u00e5 noen fridager hjemme og, hvor jeg kan se og studere dansene hjemmefra. Jeg er der jo mest for \u00e5 heie p\u00e5 Jan, s\u00e5 det er veldig g\u00f8y \u00e5 se han der ogs\u00e5, sier han.<\/p>\n","protected":false},"excerpt":{"rendered":"Danseh\u00f8sten har g\u00e5tt unna, og snart er det duket for semifinale i \u00abSkal vi danse\u00bb.\u00a0 For dansedommer Jan&hellip;\n","protected":false},"author":2,"featured_media":107392,"comment_status":"","ping_status":"","sticky":false,"template":"","format":"standard","meta":{"footnotes":""},"categories":[59],"tags":[30,28,29,83,82],"class_list":{"0":"post-107391","1":"post","2":"type-post","3":"status-publish","4":"format-standard","5":"has-post-thumbnail","7":"category-sport","8":"tag-no","9":"tag-norge","10":"tag-norway","11":"tag-sport","12":"tag-sports"},"share_on_mastodon":{"url":"https:\/\/pubeurope.com\/@no\/115683710934867254","error":""},"_links":{"self":[{"href":"https:\/\/www.europesays.com\/no\/wp-json\/wp\/v2\/posts\/107391","targetHints":{"allow":["GET"]}}],"collection":[{"href":"https:\/\/www.europesays.com\/no\/wp-json\/wp\/v2\/posts"}],"about":[{"href":"https:\/\/www.europesays.com\/no\/wp-json\/wp\/v2\/types\/post"}],"author":[{"embeddable":true,"href":"https:\/\/www.europesays.com\/no\/wp-json\/wp\/v2\/users\/2"}],"replies":[{"embeddable":true,"href":"https:\/\/www.europesays.com\/no\/wp-json\/wp\/v2\/comments?post=107391"}],"version-history":[{"count":0,"href":"https:\/\/www.europesays.com\/no\/wp-json\/wp\/v2\/posts\/107391\/revisions"}],"wp:featuredmedia":[{"embeddable":true,"href":"https:\/\/www.europesays.com\/no\/wp-json\/wp\/v2\/media\/107392"}],"wp:attachment":[{"href":"https:\/\/www.europesays.com\/no\/wp-json\/wp\/v2\/media?parent=107391"}],"wp:term":[{"taxonomy":"category","embeddable":true,"href":"https:\/\/www.europesays.com\/no\/wp-json\/wp\/v2\/categories?post=107391"},{"taxonomy":"post_tag","embeddable":true,"href":"https:\/\/www.europesays.com\/no\/wp-json\/wp\/v2\/tags?post=107391"}],"curies":[{"name":"wp","href":"https:\/\/api.w.org\/{rel}","templated":true}]}}