{"id":107400,"date":"2025-12-08T11:40:07","date_gmt":"2025-12-08T11:40:07","guid":{"rendered":"https:\/\/www.europesays.com\/no\/107400\/"},"modified":"2025-12-08T11:40:07","modified_gmt":"2025-12-08T11:40:07","slug":"mann-med-pistol-pa-storo-stor-oslo","status":"publish","type":"post","link":"https:\/\/www.europesays.com\/no\/107400\/","title":{"rendered":"Mann med pistol p\u00e5 Storo \u2013 Stor-Oslo"},"content":{"rendered":"<p>Mandag ble det avfyrt ett skudd inne p\u00e5 Storo Storsenter i Oslo.<\/p>\n<p><strong>En ung mann er p\u00e5grepet i forbindelse med skytingen. Det var han selv som varslet politiet.<\/strong><\/p>\n<p>\u2013 Det er et skudd i taket. Det er ikke noe som tyder p\u00e5 at han har fors\u00f8kt \u00e5 skade noen, sier innsatsleder Tomm Berger.<\/p>\n<p>Forel\u00f8pig er det ikke funnet noen skadde.<\/p>\n<p><img decoding=\"async\"   src=\"data:image\/gif;base64,R0lGODlhAQABAIAAAAAAAP\/\/\/yH5BAEAAAAALAAAAAABAAEAAAIBRAA7\" loading=\"eager\" alt=\"Bildet viser en trebenk med flere patroner og en plastpose med flere patroner synlige. Patronene er hovedsakelig i farge r\u00f8dt og gull. Omgivelsene er uskarpe, men gir inntrykk av et rom med minimalistisk interi\u00f8r. Det er ingen personer til stede i bildet. (Bildebeskrivelsen er laget av en KI-tjeneste)\" title=\"Foto: Truls Skram Ler\u00f8 \/ NRK\"\/><\/p>\n<p>Foto: Truls Skram Ler\u00f8 \/ NRK<\/p>\n<p>Hadde med seg kniv og balltre<\/p>\n<p>Mannen skal ha brukt en hagle. Utover dette hadde han med seg et balltre og mulig kniv.<\/p>\n<p>Vitner NRK har v\u00e6rt i kontakt med forteller at en mann kom inn med pistol.<\/p>\n<p><img decoding=\"async\"   src=\"data:image\/gif;base64,R0lGODlhAQABAIAAAAAAAP\/\/\/yH5BAEAAAAALAAAAAABAAEAAAIBRAA7\" loading=\"eager\" alt=\"Et bord i en offentlig plass har flere vesker og personlige eiendeler plassert p\u00e5 det. P\u00e5 gulvet ligger en baseballbat og en annen gjenstand. Omgivelsene er innend\u00f8rs, med en m\u00f8rk bakgrunn og fliser p\u00e5 gulvet. Det er lite annet visuelt innhold som bidrar til konteksten. (Bildebeskrivelsen er laget av en KI-tjeneste)\" title=\"Foto: Eva Marie Larsen N\u00f8sen \/ NRK\"\/><\/p>\n<p>Foto: Eva Marie Larsen N\u00f8sen \/ NRK<\/p>\n<p>Flere begynte da \u00e5 l\u00f8pe fra stedet.<\/p>\n<p><strong>Det var store styrker fra b\u00e5de helse og politi p\u00e5 stedet. <\/strong><\/p>\n<p>Politihelikopter henger i lufta.\n<\/p>\n<p>Innsatsleder om skytingen p\u00e5 Storo Storsenter mandag 8. desember.<\/p>\n<p>S\u00e5 politiet kom l\u00f8pende med skuddsikre vester<\/p>\n<p><strong>\u2013 Det starta med at vi h\u00f8rte et smell.<\/strong><\/p>\n<p>Det sier Lejla som jobber p\u00e5 butikken Rituals p\u00e5 senteret.<\/p>\n<p>Butikken ligger bare noen meter unna der skuddene ble avfyrt.<\/p>\n<p><img decoding=\"async\"   src=\"data:image\/gif;base64,R0lGODlhAQABAIAAAAAAAP\/\/\/yH5BAEAAAAALAAAAAABAAEAAAIBRAA7\" loading=\"eager\" alt=\"Flere personer med politiuniformer st\u00e5r samlet i et rom med m\u00f8rke vegger. Det er lys fra taklampene og en skjerm synlig i bakgrunnen. Politiinspekt\u00f8rer diskuterer eller overv\u00e5ker situasjonen. Omgivelsene gir inntrykk av et kontrollert eller offisielt milj\u00f8. (Bildebeskrivelsen er laget av en KI-tjeneste)\" title=\"Foto: Truls Skram Ler\u00f8 \/ NRK\"\/><\/p>\n<p class=\"\">Bildet viser kulehullet i taket. <\/p>\n<p>Foto: Truls Skram Ler\u00f8 \/ NRK<\/p>\n<p>F\u00f8rst skj\u00f8nte hun ikke hva som hadde skjedd, men kollegaen hennes gikk ut av butikken for \u00e5 se.<\/p>\n<p><strong>Da s\u00e5 hun politiet komme l\u00f8pende med skuddsikre vester.<\/strong><\/p>\n<p>\u2013 Vi gikk inn til butikken og tok ned gitteret, og bare venta til politiet kom og henta oss.<\/p>\n<p>\u2013 Det var ogs\u00e5 en lege som var til stede i butikken ved siden av oss, og hun l\u00f8p bort og s\u00e5 at ingen var skada.<strong> <\/strong><\/p>\n<p><img decoding=\"async\"   src=\"data:image\/gif;base64,R0lGODlhAQABAIAAAAAAAP\/\/\/yH5BAEAAAAALAAAAAABAAEAAAIBRAA7\" loading=\"eager\" alt=\"En politibil med blinkende lys st\u00e5r parkert mens folk g\u00e5r forbi. Flere personer er samlet p\u00e5 fortauet, noen stirrer mot politibilen. Omgivelsene inkluderer moderne bygninger og butikker. Det er v\u00e5tt i bakken, noe som tyder p\u00e5 regnv\u00e6r. \" title=\"Foto: Truls Skram Ler\u00f8 \/ NRK\"\/><\/p>\n<p>Foto: Truls Skram Ler\u00f8 \/ NRK<\/p>\n<p>\u2013 Omr\u00e5det er trygt<\/p>\n<p>Senteret ble evakuert som f\u00f8lge av hendelsen.<\/p>\n<p>Like f\u00f8r klokken 11.30 har politiet valgt \u00e5 \u00e5pne senteret igjen.<\/p>\n<p><strong>\u2013 Vi har s\u00f8kt av alt vi hadde behov til, v\u00e5r vurdering er at omr\u00e5det er trygt og at senteret kan \u00e5pne for normal handel.<\/strong><\/p>\n<p>If\u00f8lge NRKs reporter p\u00e5 stedet er det likevel flere butikker som er stengt.<\/p>\n<p>Storo Storsenter er Oslos st\u00f8rste kj\u00f8pesenter med rundt 140 butikker og kafeer.\n<\/p>\n<p><img decoding=\"async\"   src=\"data:image\/gif;base64,R0lGODlhAQABAIAAAAAAAP\/\/\/yH5BAEAAAAALAAAAAABAAEAAAIBRAA7\" loading=\"eager\" alt=\"Bil med politi merket st\u00e5r p\u00e5 en v\u00e5t vei, omgitt av flere politibiler. Folk g\u00e5r langs fortauet, noen ser mot politiet. Omgivelsene inkluderer en bygning med vinduer og et trafikklys i bakgrunnen. Det er en gr\u00e5, overskyet dag. (Bildebeskrivelsen er laget av en KI-tjeneste)\" title=\"Foto: Truls Skram Ler\u00f8 \/ NRK\"\/><\/p>\n<p>Foto: Truls Skram Ler\u00f8 \/ NRK<\/p>\n<p>Publisert<\/p>\n<p>08.12.2025, kl. 10.56<\/p>\n<p>Oppdatert<\/p>\n<p>08.12.2025, kl. 12.36<\/p>\n","protected":false},"excerpt":{"rendered":"Mandag ble det avfyrt ett skudd inne p\u00e5 Storo Storsenter i Oslo. En ung mann er p\u00e5grepet i&hellip;\n","protected":false},"author":2,"featured_media":107401,"comment_status":"","ping_status":"","sticky":false,"template":"","format":"standard","meta":{"footnotes":""},"categories":[5],"tags":[20,21,24,25,15,19,22,23,17,18,13,30,28,29,14,16,26,27],"class_list":{"0":"post-107400","1":"post","2":"type-post","3":"status-publish","4":"format-standard","5":"has-post-thumbnail","7":"category-overskrifter","8":"tag-breaking-news","9":"tag-breakingnews","10":"tag-featured-news","11":"tag-featurednews","12":"tag-headlines","13":"tag-hovedoppslag","14":"tag-latest-news","15":"tag-latestnews","16":"tag-main-news","17":"tag-mainnews","18":"tag-news","19":"tag-no","20":"tag-norge","21":"tag-norway","22":"tag-nyheter","23":"tag-overskrifter","24":"tag-top-stories","25":"tag-topstories"},"share_on_mastodon":{"url":"https:\/\/pubeurope.com\/@no\/115683762086225533","error":""},"_links":{"self":[{"href":"https:\/\/www.europesays.com\/no\/wp-json\/wp\/v2\/posts\/107400","targetHints":{"allow":["GET"]}}],"collection":[{"href":"https:\/\/www.europesays.com\/no\/wp-json\/wp\/v2\/posts"}],"about":[{"href":"https:\/\/www.europesays.com\/no\/wp-json\/wp\/v2\/types\/post"}],"author":[{"embeddable":true,"href":"https:\/\/www.europesays.com\/no\/wp-json\/wp\/v2\/users\/2"}],"replies":[{"embeddable":true,"href":"https:\/\/www.europesays.com\/no\/wp-json\/wp\/v2\/comments?post=107400"}],"version-history":[{"count":0,"href":"https:\/\/www.europesays.com\/no\/wp-json\/wp\/v2\/posts\/107400\/revisions"}],"wp:featuredmedia":[{"embeddable":true,"href":"https:\/\/www.europesays.com\/no\/wp-json\/wp\/v2\/media\/107401"}],"wp:attachment":[{"href":"https:\/\/www.europesays.com\/no\/wp-json\/wp\/v2\/media?parent=107400"}],"wp:term":[{"taxonomy":"category","embeddable":true,"href":"https:\/\/www.europesays.com\/no\/wp-json\/wp\/v2\/categories?post=107400"},{"taxonomy":"post_tag","embeddable":true,"href":"https:\/\/www.europesays.com\/no\/wp-json\/wp\/v2\/tags?post=107400"}],"curies":[{"name":"wp","href":"https:\/\/api.w.org\/{rel}","templated":true}]}}