{"id":107402,"date":"2025-12-08T11:45:10","date_gmt":"2025-12-08T11:45:10","guid":{"rendered":"https:\/\/www.europesays.com\/no\/107402\/"},"modified":"2025-12-08T11:45:10","modified_gmt":"2025-12-08T11:45:10","slug":"stakk-av-med-hele-fotoboksen-2","status":"publish","type":"post","link":"https:\/\/www.europesays.com\/no\/107402\/","title":{"rendered":"Stakk av med hele fotoboksen"},"content":{"rendered":"<p class=\"kicker t14 tm14 font-NotoSans\" style=\"\"><a href=\"https:\/\/www.abcnyheter.no\/livsstil\" target=\"_blank\" rel=\"nofollow noopener\">Livsstil<\/a><\/p>\n<p>    N\u00e5 st\u00e5r bare stolpen igjen.<\/p>\n<p>\n        Trafikverket har f\u00e5tt en fotoboks mindre i Sverige, etter at noen rett og slett saget ned boksen som sto i Oscarshamn.<br \/>\n        Trafikverket.\n    <\/p>\n<p class=\"italic m-italic\" data-lab-italic=\"italic\">(<a href=\"https:\/\/www.tv2.no\/broom\/stakk-av-med-hele-fotoboksen\/18357935\/\" rel=\"nofollow noopener\" target=\"_blank\">Artikkelen <\/a>er f\u00f8rst publisert av <a href=\"https:\/\/www.tv2.no\/broom\" rel=\"nofollow noopener\" target=\"_blank\">Broom<\/a>):<\/p>\n<p>Sverige var lenge et land nesten uten fotobokser. Men s\u00e5 bestemte svenske myndigheter seg for \u00e5 sette i gang en storstilt utrulling av dem. N\u00e5 er det 2500 fotobokser langs svenske veier og flere skal det bli.<\/p>\n<p>Ikke alle er like forn\u00f8yd med det. Det har blitt rapportert om mye h\u00e6rverk og ogs\u00e5 tyverier av kameraer fra boksene. Og n\u00e5 har det dukket opp en ganske spesiell sak fra Oskarshamn.<\/p>\n<p>Der har noen rett og slett saget ned og fjernet en fotoboks. Bare deler av stolpen st\u00e5r igjen.<\/p>\n<p>\u2013 Aldri v\u00e6rt borti noe lignende<\/p>\n<p><a href=\"https:\/\/carup.se\/svensk-fartkamera-stulen-med-stolpe-och-allt\/\" rel=\"nofollow noopener\" target=\"_blank\">Billnettstedet Carup.se\u00a0<\/a>skriver at dette f\u00f8rst ble oppdaget ved at fotoboksen gikk i svart og sluttet \u00e5 sende bilder. Etter en uke dro et team fra Trafikverket ut for \u00e5 kontrollere boksen. Og de kom alts\u00e5 til et avsaget stolpe.<\/p>\n<p>\u2013 Jeg har aldri v\u00e6rt med p\u00e5 noe lignende, sier Trafikverkets Peter Karlsson, til lokalavisen\u00a0<a href=\"https:\/\/www.barometern.se\/oskarshamn\/udda-stolden-sagade-ned-stolpe-stal-fartkamera\/\" rel=\"nofollow noopener\" target=\"_blank\">Oskarshams Tidningen<\/a>\u00a0som ogs\u00e5 har bilde av det som st\u00e5r igjen av boksen.<\/p>\n<p>                <img decoding=\"async\" src=\"https:\/\/www.europesays.com\/no\/wp-content\/uploads\/2025\/12\/1321009.webp\" width=\"480\" height=\"274\" title=\"MANGE: Det er rundt 2500 fotobokser langs svenske veier, mange st\u00e5r p\u00e5 \u00f8de steder.\" alt=\"\" loading=\"lazy\" style=\"\"\/><\/p>\n<p>\n            MANGE: Det er rundt 2500 fotobokser langs svenske veier, mange st\u00e5r p\u00e5 \u00f8de steder.<br \/>\n            Trafikverket.\n        <\/p>\n<p><a href=\"https:\/\/www.tv2.no\/broom\/tatt-i-fotoboks-skylder-pa-naboen\/17332456\/\" rel=\"nofollow noopener\" target=\"_blank\">Tatt i fotoboks. skylder p\u00e5 naboen<\/a><\/p>\n<p>Ingen spor<\/p>\n<p>Han har heller ikke veldig stor tro p\u00e5 at de kan finne de skyldige:<\/p>\n<p>\u2013 Som det ser ut n\u00e5, tror jeg ikke vi kommer videre i denne saken. Vi har v\u00e6rt og sett p\u00e5 stedet, men kunne ikke sikre noen spor. Og det finnes ingen vitneobservasjoner. Det m\u00e5tte v\u00e6re om noen forbipasserende trafikanter har sett noe, det vil vi i s\u00e5f all sette pris p\u00e5 \u00e5 f\u00e5 vite, sier Karlsson.<\/p>\n<p>De svenske fotoboksene er if\u00f8lge Carup verdt rundt 100.000 kroner, Mange st\u00e5r p\u00e5 \u00f8de steder, dermed er det heller ikke veldig vanskelig \u00e5 stjele dem.<\/p>\n<p>I oktober var det for \u00f8vrig en lignende hendelse i p\u00e5 \u00d6sterlen, i Sverige. Ogs\u00e5 der ble fotoboksen saget ned og stj\u00e5let.\u00a0<\/p>\n<p><a href=\"https:\/\/www.tv2.no\/broom\/hvor-mye-straff-far-jeg-for-a-sage-ned-en-fotoboks\/12627830\/\" rel=\"nofollow noopener\" target=\"_blank\">Vet du svaret? Dette er straffen for \u00e5 sage ned en fotoboks<\/a><\/p>\n","protected":false},"excerpt":{"rendered":"Livsstil N\u00e5 st\u00e5r bare stolpen igjen. Trafikverket har f\u00e5tt en fotoboks mindre i Sverige, etter at noen rett&hellip;\n","protected":false},"author":2,"featured_media":107403,"comment_status":"","ping_status":"","sticky":false,"template":"","format":"standard","meta":{"footnotes":""},"categories":[12],"tags":[20,21,24,25,15,22,23,13,30,28,29,14,16,26,27,42,43,44,45],"class_list":{"0":"post-107402","1":"post","2":"type-post","3":"status-publish","4":"format-standard","5":"has-post-thumbnail","7":"category-verden","8":"tag-breaking-news","9":"tag-breakingnews","10":"tag-featured-news","11":"tag-featurednews","12":"tag-headlines","13":"tag-latest-news","14":"tag-latestnews","15":"tag-news","16":"tag-no","17":"tag-norge","18":"tag-norway","19":"tag-nyheter","20":"tag-overskrifter","21":"tag-top-stories","22":"tag-topstories","23":"tag-verden","24":"tag-world","25":"tag-world-news","26":"tag-worldnews"},"share_on_mastodon":{"url":"https:\/\/pubeurope.com\/@no\/115683781963046936","error":""},"_links":{"self":[{"href":"https:\/\/www.europesays.com\/no\/wp-json\/wp\/v2\/posts\/107402","targetHints":{"allow":["GET"]}}],"collection":[{"href":"https:\/\/www.europesays.com\/no\/wp-json\/wp\/v2\/posts"}],"about":[{"href":"https:\/\/www.europesays.com\/no\/wp-json\/wp\/v2\/types\/post"}],"author":[{"embeddable":true,"href":"https:\/\/www.europesays.com\/no\/wp-json\/wp\/v2\/users\/2"}],"replies":[{"embeddable":true,"href":"https:\/\/www.europesays.com\/no\/wp-json\/wp\/v2\/comments?post=107402"}],"version-history":[{"count":0,"href":"https:\/\/www.europesays.com\/no\/wp-json\/wp\/v2\/posts\/107402\/revisions"}],"wp:featuredmedia":[{"embeddable":true,"href":"https:\/\/www.europesays.com\/no\/wp-json\/wp\/v2\/media\/107403"}],"wp:attachment":[{"href":"https:\/\/www.europesays.com\/no\/wp-json\/wp\/v2\/media?parent=107402"}],"wp:term":[{"taxonomy":"category","embeddable":true,"href":"https:\/\/www.europesays.com\/no\/wp-json\/wp\/v2\/categories?post=107402"},{"taxonomy":"post_tag","embeddable":true,"href":"https:\/\/www.europesays.com\/no\/wp-json\/wp\/v2\/tags?post=107402"}],"curies":[{"name":"wp","href":"https:\/\/api.w.org\/{rel}","templated":true}]}}