{"id":107406,"date":"2025-12-08T11:47:54","date_gmt":"2025-12-08T11:47:54","guid":{"rendered":"https:\/\/www.europesays.com\/no\/107406\/"},"modified":"2025-12-08T11:47:54","modified_gmt":"2025-12-08T11:47:54","slug":"vi-blir-aldri-a-akseptere-tre-fra-oslo","status":"publish","type":"post","link":"https:\/\/www.europesays.com\/no\/107406\/","title":{"rendered":"\u2013 Vi blir aldri \u00e5 akseptere tre fra Oslo"},"content":{"rendered":"<p>    B\u00f8-ordf\u00f8rer Sture Pedersen er sterkt kritisk til ledertrio fra Oslo og \u00f8stlandsomr\u00e5det. Han og flere H\u00f8yre-politikere tar til orde for mer geografisk spredning.<\/p>\n<p>\n        Sture Ivar Pedersen, H\u00f8yre-ordf\u00f8rer i B\u00f8 i Vester\u00e5len, er sterkt kritisk til en potensiell ledertrio utelukkende best\u00e5ende av folk fra Oslo og \u00f8stlandsomr\u00e5det.<br \/>\n        Alf Simensen \/ NTB\n    <\/p>\n<p class=\"kicker t30 tertiary color_mobile_tertiary\" style=\"\">Innenriks<\/p>\n<p>\n\u2013 Vi blir aldri \u00e5 akseptere tre fra Oslo, sier Pedersen til <a href=\"https:\/\/www.vg.no\/nyheter\/i\/n1g1MB\/hoeyre-politikere-kritiserer-ledelse-med-kun-oslo-politikere\" target=\"_blank\" rel=\"nofollow noopener\">VG.<\/a><\/p>\n<p>\u2013 Jeg kan love deg \u00e9n ting: Vi blir ikke sittende i ro og se p\u00e5 at H\u00f8yre velger tre personer fra \u00f8stlandsomr\u00e5det til H\u00f8yres ledelse. Glem det. Tre stykk som tr\u00f8r skot\u00f8yet sitt p\u00e5 Karl Johan? Ikke aktuelt, sier han.<\/p>\n<p>Han garanterer at det i et s\u00e5nt tilfelle vil bli kamp p\u00e5 landsm\u00f8tet i februar, hvor partiet skal velge Erna Solbergs erstatter og to nestledere.<\/p>\n<p>        <a itemprop=\"url\" class=\"\" href=\"https:\/\/www.dagsavisen.no\/nyheter\/medier-asheim-og-svenneby-innstilles-trolig-som-nye-nestledere-i-hoyre\/10094657\" data-k5a-url=\"https:\/\/www.dagsavisen.no\/a\/10094657\" rel=\"nofollow noopener\" target=\"_blank\"><\/p>\n<p>            Medier: Asheim og Svenneby innstilles trolig som nye nestledere i H\u00f8yre<\/p>\n<p>        <\/a><\/p>\n<p>VG og flere andre medier har skrevet at Henrik Asheim ligger an til \u00e5 fortsette som nestleder, mens Unge H\u00f8yre-leder Ola Svenneby trolig blir nestleder.<\/p>\n<p>\u2013 Telefonene g\u00e5r varmt i H\u00f8yre n\u00e5, det kan jeg fortelle deg. Folk er ikke forn\u00f8yde. Jeg synes det er sv\u00e6rt uheldig at de tror det kan komme en ledelse best\u00e5ende kun av folk i Oslo, sier B\u00f8-ordf\u00f8reren videre.<\/p>\n<p>\u2013 Blir for smalt<\/p>\n<p>Bergen-politiker Eivind N\u00e6vdal-Bolstad (H) synes det er synd at Peter Christian Fr\u00f8lich har utelukket at han blir en del av den nye ledertrioen.<\/p>\n<p>        <a itemprop=\"url\" class=\"\" href=\"https:\/\/www.dagsavisen.no\/nyheter\/frolich-sier-nei-til-nestlederverv-i-hoyre\/10097199\" data-k5a-url=\"https:\/\/www.dagsavisen.no\/a\/10097199\" rel=\"nofollow noopener\" target=\"_blank\"><\/p>\n<p>            Fr\u00f8lich sier nei til nestlederverv i H\u00f8yre<\/p>\n<p>        <\/a><\/p>\n<p>\u2013 Bergen og Vestlandet har v\u00e6rt veldig tydelige p\u00e5 at han burde v\u00e6re en del av ledertrioen. Det mener jeg fremdeles. En ledertrio med mennesker basert innenfor ring 1 kan jeg aldri tro st\u00e5r seg p\u00e5 landsm\u00f8tet, sier han.<\/p>\n<p>Leder Harald Furre i Agder H\u00f8yre, og tidligere Kristiansand-ordf\u00f8rer mener det er viktig med geografisk spredning, noe som gir varierte innspill i en ledertrio.<\/p>\n<p>\u2013 Jeg synes det blir for smalt. Vi har nok gode folk \u00e5 velge mellom, s\u00e5 burde v\u00e6re null problem \u00e5 f\u00e5 til en bedre sammensetning, enn kun folk fra Oslogryten, sier han til VG.<\/p>\n<p>        <a itemprop=\"url\" class=\"\" href=\"https:\/\/www.dagsavisen.no\/nyheter\/dette-er-hoyres-nye-leder\/10043417\" data-k5a-url=\"https:\/\/www.dagsavisen.no\/a\/10043417\" rel=\"nofollow noopener\" target=\"_blank\"><\/p>\n<p>            Dette er H\u00f8yres nye leder<\/p>\n<p>        <\/a><\/p>\n<p>Peker p\u00e5 Svenneby<\/p>\n<p>\nL\u00f8rdag kveld ga Peter Fr\u00f8lich beskjed til valgkomiteen om at han ikke lenger er kandidat til ledertrioen i partiet, if\u00f8lge <a href=\"https:\/\/www.tv2.no\/nyheter\/innenriks\/frolich-sier-nei-til-a-bli-nestleder-i-hoyre\/18359576\/\" target=\"_blank\" rel=\"nofollow noopener\">TV 2.<\/a> Det skjer til tross for at Fr\u00f8lich l\u00e5 an til \u00e5 bli innstilt som ny nestleder sammen med n\u00e5v\u00e6rende nestleder Henrik Asheim.<\/p>\n<p>Overfor TV 2 uttalte Fr\u00f8lich at han mener Ola Svenneby burde velges inn i den nye ledertrioen.<\/p>\n<p>\u2013 At mitt valg ogs\u00e5 gir rom for et s\u00e5 ekstraordin\u00e6rt politisk talent som Ola Svenneby som nestleder, er personlig viktig for meg, sier Fr\u00f8lich.<\/p>\n<p>Til nestledervervene er det hovedsakelig fem navn som har g\u00e5tt igjen: Henrik Asheim, Erlend Svardal B\u00f8e, Peter Fr\u00f8lich, Sandra Bruflot og Ola Svenneby.<\/p>\n<p>        <a itemprop=\"url\" class=\"\" href=\"https:\/\/www.dagsavisen.no\/nyheter\/erna-solberg-om-etterfolgeren-et-veldig-varmt-menneske\/10047414\" data-k5a-url=\"https:\/\/www.dagsavisen.no\/a\/10047414\" rel=\"nofollow noopener\" target=\"_blank\"><\/p>\n<p>            Erna Solberg om etterf\u00f8lgeren: \u2013 Et veldig varmt menneske<\/p>\n<p>        <\/a><\/p>\n<p>Det endelige valget skjer p\u00e5 H\u00f8yres ekstraordin\u00e6re landsm\u00f8te i februar, hvor Erna Solberg formelt g\u00e5r av etter \u00e5 ha ledet partiet siden 2004. Ine Eriksen S\u00f8reide er eneste kandidat til partileder og tar etter alle solemerker over ledelsen av partiet.<\/p>\n<p>                <img decoding=\"async\" src=\"https:\/\/www.europesays.com\/no\/wp-content\/uploads\/2025\/12\/10097262.webp\" width=\"480\" height=\"274\" title=\"Henrik Asheim, Tina Bru, Peter Christian Fr\u00f8lich, Ine Eriksen S\u00f8reide og Sandra Bruflot p\u00e5 pressekonferanse da det i h\u00f8st ble kjent at Erna Solberg g\u00e5r av som partileder.\" alt=\"\" loading=\"lazy\" style=\"\"\/><\/p>\n<p>\n            Henrik Asheim, Tina Bru, Peter Christian Fr\u00f8lich, Ine Eriksen S\u00f8reide og Sandra Bruflot p\u00e5 pressekonferanse da det i h\u00f8st ble kjent at Erna Solberg g\u00e5r av som partileder.<br \/>\n            Gorm Kallestad \/ NTB\n        <\/p>\n<p>                <img decoding=\"async\" src=\"https:\/\/www.europesays.com\/no\/wp-content\/uploads\/2025\/12\/10097263.webp\" width=\"480\" height=\"274\" title=\"Unge H\u00f8yres leder Ola Svenneby ligger an til \u00e5 bli ny nestleder, if\u00f8lge en rekke medier.\" alt=\"\" loading=\"lazy\" style=\"\"\/><\/p>\n<p>\n            Unge H\u00f8yres leder Ola Svenneby ligger an til \u00e5 bli ny nestleder, if\u00f8lge en rekke medier.<br \/>\n            Thomas Andersen \/ NTB\n        <\/p>\n","protected":false},"excerpt":{"rendered":"B\u00f8-ordf\u00f8rer Sture Pedersen er sterkt kritisk til ledertrio fra Oslo og \u00f8stlandsomr\u00e5det. Han og flere H\u00f8yre-politikere tar til&hellip;\n","protected":false},"author":2,"featured_media":107407,"comment_status":"","ping_status":"","sticky":false,"template":"","format":"standard","meta":{"footnotes":""},"categories":[5],"tags":[20,21,24,25,15,19,22,23,17,18,13,30,28,29,14,16,26,27],"class_list":{"0":"post-107406","1":"post","2":"type-post","3":"status-publish","4":"format-standard","5":"has-post-thumbnail","7":"category-overskrifter","8":"tag-breaking-news","9":"tag-breakingnews","10":"tag-featured-news","11":"tag-featurednews","12":"tag-headlines","13":"tag-hovedoppslag","14":"tag-latest-news","15":"tag-latestnews","16":"tag-main-news","17":"tag-mainnews","18":"tag-news","19":"tag-no","20":"tag-norge","21":"tag-norway","22":"tag-nyheter","23":"tag-overskrifter","24":"tag-top-stories","25":"tag-topstories"},"share_on_mastodon":{"url":"https:\/\/pubeurope.com\/@no\/115683793661563731","error":""},"_links":{"self":[{"href":"https:\/\/www.europesays.com\/no\/wp-json\/wp\/v2\/posts\/107406","targetHints":{"allow":["GET"]}}],"collection":[{"href":"https:\/\/www.europesays.com\/no\/wp-json\/wp\/v2\/posts"}],"about":[{"href":"https:\/\/www.europesays.com\/no\/wp-json\/wp\/v2\/types\/post"}],"author":[{"embeddable":true,"href":"https:\/\/www.europesays.com\/no\/wp-json\/wp\/v2\/users\/2"}],"replies":[{"embeddable":true,"href":"https:\/\/www.europesays.com\/no\/wp-json\/wp\/v2\/comments?post=107406"}],"version-history":[{"count":0,"href":"https:\/\/www.europesays.com\/no\/wp-json\/wp\/v2\/posts\/107406\/revisions"}],"wp:featuredmedia":[{"embeddable":true,"href":"https:\/\/www.europesays.com\/no\/wp-json\/wp\/v2\/media\/107407"}],"wp:attachment":[{"href":"https:\/\/www.europesays.com\/no\/wp-json\/wp\/v2\/media?parent=107406"}],"wp:term":[{"taxonomy":"category","embeddable":true,"href":"https:\/\/www.europesays.com\/no\/wp-json\/wp\/v2\/categories?post=107406"},{"taxonomy":"post_tag","embeddable":true,"href":"https:\/\/www.europesays.com\/no\/wp-json\/wp\/v2\/tags?post=107406"}],"curies":[{"name":"wp","href":"https:\/\/api.w.org\/{rel}","templated":true}]}}