{"id":107412,"date":"2025-12-08T11:54:07","date_gmt":"2025-12-08T11:54:07","guid":{"rendered":"https:\/\/www.europesays.com\/no\/107412\/"},"modified":"2025-12-08T11:54:07","modified_gmt":"2025-12-08T11:54:07","slug":"nyheter-helse-eksperter-frykter-arets-influensasesong-pagangen-oker-hos-ahus-romerikes-blad","status":"publish","type":"post","link":"https:\/\/www.europesays.com\/no\/107412\/","title":{"rendered":"Nyheter, Helse | Eksperter frykter \u00e5rets influensasesong \u2013 p\u00e5gangen \u00f8ker hos Ahus &#8211; Romerikes Blad"},"content":{"rendered":"<ol>\n<li><a href=\"https:\/\/news.google.com\/rss\/articles\/CBMimwFBVV95cUxQTU5QMVpkYWgxenZoQkJ5WHZ6X2IyR19WZUJMSjFuWnFaZlVfVWFpelNUWVp2NURnQm1mMTRQRlJGcmpjazVYd3lGNmw0WGxyOXlCUXBoOVRETjBqbmcxSjVMdlRKN1R3c2ZDVUtObVVHTXZicEVrYjZVSlJjTDcxUWZuNEtWMlNCZ0xnRndQemRUQzNzYnpSSFJSWQ?oc=5\" target=\"_blank\" rel=\"nofollow noopener\">Nyheter, Helse | Eksperter frykter \u00e5rets influensasesong \u2013 p\u00e5gangen \u00f8ker hos Ahus<\/a>&nbsp;&nbsp;Romerikes Blad<\/li>\n<li><a href=\"https:\/\/news.google.com\/rss\/articles\/CBMilwFBVV95cUxOV2QtWVl1Njk3aGNVMG90eDF0MTlnOU50MjN2TmFSSU45am5oM1VkbVMtdGIyZ0tQWFJTQTNDWmsyUlRUUl9CYV81YzlSRmQ0WlAtb1ZOUFN1UzFwN2lfd0hwdlQ5RGpOS0tGVHIycUYwZEJjcUN2N2M2WWtxRjJnTWliMkFOR29ualhPSVhtb1haaDlmSVk0?oc=5\" target=\"_blank\" rel=\"nofollow noopener\">Kommer med klart r\u00e5d om smitten<\/a>&nbsp;&nbsp;TV2.no<\/li>\n<li><a href=\"https:\/\/news.google.com\/rss\/articles\/CBMijAFBVV95cUxPTnJLRU9HSDItcklqNVFhT3lRMG5ScXdQRldlcFFJaU0yZUpIRk5tb0htOU5LSUM0ZjNvMkpvRHJ2NjIxSmFJaE1LRUJfcnpEUHBZYkh0WEFrYmZ0U2ZXY1NNQkt0dDBqc292QndZTnJVb1RCR05ySjMtbmlmYVd6OVZDVlNDNFRVT2ZrZQ?oc=5\" target=\"_blank\" rel=\"nofollow noopener\">Flere innlagt p\u00e5 sykehus: \u2013 Vi merker trykket allerede<\/a>&nbsp;&nbsp;Drammens Tidende<\/li>\n<li><a href=\"https:\/\/news.google.com\/rss\/articles\/CBMiwwFBVV95cUxNTTU5ZlhCQURjekFWaUQxaEdleVRHQm5MUENaWmdIVjdHUmlGY09RYkc1YzkzaXplSVBnanB1ejBRQWVUMlRvXy03SkpkODF4cFlzeHZHYWRYMllDcjB5WHNkdDJ2RGZEeGpmbEEtemNOVUtmdTZhdTg5d3FJX2ZHSmRPRmlfY1l2QkxUTWhMX0lmM2lNSzZhVnR5dGhNcjZqYTdSazNmTkhubG5Ta0h0S3VyNmxINlFQRXlEYnp2WlVXUDA?oc=5\" target=\"_blank\" rel=\"nofollow noopener\">Influensa\u00adutbruddet \u00f8ker sv\u00e6rt raskt: Det kan bli mange innleggelser i julen, advarer FHI<\/a>&nbsp;&nbsp;NRK<\/li>\n<li><a href=\"https:\/\/news.google.com\/rss\/articles\/CBMilgFBVV95cUxQWGdGVndsNnQyLXk2MzZQYlpycEFSWVhLdTVXYU1lYk1aVFFtbTRfVGNGMXpnQ0p4ajB6Mk1IZEs4dzJGa29KQ1BONGhhdUVSeEFOVF9ua3VOODFvbkw5dGVrV2EtTGRyRUdpWWxITUJBMmlfem9KVlVZRjZiN3BSVThvUlBYeG00WjVCQThPQnRZeFFpbXc?oc=5\" target=\"_blank\" rel=\"nofollow noopener\">Smittemareritt p\u00e5 B\u00e6rum sykehus: \u2013 Utbruddet er i gang<\/a>&nbsp;&nbsp;Budstikka<\/li>\n<\/ol>\n","protected":false},"excerpt":{"rendered":"Nyheter, Helse | Eksperter frykter \u00e5rets influensasesong \u2013 p\u00e5gangen \u00f8ker hos Ahus&nbsp;&nbsp;Romerikes Blad Kommer med klart r\u00e5d om&hellip;\n","protected":false},"author":2,"featured_media":107413,"comment_status":"","ping_status":"","sticky":false,"template":"","format":"standard","meta":{"footnotes":""},"categories":[5],"tags":[20,21,24,25,15,19,22,23,17,18,13,30,28,29,14,16,26,27],"class_list":{"0":"post-107412","1":"post","2":"type-post","3":"status-publish","4":"format-standard","5":"has-post-thumbnail","7":"category-overskrifter","8":"tag-breaking-news","9":"tag-breakingnews","10":"tag-featured-news","11":"tag-featurednews","12":"tag-headlines","13":"tag-hovedoppslag","14":"tag-latest-news","15":"tag-latestnews","16":"tag-main-news","17":"tag-mainnews","18":"tag-news","19":"tag-no","20":"tag-norge","21":"tag-norway","22":"tag-nyheter","23":"tag-overskrifter","24":"tag-top-stories","25":"tag-topstories"},"share_on_mastodon":{"url":"https:\/\/pubeurope.com\/@no\/115683817095673387","error":""},"_links":{"self":[{"href":"https:\/\/www.europesays.com\/no\/wp-json\/wp\/v2\/posts\/107412","targetHints":{"allow":["GET"]}}],"collection":[{"href":"https:\/\/www.europesays.com\/no\/wp-json\/wp\/v2\/posts"}],"about":[{"href":"https:\/\/www.europesays.com\/no\/wp-json\/wp\/v2\/types\/post"}],"author":[{"embeddable":true,"href":"https:\/\/www.europesays.com\/no\/wp-json\/wp\/v2\/users\/2"}],"replies":[{"embeddable":true,"href":"https:\/\/www.europesays.com\/no\/wp-json\/wp\/v2\/comments?post=107412"}],"version-history":[{"count":0,"href":"https:\/\/www.europesays.com\/no\/wp-json\/wp\/v2\/posts\/107412\/revisions"}],"wp:featuredmedia":[{"embeddable":true,"href":"https:\/\/www.europesays.com\/no\/wp-json\/wp\/v2\/media\/107413"}],"wp:attachment":[{"href":"https:\/\/www.europesays.com\/no\/wp-json\/wp\/v2\/media?parent=107412"}],"wp:term":[{"taxonomy":"category","embeddable":true,"href":"https:\/\/www.europesays.com\/no\/wp-json\/wp\/v2\/categories?post=107412"},{"taxonomy":"post_tag","embeddable":true,"href":"https:\/\/www.europesays.com\/no\/wp-json\/wp\/v2\/tags?post=107412"}],"curies":[{"name":"wp","href":"https:\/\/api.w.org\/{rel}","templated":true}]}}