{"id":107414,"date":"2025-12-08T11:59:58","date_gmt":"2025-12-08T11:59:58","guid":{"rendered":"https:\/\/www.europesays.com\/no\/107414\/"},"modified":"2025-12-08T11:59:58","modified_gmt":"2025-12-08T11:59:58","slug":"danmark-overtar-nato-oppdrag-etter-norge","status":"publish","type":"post","link":"https:\/\/www.europesays.com\/no\/107414\/","title":{"rendered":"Danmark overtar Nato-oppdrag etter Norge"},"content":{"rendered":"<p class=\"kicker t15 font-weight-bold m-font-weight-bold color_mobile_no_bg_color quaternary color_mobile_quaternary font-Trim text-case-transform-upper mobile-hasTextPadding\" style=\"\">nato<\/p>\n<p>    Fra nytt\u00e5r mister Norge den operative ledelsen av alliansens spesialstyrke-operasjoner i Nord-Europa til Danmark.<\/p>\n<p>\n        OVERTAR: Danmark overtar operativ ledelse av Natos spesialstyrke-operasjoner i Nord-Europa. Avbildet er Danmarks forsvarssjef Michael Wiggers Hyldgaard.<br \/>\n        Foto: Anders V. Fridberg, det danske forsvaret.\n    <\/p>\n<p>N\u00e5r 2026 ringes inn, skal Norge ikke lenger lede Natos spesialstyrke-operasjoner i Nord-Europa. Danmark overtar ledelsen.\u00a0<\/p>\n<p>\u2013 Sammen med Danmark har vi blitt enige om en samarbeids\u00adl\u00f8sning hvor det regionale spesialstyrke\u00adhovedkvarteret flyttes fra Norge til Danmark samtidig som Norge beholder et s\u00e6rlig ansvar for nordomr\u00e5dene, skriver statssekret\u00e6r Andreas Fl\u00e5m (Ap) i Forsvarsdepartementet i en epost til\u00a0<a href=\"https:\/\/www.vg.no\/nyheter\/i\/WvLblr\/nato-kommando-flyttes-fra-norge-til-danmark\" target=\"_blank\" style=\"font-size: 1.25rem;\" rel=\"nofollow noopener\">VG<\/a>.<\/p>\n<p>Fredag <a href=\"https:\/\/www.forsvaretsforum.no\/finland-nato-norden\/na-er-norden-under-samme-nato-kommando\/471322\" target=\"_blank\" rel=\"nofollow noopener\">feiret forsvarssjefene<\/a> i Norge, Sverige, Danmark og Finland at Norden n\u00e5 er samlet under \u00e9n felles Nato-kommando, nemlig JFC Norfolk i USA.<\/p>\n<p>Som del av omstruktureringen skal spesialstyrke-operasjonene ledes fra den danske byen Aalborg.<\/p>\n<p>Dermed mister ogs\u00e5 Norge en plass i toppledelsen hos sjefen for det nye regionale hovedkvarteret i Norfolk.<\/p>\n<p>I den nye fordelingen av Natos kommando-ansvar, har Norge f\u00e5tt ansvaret for \u00e5 <a href=\"https:\/\/www.forsvaretsforum.no\/bodo-bodo-hovedflystasjon-forsvaret\/nato-senteret-i-bodo-har-apnet-utelukker-ikke-a-vrake-reitan\/461454\" target=\"_blank\" rel=\"nofollow noopener\">bygge opp en kommando for luftoperasjoner<\/a>, med Nato-navnet Combined Air Operations Center (CAOC). Den er n\u00e5 under etablering i Bod\u00f8.<\/p>\n<p>Den svenske regjeringen har p\u00e5 sin side <a href=\"https:\/\/www.forsvaretsforum.no\/forsvarsminister-forsvarsmakten-logistikk\/vil-ha-nato-base-i-sverige\/452526\" target=\"_blank\" rel=\"nofollow noopener\">gitt gr\u00f8nt lys til \u00e5 opprette en logistikkbase for Nato i Enk\u00f6ping<\/a>, som etter planen kan v\u00e6re operativt i slutten av 2027. Finland skal if\u00f8lge planen opprette en regional kommando for landoperasjoner.\u00a0<\/p>\n","protected":false},"excerpt":{"rendered":"nato Fra nytt\u00e5r mister Norge den operative ledelsen av alliansens spesialstyrke-operasjoner i Nord-Europa til Danmark. OVERTAR: Danmark overtar&hellip;\n","protected":false},"author":2,"featured_media":107415,"comment_status":"","ping_status":"","sticky":false,"template":"","format":"standard","meta":{"footnotes":""},"categories":[12],"tags":[20,21,24,25,15,22,23,13,30,28,29,14,16,26,27,42,43,44,45],"class_list":{"0":"post-107414","1":"post","2":"type-post","3":"status-publish","4":"format-standard","5":"has-post-thumbnail","7":"category-verden","8":"tag-breaking-news","9":"tag-breakingnews","10":"tag-featured-news","11":"tag-featurednews","12":"tag-headlines","13":"tag-latest-news","14":"tag-latestnews","15":"tag-news","16":"tag-no","17":"tag-norge","18":"tag-norway","19":"tag-nyheter","20":"tag-overskrifter","21":"tag-top-stories","22":"tag-topstories","23":"tag-verden","24":"tag-world","25":"tag-world-news","26":"tag-worldnews"},"share_on_mastodon":{"url":"https:\/\/pubeurope.com\/@no\/115683840828475388","error":""},"_links":{"self":[{"href":"https:\/\/www.europesays.com\/no\/wp-json\/wp\/v2\/posts\/107414","targetHints":{"allow":["GET"]}}],"collection":[{"href":"https:\/\/www.europesays.com\/no\/wp-json\/wp\/v2\/posts"}],"about":[{"href":"https:\/\/www.europesays.com\/no\/wp-json\/wp\/v2\/types\/post"}],"author":[{"embeddable":true,"href":"https:\/\/www.europesays.com\/no\/wp-json\/wp\/v2\/users\/2"}],"replies":[{"embeddable":true,"href":"https:\/\/www.europesays.com\/no\/wp-json\/wp\/v2\/comments?post=107414"}],"version-history":[{"count":0,"href":"https:\/\/www.europesays.com\/no\/wp-json\/wp\/v2\/posts\/107414\/revisions"}],"wp:featuredmedia":[{"embeddable":true,"href":"https:\/\/www.europesays.com\/no\/wp-json\/wp\/v2\/media\/107415"}],"wp:attachment":[{"href":"https:\/\/www.europesays.com\/no\/wp-json\/wp\/v2\/media?parent=107414"}],"wp:term":[{"taxonomy":"category","embeddable":true,"href":"https:\/\/www.europesays.com\/no\/wp-json\/wp\/v2\/categories?post=107414"},{"taxonomy":"post_tag","embeddable":true,"href":"https:\/\/www.europesays.com\/no\/wp-json\/wp\/v2\/tags?post=107414"}],"curies":[{"name":"wp","href":"https:\/\/api.w.org\/{rel}","templated":true}]}}