{"id":107418,"date":"2025-12-08T12:02:10","date_gmt":"2025-12-08T12:02:10","guid":{"rendered":"https:\/\/www.europesays.com\/no\/107418\/"},"modified":"2025-12-08T12:02:10","modified_gmt":"2025-12-08T12:02:10","slug":"jo-nesbo-karer-else-kass-furuseth-til-arets-alreite-dame","status":"publish","type":"post","link":"https:\/\/www.europesays.com\/no\/107418\/","title":{"rendered":"Jo Nesb\u00f8 k\u00e5rer Else K\u00e5ss Furuseth til \u00c5rets \u00e5lreite dame"},"content":{"rendered":"\n<p class=\"_lead_o9xde_2 _lead_xtcu6_50 layout-component text-serif-m layout-normal text-serif-l layout-component layout-wide layout-padded _wide_17hqh_1 layout-padded\">Jo Nesb\u00f8 og Harry Hole-stiftelsen gir i \u00e5r \u00e9n million kroner til Else K\u00e5ss Furuseth \u2013 som gir pengene videre til Mental Helse Ungdom. <\/p>\n<p><img alt=\"Else K\u00e5ss Furuseth ble k\u00e5ret til \u00c5rets \u00e5lreite dame av Jo Nesb\u00f8.  Foto: Mattis Sandblad \/ VG\" class=\"_image_qp4xg_65 layout-component layout-wide\" data-fullscreen- data-track-element-type=\"Article image fullscreen\" data-track-name=\"ImageFullscreen\" fetchpriority=\"high\" decoding=\"sync\" loading=\"eager\" height=\"2656\" itemprop=\"image\"  src=\"https:\/\/www.europesays.com\/no\/wp-content\/uploads\/2025\/12\/57ace81a-59fe-490c-8e66-5b490d01559a\"  style=\"object-position:0% 0%\" width=\"3984\"\/>Else K\u00e5ss Furuseth ble k\u00e5ret til \u00c5rets \u00e5lreite dame av Jo Nesb\u00f8.  Foto: Mattis Sandblad \/ VG<\/p>\n<ul aria-hidden=\"true\" class=\"_images_ntbth_112\">\n<li><a class=\"_link_ntbth_117\" href=\"https:\/\/www.vg.no\/forfatter\/camilla-norli\" style=\"z-index:2\" title=\"Camilla Norli\" rel=\"nofollow noopener\" target=\"_blank\"><img alt=\"Bilde av Camilla Norli\" class=\"_image_ntbth_93\" fetchpriority=\"low\" loading=\"lazy\" decoding=\"async\" itemprop=\"image\"  src=\"https:\/\/www.europesays.com\/no\/wp-content\/uploads\/2025\/12\/722f4960-2325-48e8-ba97-62396728c076\"  width=\"480\"\/><\/a><\/li>\n<li><a class=\"_link_ntbth_117\" href=\"https:\/\/www.vg.no\/forfatter\/mattis-sandblad-foto\" style=\"z-index:1\" title=\"Mattis Sandblad (foto)\" rel=\"nofollow noopener\" target=\"_blank\"><img alt=\"Bilde av Mattis Sandblad (foto)\" class=\"_image_ntbth_93\" fetchpriority=\"low\" loading=\"lazy\" decoding=\"async\" itemprop=\"image\"  src=\"https:\/\/www.europesays.com\/no\/wp-content\/uploads\/2025\/12\/7455a515-0db1-4245-b708-b7bde86f8dc1\"  width=\"480\"\/><\/a><\/li>\n<\/ul>\n<p> Oppdatert mandag 8. desember kl. 12:23     <\/p>\n<p class=\"_paragraph_o9xde_4 _paragraph_xtcu6_10 layout-component text-serif-m layout-normal text-serif-m layout-padded\">Hvert \u00e5r k\u00e5rer <a href=\"https:\/\/www.vg.no\/tag\/jo-nesboe?utm_source=vg-article&amp;utm_medium=auto-tagger&amp;utm_campaign=gkPvBa\" class=\"_link_o9xde_39\" rel=\"nofollow noopener\" target=\"_blank\">Jo Nesb\u00f8<\/a> og Harry Hole-stiftelsen en \u00ab\u00e5lreit\u00bb fyr eller dame som f\u00e5r anledning til \u00e5 v\u00e6re enda mer \u00ab\u00e5lreit\u00bb: Nemlig \u00e5 gi penger videre til et godt form\u00e5l.<\/p>\n<p class=\"_paragraph_o9xde_4 _paragraph_xtcu6_10 layout-component text-serif-m layout-normal text-serif-m layout-padded\"><strong class=\"_strong_o9xde_25\">\u2013 En stor \u00e6re, jeg er utrolig takknemlig, sier Else K\u00e5ss Furuseth til VG om \u00e5 bli tildelt prisen. <\/strong><\/p>\n<p class=\"_paragraph_o9xde_4 _paragraph_xtcu6_10 layout-component text-serif-m layout-normal text-serif-m layout-padded\">Hun f\u00e5r prisen for \u00e5 ha v\u00e6rt en tydelig stemme for bedre mental helse i Norge gjennom en \u00e5rrekke, heter det i Harry Hole-stiftelsens begrunnelse.<\/p>\n<p class=\"_paragraph_o9xde_4 _paragraph_xtcu6_10 layout-component text-serif-m layout-normal text-serif-m layout-padded\">\u2013 B\u00e5de karakteren Harry Hole og Jo Nesb\u00f8 er to ikoniske menn som hele Norge har et forhold til, jeg er s\u00e5 klart stor fan, sier Else og legger til:<\/p>\n<p class=\"_paragraph_o9xde_4 _paragraph_xtcu6_10 layout-component text-serif-m layout-normal text-serif-m layout-padded\"><strong class=\"_strong_o9xde_25\">\u2013 Akkurat som Harry er jeg litt emosjonelt kl\u00f8nete til tider, og kanskje muligens litt selvdestruktiv, men der han er briljant etterforsker, er jeg bare en dame i 40-\u00e5ra som \u00abgj\u00f8r s\u00e5 godt hun kan\u00bb.<\/strong><\/p>\n<p><img alt=\"Foto: Mattis Sandblad \/ VG\" class=\"_image_qp4xg_65 layout-component layout-normal\" data-fullscreen- data-track-element-type=\"Article image fullscreen\" data-track-name=\"ImageFullscreen\" decoding=\"async\" loading=\"lazy\" height=\"2656\" itemprop=\"image\"  src=\"https:\/\/www.europesays.com\/no\/wp-content\/uploads\/2025\/12\/0394bb34-9aea-47f1-9c6d-5e5a0f60f7f6\"  style=\"object-position:0% 0%\" width=\"3984\"\/>Foto: Mattis Sandblad \/ VG<\/p>\n<p class=\"_paragraph_o9xde_4 _paragraph_xtcu6_10 layout-component text-serif-m layout-normal text-serif-m layout-padded\">Men Else innr\u00f8mmer at hun ikke skj\u00f8nte helt hvorfor Jo Nesb\u00f8 drev og ringte henne for noen dager siden.<\/p>\n<p class=\"_paragraph_o9xde_4 _paragraph_xtcu6_10 layout-component text-serif-m layout-normal text-serif-m layout-padded\">\u2013 Det var intens, hissig ringing. Og jeg som jo flere ganger har pr\u00f8vd \u00e5 f\u00e5 tak i Nesb\u00f8 til forskjellige TV-program, lurte veldig p\u00e5 hva Jo Nesb\u00f8 ville meg. Jeg er glad for at det ikke var et eller annet reality-konsept, men denne prisen, sa Else i talen sin. <\/p>\n<p class=\"_paragraph_o9xde_4 _paragraph_xtcu6_10 layout-component text-serif-m layout-normal text-serif-m layout-padded\">Tradisjonen tro ble prisen delt ut p\u00e5 Harry Holes stamsted, Restaurant Schr\u00f8der, der Jo Nesb\u00f8 serverte karbonadesm\u00f8rbr\u00f8d og leste den samme talen han har holdt \u00e5r etter \u00e5r:<\/p>\n<p class=\"_paragraph_o9xde_4 _paragraph_xtcu6_10 layout-component text-serif-m layout-normal text-serif-m layout-padded\">\u2013 \u00c5rets \u00e5lreite trenger ikke \u00e5 ha v\u00e6rt \u00e5lreit hele livet, eller hele tiden, men ha en formtopp i innev\u00e6rende \u00e5r. Dette er jo litt i tr\u00e5d med Harry Hole selv, sa Nesb\u00f8 f\u00f8r han utnevnte komiker Else K\u00e5ss Furuseth til \u00c5rets \u00e5lreite dame. <\/p>\n<p class=\"_paragraph_o9xde_4 _paragraph_xtcu6_10 layout-component text-serif-m layout-normal text-serif-m layout-padded\">I 2025 etablerte Else K\u00e5ss Furuseth Ensomhetspartiet, der m\u00e5let var \u00e5 redusere utenforskap og ensomhet i Norge. Partiet ble oppl\u00f8st i h\u00f8st, men Harry Hole-stiftelsen mener initiativet skapte betydelig oppmerksomhet rundt et problem som fortsatt \u00f8ker: Antall selvmord steg fra 655 til 727 i 2024. <\/p>\n<p class=\"_paragraph_o9xde_4 _paragraph_xtcu6_10 layout-component text-serif-m layout-normal text-serif-m layout-padded\">Else K\u00e5ss Furuseth har valgt \u00e5 gi prispengene p\u00e5 1 million kroner videre til Mental Helse Ungdom \u2013 som i over 20 \u00e5r har jobbet for unge i psykisk helse-krise. Midlene skal g\u00e5 til en nasjonal skoleturn\u00e9 om mental helse. <\/p>\n<p class=\"_paragraph_o9xde_4 _paragraph_xtcu6_10 layout-component text-serif-m layout-normal text-serif-m layout-padded\"><strong class=\"_strong_o9xde_25\">\u2013 Fatter&#8217;n, Lillebolla og jeg har et helt spesielt forhold til Mental Helse Ungdom.<\/strong><\/p>\n<p><img alt=\"Else hadde med seg flere familiemedlemmer p\u00e5 Restaurant Schr\u00f8der mandag formiddag.   Foto: Mattis Sandblad \/ VG\" class=\"_image_qp4xg_65 layout-component layout-normal\" data-fullscreen- data-track-element-type=\"Article image fullscreen\" data-track-name=\"ImageFullscreen\" decoding=\"async\" loading=\"lazy\" height=\"2656\" itemprop=\"image\"  src=\"https:\/\/www.europesays.com\/no\/wp-content\/uploads\/2025\/12\/961cf443-eda6-4a9a-97de-765fe8c1ee42\"  style=\"object-position:0% 0%\" width=\"3984\"\/>Else hadde med seg flere familiemedlemmer p\u00e5 Restaurant Schr\u00f8der mandag formiddag.   Foto: Mattis Sandblad \/ VG<\/p>\n<p class=\"_paragraph_o9xde_4 _paragraph_xtcu6_10 layout-component text-serif-m layout-normal text-serif-m layout-padded\">\u2013 De gj\u00f8r enormt viktig arbeid med lite midler. Det fellesskapet de har laget betyr enormt mye for mange, og de bidrar med viktige lavterskeltilbud som vi ikke kan v\u00e6re foruten, sier Else og forteller at organisasjonen blant annet har opprettet noe som heter \u00abLivs\u00e5rsaksregisteret\u00bb.<\/p>\n<p class=\"_paragraph_o9xde_4 _paragraph_xtcu6_10 layout-component text-serif-m layout-normal text-serif-m layout-padded\"><strong class=\"_strong_o9xde_25\">\u2013 Der man kan dele hva som gj\u00f8r at man velger livet. Det gir viktige erfaringer og grunner for \u00e5 leve, sier Else K\u00e5ss Furuseth \u2013 som roser Nesb\u00f8 for initiativet.<\/strong><\/p>\n<p class=\"_paragraph_o9xde_4 _paragraph_xtcu6_10 layout-component text-serif-m layout-normal text-serif-m layout-padded\">\u2013 Jo Nesb\u00f8 er en nasjonalskatt, en av de st\u00f8rste forfatterne vi har, men alltid jordn\u00e6r og veldig lite j\u00e5lete \u2013 og han er ogs\u00e5 veldig god til \u00e5 hjelpe andre.<\/p>\n<p> 15 millioner til jenters utdanning<\/p>\n<p class=\"_paragraph_o9xde_4 _paragraph_xtcu6_10 layout-component text-serif-m layout-normal text-serif-m layout-padded\">Nesb\u00f8 og Harry Hole-stiftelsen fortsetter ogs\u00e5 samarbeidet med Global Partnership for Education (GPE) \u2013 og har som m\u00e5l \u00e5 bidra til bedre utdanning for barn og ungdom, s\u00e6rlig i utviklingsland. Stiftelsen bidrar her med 300.000 amerikanske dollar hvert \u00e5r i fem \u00e5r \u2013 noe som til sammen blir rundt 15 millioner kroner.<\/p>\n<p class=\"_paragraph_o9xde_4 _paragraph_xtcu6_10 layout-component text-serif-m layout-normal text-serif-m layout-padded\">Jo Nesb\u00f8 er i tillegg en ambassad\u00f8r for GPEs program med s\u00e6rlig fokus p\u00e5 jenters utdanning og utvikling i rundt 30 land.<\/p>\n<p class=\"_paragraph_o9xde_4 _paragraph_xtcu6_10 layout-component text-serif-m layout-normal text-serif-m layout-padded\">Harry Hole-stiftelsen ble etablert i 2008, og stiftelsens kapital utgj\u00f8r i dag rundt 251 millioner kroner.<\/p>\n<p class=\"_paragraph_o9xde_4 _paragraph_xtcu6_10 layout-component text-serif-m layout-normal text-serif-m layout-padded\"><strong class=\"_strong_o9xde_25\">Alle inntekter fra f\u00f8lgende Nesb\u00f8-b\u00f8ker g\u00e5r n\u00e5 i sin helhet til Harry Hole-stiftelsen:<\/strong><\/p>\n<ul class=\"_list_o9xde_3 _list_xtcu6_9 _unordered_o9xde_106 layout-component text-serif-m layout-normal text-serif-m layout-padded\">\n<li class=\"_item_o9xde_30\">\u00abHodejegerne\u00bb<\/li>\n<li class=\"_item_o9xde_30\">\u00abBlod p\u00e5 sn\u00f8\u00bb<\/li>\n<li class=\"_item_o9xde_30\">\u00abMere blod\u00bb<\/li>\n<li class=\"_item_o9xde_30\">\u00abKongeriket\u00bb<\/li>\n<li class=\"_item_o9xde_30\">\u00abSjalusimannen og andre fortellinger\u00bb<\/li>\n<li class=\"_item_o9xde_30\">\u00abRotte\u00f8ya og andre fortellinger\u00bb<\/li>\n<li class=\"_item_o9xde_30\">\u00abKongen av Os\u00bb<\/li>\n<li class=\"_item_o9xde_30\">\u00abNatthuset\u00bb<\/li>\n<li class=\"_item_o9xde_30\">\u00abMinnesota\u00bb<\/li>\n<\/ul>\n","protected":false},"excerpt":{"rendered":"Jo Nesb\u00f8 og Harry Hole-stiftelsen gir i \u00e5r \u00e9n million kroner til Else K\u00e5ss Furuseth \u2013 som gir&hellip;\n","protected":false},"author":2,"featured_media":107419,"comment_status":"","ping_status":"","sticky":false,"template":"","format":"standard","meta":{"footnotes":""},"categories":[5],"tags":[150,20,21,1912,24,25,9238,15,19,3315,22,23,17,18,13,30,28,29,14,16,26,27],"class_list":{"0":"post-107418","1":"post","2":"type-post","3":"status-publish","4":"format-standard","5":"has-post-thumbnail","7":"category-overskrifter","8":"tag-bok","9":"tag-breaking-news","10":"tag-breakingnews","11":"tag-else-kass-furuseth","12":"tag-featured-news","13":"tag-featurednews","14":"tag-harry-hole","15":"tag-headlines","16":"tag-hovedoppslag","17":"tag-jo-nesbo","18":"tag-latest-news","19":"tag-latestnews","20":"tag-main-news","21":"tag-mainnews","22":"tag-news","23":"tag-no","24":"tag-norge","25":"tag-norway","26":"tag-nyheter","27":"tag-overskrifter","28":"tag-top-stories","29":"tag-topstories"},"share_on_mastodon":{"url":"https:\/\/pubeurope.com\/@no\/115683848953156806","error":""},"_links":{"self":[{"href":"https:\/\/www.europesays.com\/no\/wp-json\/wp\/v2\/posts\/107418","targetHints":{"allow":["GET"]}}],"collection":[{"href":"https:\/\/www.europesays.com\/no\/wp-json\/wp\/v2\/posts"}],"about":[{"href":"https:\/\/www.europesays.com\/no\/wp-json\/wp\/v2\/types\/post"}],"author":[{"embeddable":true,"href":"https:\/\/www.europesays.com\/no\/wp-json\/wp\/v2\/users\/2"}],"replies":[{"embeddable":true,"href":"https:\/\/www.europesays.com\/no\/wp-json\/wp\/v2\/comments?post=107418"}],"version-history":[{"count":0,"href":"https:\/\/www.europesays.com\/no\/wp-json\/wp\/v2\/posts\/107418\/revisions"}],"wp:featuredmedia":[{"embeddable":true,"href":"https:\/\/www.europesays.com\/no\/wp-json\/wp\/v2\/media\/107419"}],"wp:attachment":[{"href":"https:\/\/www.europesays.com\/no\/wp-json\/wp\/v2\/media?parent=107418"}],"wp:term":[{"taxonomy":"category","embeddable":true,"href":"https:\/\/www.europesays.com\/no\/wp-json\/wp\/v2\/categories?post=107418"},{"taxonomy":"post_tag","embeddable":true,"href":"https:\/\/www.europesays.com\/no\/wp-json\/wp\/v2\/tags?post=107418"}],"curies":[{"name":"wp","href":"https:\/\/api.w.org\/{rel}","templated":true}]}}