{"id":10742,"date":"2025-08-17T18:53:10","date_gmt":"2025-08-17T18:53:10","guid":{"rendered":"https:\/\/www.europesays.com\/no\/10742\/"},"modified":"2025-08-17T18:53:10","modified_gmt":"2025-08-17T18:53:10","slug":"vi-ma-torre-a-si-at-det-blir-ikke-en-borgerlig-regjering-som-fungerer-uten-at-hoyre-blir-sterkere","status":"publish","type":"post","link":"https:\/\/www.europesays.com\/no\/10742\/","title":{"rendered":"\u2013 Vi m\u00e5 t\u00f8rre \u00e5 si at det blir ikke en borgerlig regjering som fungerer uten at H\u00f8yre blir sterkere"},"content":{"rendered":"\n<ul class=\"_list_1bvmi_3 _list_1flq1_85 _unordered_1bvmi_99 text-sans-m\">\n<li class=\"_item_1bvmi_30\">H\u00f8yre har slitt p\u00e5 m\u00e5lingene, ogs\u00e5 i bastionen Akershus der de tradisjonelt har st\u00e5tt veldig sterkt &#8211; selv om de f\u00e5r h\u00f8yere tall der  enn andre steder. <\/li>\n<li class=\"_item_1bvmi_30\">Valgforsker Bernt Aardal sier et svakt resultat her ville v\u00e6re et  prestisjenederlag. <\/li>\n<li class=\"_item_1bvmi_30\">Erna Solberg kaller H\u00f8yre \u00ablimet p\u00e5 borgerlig side\u00bb, og sier det ikke blir en borgerlig regjering som fungerer uten et sterkere h\u00f8yre. <\/li>\n<\/ul>\n<p>Vis mer <\/p>\n<p class=\"_paragraph_1bvmi_4 _paragraph_xtcu6_10 layout-component text-serif-m layout-normal text-serif-m layout-padded\">Mellom store hager og h\u00f8ye hekker p\u00e5 Bekkestua i B\u00e6rum, har H\u00f8yre-leder Erna Solberg m\u00f8tt opp for \u00e5 motivere til valgkamp. <\/p>\n<p class=\"_paragraph_1bvmi_4 _paragraph_xtcu6_10 layout-component text-serif-m layout-normal text-serif-m layout-padded\">Hun roser H\u00f8yre-medlemmene som skal ut og sanke stemmer for sterk innsats \u2013 og sier det kan v\u00e6re surt \u00e5 ikke se bedre resultater p\u00e5 m\u00e5lingene n\u00e5r man har jobbet s\u00e5 mye. <\/p>\n<p class=\"_paragraph_1bvmi_4 _paragraph_xtcu6_10 layout-component text-serif-m layout-normal text-serif-m layout-padded\"><strong class=\"_strong_1bvmi_25\">\u2013 Vi m\u00e5 t\u00f8rre \u00e5 si at det ikke blir en borgerlig regjering som fungerer uten at H\u00f8yre blir sterkere. Det tror jeg er viktig n\u00e5r vi banker p\u00e5 d\u00f8rer n\u00e5. Vi er limet p\u00e5 borgerlig side \u2013 og uten det limet, s\u00e5 klarer du ikke \u00e5 f\u00e5 det til, sier hun til dem.<\/strong><\/p>\n<p><img alt=\"Erna Solberg p\u00e5 d\u00f8rbank med Sindre og Kasper i Unge H\u00f8yre.   Foto: Martha C. S. D\u00edaz \/ VG\" class=\"_image_qp4xg_65 layout-component layout-normal\" data-fullscreen- data-track-element-type=\"Article image fullscreen\" data-track-name=\"ImageFullscreen\" decoding=\"async\" loading=\"lazy\" height=\"5464\" itemprop=\"image\"  src=\"https:\/\/www.europesays.com\/no\/wp-content\/uploads\/2025\/08\/878b2bd4-3a42-4036-9b13-e4570c2cd74c\"  style=\"object-position:0% 0%\" width=\"8192\"\/>Erna Solberg p\u00e5 d\u00f8rbank med Sindre og Kasper i Unge H\u00f8yre.   Foto: Martha C. S. D\u00edaz \/ VG\u2013 Vil v\u00e6re et prestisjenederlag<\/p>\n<p class=\"_paragraph_1bvmi_4 _paragraph_xtcu6_10 layout-component text-serif-m layout-normal text-serif-m layout-padded\">Akershus er en ordentlig H\u00f8yre-bastion. Stemmene kommer s\u00e6rlig fra Asker og B\u00e6rum.<\/p>\n<p class=\"_paragraph_1bvmi_4 _paragraph_xtcu6_10 layout-component text-serif-m layout-normal text-serif-m layout-padded\">Men p\u00e5 den siste rene Akershus-m\u00e5lingen utf\u00f8rt av Norstat for <a href=\"https:\/\/www.nrk.no\/stor-oslo\/ny-politisk-maling-i-akershus_-arbeiderpartiet-gar-forbi-hoyre-i-norges-storste-fylke-1.17426270\" class=\"_link_1bvmi_39\" rel=\"nofollow noopener\" target=\"_blank\">NRK<\/a> i slutten av mai, danket Ap ut H\u00f8yre p\u00e5 hjemmebanen. Frp skj\u00f8t ogs\u00e5 i v\u00e6ret, som mange andre steder i landet, selv om de ikke overgikk H\u00f8yre her. <\/p>\n<p class=\"_paragraph_1bvmi_4 _paragraph_xtcu6_10 layout-component text-serif-m layout-normal text-serif-m layout-padded\">Valgforsker Bernt Aardal sier H\u00f8yres tidligere suksess \u2013 som da de l\u00e5 over 30 prosent p\u00e5 m\u00e5linger \u2013 kjennetegnes av at de har klart \u00e5 hente velgere fra andre fylker og i distriktene, utover kjerneomr\u00e5det. N\u00e5r det har g\u00e5tt d\u00e5rligere, har disse falt fra, forklarer han.<\/p>\n<p><img alt=\"H\u00f8yre-leder Erna Solberg banker p\u00e5 d\u00f8rer i B\u00e6rum.  Foto: Martha C. S. D\u00edaz \/ VG\" class=\"_image_qp4xg_65 layout-component layout-normal\" data-fullscreen- data-track-element-type=\"Article image fullscreen\" data-track-name=\"ImageFullscreen\" decoding=\"async\" loading=\"lazy\" height=\"5464\" itemprop=\"image\"  src=\"https:\/\/www.europesays.com\/no\/wp-content\/uploads\/2025\/08\/a0feb0c4-d261-42d3-a6fe-467f026948e0\"  style=\"object-position:0% 0%\" width=\"8192\"\/>H\u00f8yre-leder Erna Solberg banker p\u00e5 d\u00f8rer i B\u00e6rum.  Foto: Martha C. S. D\u00edaz \/ VG<\/p>\n<p class=\"_paragraph_1bvmi_4 _paragraph_xtcu6_10 layout-component text-serif-m layout-normal text-serif-m layout-padded\">\u2013 Mens p\u00e5 det sentrale \u00d8stlandet har de klart \u00e5 holde stillingen, selv n\u00e5r det g\u00e5r d\u00e5rlig. <\/p>\n<p class=\"_paragraph_1bvmi_4 _paragraph_xtcu6_10 layout-component text-serif-m layout-normal text-serif-m layout-padded\">\u00c5 gj\u00f8re det d\u00e5rlig her, vil dermed v\u00e6re et stort nederlag for Erna Solbergs H\u00f8yre. <\/p>\n<p class=\"_paragraph_1bvmi_4 _paragraph_xtcu6_10 layout-component text-serif-m layout-normal text-serif-m layout-padded\">\u2013 I og med at dette har v\u00e6rt et av H\u00f8yres sterkeste omr\u00e5der \u2013 ikke bare av og til, men gjennomg\u00e5ende \u2013 s\u00e5 vil det nok v\u00e6re et tegn i tiden, og for s\u00e5 vidt et prestisjenederlag hvis det skulle glippe her ogs\u00e5.<\/p>\n<p>P\u00e5 velgerjakt<\/p>\n<p class=\"_paragraph_1bvmi_4 _paragraph_xtcu6_10 layout-component text-serif-m layout-normal text-serif-m layout-padded\">F\u00f8r valgkampm\u00f8tet i B\u00e6rum, delte Erna Solberg ut H\u00f8yre-brosjyrer ved Asker Stasjon. <\/p>\n<p class=\"_paragraph_1bvmi_4 _paragraph_xtcu6_10 layout-component text-serif-m layout-normal text-serif-m layout-padded\">Hun innr\u00f8mmer at det kan v\u00e6re her man f\u00e5r svaret p\u00e5 om H\u00f8yre har en oppslutningskrise: <\/p>\n<p class=\"_paragraph_1bvmi_4 _paragraph_xtcu6_10 layout-component text-serif-m layout-normal text-serif-m layout-padded\">\u2013 Vi gjorde et veldig bra kommunevalg her og ikke s\u00e5 bra alle andre steder, s\u00e5 litt svar kan det v\u00e6re. Men jeg tenker at utfordringen vi har n\u00e5 er litt jevnt alle steder i landet.<\/p>\n<p class=\"_paragraph_1bvmi_4 _paragraph_xtcu6_10 layout-component text-serif-m layout-normal text-serif-m layout-padded\">\u2013 Men det er kanskje her du virkelig kan m\u00e5les p\u00e5 hvordan det har g\u00e5tt?<\/p>\n<p class=\"_paragraph_1bvmi_4 _paragraph_xtcu6_10 layout-component text-serif-m layout-normal text-serif-m layout-padded\">\u2013 Jeg tror vi skal m\u00e5le det alle steder i landet. Jeg mener at for eksempel at Vestlandet er kjempeviktig, vi gj\u00f8r det ikke bra nok der heller.<\/p>\n<p class=\"_paragraph_1bvmi_4 _paragraph_xtcu6_10 layout-component text-serif-m layout-normal text-serif-m layout-padded\">I Asker m\u00f8tte ogs\u00e5 H\u00f8yre-lederen tilfeldig p\u00e5 Venstre-nestleder Abid Raja som var ute i samme \u00e6rend. <\/p>\n<p><img alt=\"Erna Solberg overraskes av Abid Raja.   Foto: Martha C. S. D\u00edaz \/ VG\" class=\"_image_qp4xg_65 layout-component layout-normal\" data-fullscreen- data-track-element-type=\"Article image fullscreen\" data-track-name=\"ImageFullscreen\" decoding=\"async\" loading=\"lazy\" height=\"5464\" itemprop=\"image\"  src=\"https:\/\/www.europesays.com\/no\/wp-content\/uploads\/2025\/08\/f039b514-3f9a-4642-88eb-9232c16c18da\"  style=\"object-position:0% 0%\" width=\"8192\"\/>Erna Solberg overraskes av Abid Raja.   Foto: Martha C. S. D\u00edaz \/ VG<\/p>\n<p class=\"_paragraph_1bvmi_4 _paragraph_xtcu6_10 layout-component text-serif-m layout-normal text-serif-m layout-padded\">\u2013 Dere har jo ikke noen taktiske stemmer \u00e5 gi bort n\u00e5 \u2013 n\u00e5 har vi v\u00e5re egne velgere! sp\u00f8kte han, med henvisning til valgkampen i 2017, da flere H\u00f8yre-velgere taktisk stemte p\u00e5 Venstre for \u00e5 f\u00e5 dem over sperregrensen, <a href=\"https:\/\/www.aftenposten.no\/norge\/politikk\/i\/OvXMw\/abid-raja-takker-og-roser-taktiske-hoeyre-velgere\" class=\"_link_1bvmi_39\" rel=\"nofollow noopener\" target=\"_blank\">og sikret ham stortingsplass. <\/a><\/p>\n<p class=\"_paragraph_1bvmi_4 _paragraph_xtcu6_10 layout-component text-serif-m layout-normal text-serif-m layout-padded\">\u2013 Men vi har bare \u00e9n statsministerkandidat da, la Raja raskt til. <\/p>\n<p class=\"_paragraph_1bvmi_4 _paragraph_xtcu6_10 layout-component text-serif-m layout-normal text-serif-m layout-padded\">Han viste til at Venstre har pekt p\u00e5 Solberg som sin statsministerkandidat, mens KrF <a href=\"https:\/\/www.vg.no\/nyheter\/i\/73reRo\/krf-gir-borgerlig-garanti-aapner-for-listhaug-som-statsminister\" data-track-element-type=\"Link\" data-track-id=\"link:73reRo\" class=\"_link_1bvmi_39\" rel=\"nofollow noopener\" target=\"_blank\">ogs\u00e5 har \u00e5pnet<\/a> for Sylvi Listhaug (Frp).<\/p>\n<p> Ekstra viktig<\/p>\n<p class=\"_paragraph_1bvmi_4 _paragraph_xtcu6_10 layout-component text-serif-m layout-normal text-serif-m layout-padded\">De siste fire \u00e5rene har H\u00f8yre hatt seks representanter p\u00e5 Stortinget fra Akershus. N\u00e5 st\u00e5r de i fare for \u00e5 miste plassen til H\u00e5rek Elvenes, H\u00f8yres forsvarspolitiske talsperson. <\/p>\n<p class=\"_paragraph_1bvmi_4 _paragraph_xtcu6_10 layout-component text-serif-m layout-normal text-serif-m layout-padded\">\u2013 Det er jeg vant med, jeg har hatt et utsatt mandat f\u00f8r. Det gir blod p\u00e5 tann, sier han. <\/p>\n<p><img alt=\"H\u00e5rek Elvenes sammen med Erna Solberg p\u00e5 valgkampm\u00f8te.  Foto: Martha C. S. D\u00edaz \/ VG\" class=\"_image_qp4xg_65 layout-component layout-normal\" data-fullscreen- data-track-element-type=\"Article image fullscreen\" data-track-name=\"ImageFullscreen\" decoding=\"async\" loading=\"lazy\" height=\"5464\" itemprop=\"image\"  src=\"https:\/\/www.europesays.com\/no\/wp-content\/uploads\/2025\/08\/7642a307-29a8-40ee-8f44-5e43f436f0b7\"  style=\"object-position:0% 0%\" width=\"8192\"\/>H\u00e5rek Elvenes sammen med Erna Solberg p\u00e5 valgkampm\u00f8te.  Foto: Martha C. S. D\u00edaz \/ VG<\/p>\n<p class=\"_paragraph_1bvmi_4 _paragraph_xtcu6_10 layout-component text-serif-m layout-normal text-serif-m layout-padded\">If\u00f8lge H\u00f8yre i Akershus, st\u00e5r den tetteste kampen om siste mandat der mellom H\u00f8yre og MDG. <\/p>\n<p class=\"_paragraph_1bvmi_4 _paragraph_xtcu6_10 layout-component text-serif-m layout-normal text-serif-m layout-padded\">P\u00e5 grunn av befolkningsvekst har Akershus f\u00e5tt et ekstra stortingsmandat i \u00e5r \u2013 det betyr at de har like mange stortingsplasser som Oslo som til n\u00e5 har hatt flest med 20, og blir et ekstra viktig fylke. <\/p>\n<p>\u2013 Ikke s\u00e5 mye st\u00f8rrelsen som teller<\/p>\n<p class=\"_paragraph_1bvmi_4 _paragraph_xtcu6_10 layout-component text-serif-m layout-normal text-serif-m layout-padded\">P\u00e5 de nasjonale meningsm\u00e5lingene har Frp og Sylvi Listhaug skutt fra H\u00f8yre. VGs siste meningsm\u00e5ling var H\u00f8yres <a href=\"https:\/\/www.vg.no\/nyheter\/i\/rPQ5e8\/vgs-partimaaling-hoeyre-faar-daarligste-tall-paa-16-aar\" data-track-element-type=\"Link\" data-track-id=\"link:rPQ5e8\" class=\"_link_1bvmi_39\" rel=\"nofollow noopener\" target=\"_blank\">d\u00e5rligste p\u00e5 16 \u00e5r<\/a>. <\/p>\n<p class=\"_paragraph_1bvmi_4 _paragraph_xtcu6_10 layout-component text-serif-m layout-normal text-serif-m layout-padded\">Blir det et borgerlig flertall som ligner p\u00e5 m\u00e5lingene, er styrkeforholdet mellom H\u00f8yre og Frp motsatt fra da de sist gikk i regjering sammen. <\/p>\n<p class=\"_paragraph_1bvmi_4 _paragraph_xtcu6_10 layout-component text-serif-m layout-normal text-serif-m layout-padded\">\u2013 Hvordan skal du takle det? <\/p>\n<p class=\"_paragraph_1bvmi_4 _paragraph_xtcu6_10 layout-component text-serif-m layout-normal text-serif-m layout-padded\">\u2013 Vi skal jo forhandle politikk, og politikk dreier seg om at alle partier skal f\u00f8le p\u00e5 at de f\u00e5r gjennomslag for de viktigste sakene sine, sier Erna Solberg. <\/p>\n<ul class=\"_gallery_1qa3s_23\" tabindex=\"0\">\n<li class=\"_item_1qa3s_37\" data-index=\"0\"><img decoding=\"async\" class=\"_image_foru8_23 _articleGallery_foru8_39\" data-fullscreen- width=\"7735\" height=\"5159\" itemprop=\"image\" loading=\"lazy\"  src=\"https:\/\/www.europesays.com\/no\/wp-content\/uploads\/2025\/08\/72040f08-fee0-4a32-a124-4e3c96d3367c\"  style=\"object-position:50% 50%;aspect-ratio:var(--gallery-aspect-ratio, 16 \/ 9)\"\/>Erna Solberg og B\u00e6rum-ordf\u00f8rer Lisbeth Hammer Krog spiser pizza. Foto: Martha C. S. D\u00edaz \/ VG<\/li>\n<li class=\"_item_1qa3s_37\" data-index=\"1\"><img decoding=\"async\" class=\"_image_foru8_23 _articleGallery_foru8_39\" data-fullscreen- width=\"7115\" height=\"4745\" itemprop=\"image\" loading=\"lazy\"  src=\"https:\/\/www.europesays.com\/no\/wp-content\/uploads\/2025\/08\/7d519866-2476-49a0-bcf2-46cc9fcbcb5f\"  style=\"object-position:50% 50%;aspect-ratio:var(--gallery-aspect-ratio, 16 \/ 9)\"\/>Erna Solberg holder appell p\u00e5 H\u00f8yres valgkampm\u00f8te i B\u00e6rum.  Foto: Martha C. S. D\u00edaz \/ VG<\/li>\n<\/ul>\n<p>Erna Solberg og B\u00e6rum-ordf\u00f8rer Lisbeth Hammer Krog spiser pizza. Foto: Martha C. S. D\u00edaz \/ VG<\/p>\n<p class=\"_paragraph_1bvmi_4 _paragraph_xtcu6_10 layout-component text-serif-m layout-normal text-serif-m layout-padded\">Hun sier hun var veldig opptatt av at alle partier m\u00e5tte f\u00f8le at det gikk i riktig retning da hun var statsminister. <\/p>\n<p class=\"_paragraph_1bvmi_4 _paragraph_xtcu6_10 layout-component text-serif-m layout-normal text-serif-m layout-padded\">\u2013 Da blir det egentlig ikke s\u00e5 mye st\u00f8rrelsen som teller p\u00e5 gjennomslagene i politikken. <\/p>\n<p class=\"_paragraph_1bvmi_4 _paragraph_xtcu6_10 layout-component text-serif-m layout-normal text-serif-m layout-padded\">Men hun understreker at det fortsatt er tre og en halv uke igjen til valget, og at hun langt fra har gitt opp at H\u00f8yre vil bli mer jevnbyrdige med Frp. <\/p>\n<p class=\"_paragraph_1bvmi_4 _paragraph_xtcu6_10 layout-component text-serif-m layout-normal text-serif-m layout-padded\">\u2013 Og p\u00e5 de fleste m\u00e5lingene denne uken, unntatt <a href=\"https:\/\/www.nettavisen.no\/nyheter\/maling-arbeiderpartiet-gar-fram-blir-jevnt\/s\/5-95-2565153\" class=\"_link_1bvmi_39\" rel=\"nofollow noopener\" target=\"_blank\">Nettavisens<\/a>, har de tre andre partiene enn Frp i sum v\u00e6rt st\u00f8rre i antall mandater.<\/p>\n<p>\u2013 M\u00e5 levere<\/p>\n<p class=\"_paragraph_1bvmi_4 _paragraph_xtcu6_10 layout-component text-serif-m layout-normal text-serif-m layout-padded\">Likevel er Frp soleklart st\u00f8rst \u2013 de har ogs\u00e5 sagt at det st\u00f8rste partiet b\u00f8r f\u00e5 statsministeren, selv om Sylvi Listhaug ikke vil svare p\u00e5 om hun er statsministerkandidat. <\/p>\n<p class=\"_paragraph_1bvmi_4 _paragraph_xtcu6_10 layout-component text-serif-m layout-normal text-serif-m layout-padded\">\u2013 Er du sikker p\u00e5 at dere kommer til \u00e5 greie det hvis det blir borgerlig flertall? Eller kan det smuldre sammen?<\/p>\n<p class=\"_paragraph_1bvmi_4 _paragraph_xtcu6_10 layout-component text-serif-m layout-normal text-serif-m layout-padded\">\u2013 Jeg har h\u00f8rt alle borgerlige partier si at de er opptatt av at det skal bli en borgerlig regjering hvis det blir et borgerlig flertall. Da tenker jeg at det m\u00e5 vi klare \u00e5 levere p\u00e5. <\/p>\n<p><img alt=\"H\u00f8yre-leder Erna Solberg banker p\u00e5 d\u00f8rer i B\u00e6rum.  Foto: Martha C. S. D\u00edaz \/ VG\" class=\"_image_qp4xg_65 layout-component layout-normal\" data-fullscreen- data-track-element-type=\"Article image fullscreen\" data-track-name=\"ImageFullscreen\" decoding=\"async\" loading=\"lazy\" height=\"5464\" itemprop=\"image\"  src=\"https:\/\/www.europesays.com\/no\/wp-content\/uploads\/2025\/08\/15678567-1299-4bba-9d30-448eba03d5af\"  style=\"object-position:0% 0%\" width=\"8192\"\/>H\u00f8yre-leder Erna Solberg banker p\u00e5 d\u00f8rer i B\u00e6rum.  Foto: Martha C. S. D\u00edaz \/ VG<\/p>\n<p class=\"_paragraph_1bvmi_4 _paragraph_xtcu6_10 layout-component text-serif-m layout-normal text-serif-m layout-padded\">Hvis noen blir skremt fra \u00e5 stemme H\u00f8yre p\u00e5 grunn av et s\u00e5 sterkt Frp, advarer hun tilbake om at Ap kan bli avhengige av MDG og R\u00f8dt. <\/p>\n<p class=\"_paragraph_1bvmi_4 _paragraph_xtcu6_10 layout-component text-serif-m layout-normal text-serif-m layout-padded\">\u2013 De er ganske mye mindre enn Frp er p\u00e5 m\u00e5lingene?<\/p>\n<p class=\"_paragraph_1bvmi_4 _paragraph_xtcu6_10 layout-component text-serif-m layout-normal text-serif-m layout-padded\">\u2013 Jo da, men vi har aldri v\u00e6rt i en situasjon hvor Ap har v\u00e6rt avhengige av MDG og R\u00f8dt for budsjetter f\u00f8r. <\/p>\n","protected":false},"excerpt":{"rendered":"H\u00f8yre har slitt p\u00e5 m\u00e5lingene, ogs\u00e5 i bastionen Akershus der de tradisjonelt har st\u00e5tt veldig sterkt &#8211; selv&hellip;\n","protected":false},"author":2,"featured_media":10743,"comment_status":"","ping_status":"","sticky":false,"template":"","format":"standard","meta":{"footnotes":""},"categories":[10],"tags":[2221,20,21,327,24,25,15,22,23,13,30,28,281,29,14,16,199,26,27,205],"class_list":{"0":"post-10742","1":"post","2":"type-post","3":"status-publish","4":"format-standard","5":"has-post-thumbnail","7":"category-norge","8":"tag-abid-raja","9":"tag-breaking-news","10":"tag-breakingnews","11":"tag-erna-solberg","12":"tag-featured-news","13":"tag-featurednews","14":"tag-headlines","15":"tag-latest-news","16":"tag-latestnews","17":"tag-news","18":"tag-no","19":"tag-norge","20":"tag-norsk-politikk","21":"tag-norway","22":"tag-nyheter","23":"tag-overskrifter","24":"tag-stortingsvalg","25":"tag-top-stories","26":"tag-topstories","27":"tag-vgsamfunn"},"share_on_mastodon":{"url":"","error":""},"_links":{"self":[{"href":"https:\/\/www.europesays.com\/no\/wp-json\/wp\/v2\/posts\/10742","targetHints":{"allow":["GET"]}}],"collection":[{"href":"https:\/\/www.europesays.com\/no\/wp-json\/wp\/v2\/posts"}],"about":[{"href":"https:\/\/www.europesays.com\/no\/wp-json\/wp\/v2\/types\/post"}],"author":[{"embeddable":true,"href":"https:\/\/www.europesays.com\/no\/wp-json\/wp\/v2\/users\/2"}],"replies":[{"embeddable":true,"href":"https:\/\/www.europesays.com\/no\/wp-json\/wp\/v2\/comments?post=10742"}],"version-history":[{"count":0,"href":"https:\/\/www.europesays.com\/no\/wp-json\/wp\/v2\/posts\/10742\/revisions"}],"wp:featuredmedia":[{"embeddable":true,"href":"https:\/\/www.europesays.com\/no\/wp-json\/wp\/v2\/media\/10743"}],"wp:attachment":[{"href":"https:\/\/www.europesays.com\/no\/wp-json\/wp\/v2\/media?parent=10742"}],"wp:term":[{"taxonomy":"category","embeddable":true,"href":"https:\/\/www.europesays.com\/no\/wp-json\/wp\/v2\/categories?post=10742"},{"taxonomy":"post_tag","embeddable":true,"href":"https:\/\/www.europesays.com\/no\/wp-json\/wp\/v2\/tags?post=10742"}],"curies":[{"name":"wp","href":"https:\/\/api.w.org\/{rel}","templated":true}]}}