{"id":107434,"date":"2025-12-08T12:21:11","date_gmt":"2025-12-08T12:21:11","guid":{"rendered":"https:\/\/www.europesays.com\/no\/107434\/"},"modified":"2025-12-08T12:21:11","modified_gmt":"2025-12-08T12:21:11","slug":"jul-alene-for-a-na-toppen","status":"publish","type":"post","link":"https:\/\/www.europesays.com\/no\/107434\/","title":{"rendered":"Jul alene for \u00e5 n\u00e5 toppen"},"content":{"rendered":"<p class=\"kicker \" style=\"\">Tiril Eckhoff:<\/p>\n<p>  For \u00abSkal vi danse\u00bb-profilen er det ikke alltid tid til julefeiring hjemme med familien.\u00a0<\/p>\n<p>\n    PRIORITERINGER: Dersom man \u00f8nsker \u00e5 bli best i sporten, blir det ikke alltid tid til julefering med familien. Det har Tiril Eckhoff f\u00e5tt kjenne p\u00e5. Foto: Terje Bendiksby \/ NTB\n  <\/p>\n<p>F\u00f8rstkommende l\u00f8rdag er det allerede duket for semifinale i \u00abSkal vi danse\u00bb. Tale Torjussen (20), Viggo Venn (36), Danby Choi (32) og Tiril Eckhoff (35) skal alle kjempe om en plass i finalen.\u00a0<\/p>\n<p class=\"font-weight-bold m-font-weight-bold\" data-lab-font_weight=\"font-weight-bold\">De som sikrer seg plassen m\u00e5 forvente hard trening opp mot jul, men for tidligere skiskytter Tiril Eckhoff er ikke det noe nytt.\u00a0<\/p>\n<p>        TATT P\u00c5 FERSKEN: Hva befinner seg under Skal vi danse-dommernes bord? Jan Thomas har svaret. Reporter: Nora Skavhaug \/ Foto: Danny Son To \/ R\u00f8d L\u00f8per<\/p>\n<p>At julen g\u00e5r til trening er ikke uvanlig for en toppidrettsut\u00f8ver, spesielt innen vintersport. Tiril har m\u00e5tte ofre mye for karrieren &#8211; og julefeiring med familien har v\u00e6rt en av de.\u00a0<\/p>\n<p>        <img loading=\"lazy\" decoding=\"async\" src=\"https:\/\/www.europesays.com\/no\/wp-content\/uploads\/2025\/12\/83951052.webp\" width=\"686\" height=\"769\" title=\"FEIRET ALENE: For Tiril er det ikke fremmed \u00e5 feire jul alene. Foto: Jesper Malthus-Andersen \/ TV 2\" alt=\"\" class=\"\" style=\"--aspect-ratio-image: 0.89; \"\/><\/p>\n<p>\n        FEIRET ALENE: For Tiril er det ikke fremmed \u00e5 feire jul alene. Foto: Jesper Malthus-Andersen \/ TV 2\n    <\/p>\n<p>&#8211; Det er litt s\u00e5nne ting man gj\u00f8r som toppidrettsut\u00f8ver, og for meg er det ganske normalt. Kanskje er du i Alpene og m\u00e5 feire jul alene, eller med en lagkamerat. S\u00e5 da er det bare \u00e5 finne frem et stakkarslig juletre, spise noe godt til middag, f\u00f8r man begynner \u00e5 trene igjen f\u00f8rste juledag, forteller Tiril til <a href=\"https:\/\/www.tv2.no\/underholdning\/tiril-eckhoff-om-ensom-jul-man-tenker-er-det-verdt-det\/18350534\/\" rel=\"nofollow noopener\" target=\"_blank\">TV 2<\/a>.<\/p>\n<p>        \u00abSKAL VI DANSE\u00bb: Danseprogrammet har f\u00e5tt kritikk fra streetdance-milj\u00f8et. Video: \u00abSkal vi danse\u00bb\/TV 2, R\u00f8d L\u00f8per\/Nora Skavhaug<\/p>\n<p>\u00abSkal vi danse\u00bb-profilen forteller at det er slike ting man prioriterer for \u00e5 gj\u00f8re det best i idretten, men innr\u00f8mmer at det ikke bare er g\u00f8y:\u00a0<\/p>\n<p class=\"font-weight-bold m-font-weight-bold\" data-lab-font_weight=\"font-weight-bold\">&#8211; Du kjenner jo litt p\u00e5 det, og tenker: \u00abEr det verdt det?\u00bb. Men akkurat n\u00e5 er jeg veldig takknemlig for at jeg kan feire ordentlig jul, f\u00e5 v\u00e6re med alle selv om de er forkj\u00f8let, og slippe \u00e5 v\u00e6re en s\u00e5nn s\u00e6r person.\u00a0<\/p>\n<p>    <a itemprop=\"url\" href=\"https:\/\/www.seher.no\/kjendis\/dette-skal-han-gjore-na\/83952389\" rel=\"nofollow noopener\" target=\"_blank\"><\/p>\n<p>        <img loading=\"lazy\" decoding=\"async\" src=\"https:\/\/www.europesays.com\/no\/wp-content\/uploads\/2025\/12\/83952332.webp\" width=\"147\" height=\"98\" title=\"Dette skal han gj\u00f8re n\u00e5\" alt=\"\" class=\"lazyload\" style=\"--aspect-ratio-image: 1.50; \"\/><\/p>\n<p>        Dette skal han gj\u00f8re n\u00e5<\/p>\n<p>    <\/a><\/p>\n<p>Tiril har m\u00e5ttet feire jul alene fem-seks ganger i l\u00f8pet av sin karriere.\u00a0<\/p>\n<p>&#8211; Det blir jo selvf\u00f8lgelig noen julegaver og slikt. Men igjen, det er s\u00e5nne ting du m\u00e5 ofre for \u00e5 gj\u00f8re det godt, sier hun til TV 2.\u00a0<\/p>\n","protected":false},"excerpt":{"rendered":"Tiril Eckhoff: For \u00abSkal vi danse\u00bb-profilen er det ikke alltid tid til julefeiring hjemme med familien.\u00a0 PRIORITERINGER: Dersom&hellip;\n","protected":false},"author":2,"featured_media":107435,"comment_status":"","ping_status":"","sticky":false,"template":"","format":"standard","meta":{"footnotes":""},"categories":[59],"tags":[2077,479,2543,30,28,29,2280,83,82,9875,2287,2290],"class_list":{"0":"post-107434","1":"post","2":"type-post","3":"status-publish","4":"format-standard","5":"has-post-thumbnail","7":"category-sport","8":"tag-danby-choi","9":"tag-kjendis","10":"tag-kjendisdesken","11":"tag-no","12":"tag-norge","13":"tag-norway","14":"tag-skal-vi-danse","15":"tag-sport","16":"tag-sports","17":"tag-tale-torjussen","18":"tag-tiril-eckhoff","19":"tag-viggo-venn"},"share_on_mastodon":{"url":"https:\/\/pubeurope.com\/@no\/115683923613420245","error":""},"_links":{"self":[{"href":"https:\/\/www.europesays.com\/no\/wp-json\/wp\/v2\/posts\/107434","targetHints":{"allow":["GET"]}}],"collection":[{"href":"https:\/\/www.europesays.com\/no\/wp-json\/wp\/v2\/posts"}],"about":[{"href":"https:\/\/www.europesays.com\/no\/wp-json\/wp\/v2\/types\/post"}],"author":[{"embeddable":true,"href":"https:\/\/www.europesays.com\/no\/wp-json\/wp\/v2\/users\/2"}],"replies":[{"embeddable":true,"href":"https:\/\/www.europesays.com\/no\/wp-json\/wp\/v2\/comments?post=107434"}],"version-history":[{"count":0,"href":"https:\/\/www.europesays.com\/no\/wp-json\/wp\/v2\/posts\/107434\/revisions"}],"wp:featuredmedia":[{"embeddable":true,"href":"https:\/\/www.europesays.com\/no\/wp-json\/wp\/v2\/media\/107435"}],"wp:attachment":[{"href":"https:\/\/www.europesays.com\/no\/wp-json\/wp\/v2\/media?parent=107434"}],"wp:term":[{"taxonomy":"category","embeddable":true,"href":"https:\/\/www.europesays.com\/no\/wp-json\/wp\/v2\/categories?post=107434"},{"taxonomy":"post_tag","embeddable":true,"href":"https:\/\/www.europesays.com\/no\/wp-json\/wp\/v2\/tags?post=107434"}],"curies":[{"name":"wp","href":"https:\/\/api.w.org\/{rel}","templated":true}]}}